{"id":1139,"date":"2016-12-28T17:02:20","date_gmt":"2016-12-28T17:02:20","guid":{"rendered":"http:\/\/razemdlabialoleki.waw.pl\/?p=1139"},"modified":"2024-01-14T15:11:03","modified_gmt":"2024-01-14T14:11:03","slug":"aloes-w-roli-glownej","status":"publish","type":"post","link":"https:\/\/razemdlabialoleki.waw.pl\/?p=1139","title":{"rendered":"Aloes w roli g\u0142\u00f3wnej"},"content":{"rendered":"<p style=\"text-align: justify;\"><span class=\"_4n-j _3cht fsl\">Pi\u0119kniej z nami, b\u0105d\u017a \u015bwiadoma kosmetyk\u00f3w.<br \/>\nZapraszamy na warsztaty do <a href=\"https:\/\/www.facebook.com\/lilysbistrowarszawa\/\" data-hovercard=\"\/ajax\/hovercard\/page.php?id=211103432576870&amp;extragetparams=%7B%22directed_target_id%22%3A343167262732129%7D\" data-hovercard-prefer-more-content-show=\"1\">Lily&#8217;s Bistro<\/a> \u2665 prowadzone przez specjalistk\u0119 <a href=\"https:\/\/www.facebook.com\/ForeverPolandHQ\/\" data-hovercard=\"\/ajax\/hovercard\/page.php?id=116699935073104&amp;extragetparams=%7B%22directed_target_id%22%3A343167262732129%7D\" data-hovercard-prefer-more-content-show=\"1\">Forever Living Products Poland<\/a> <a href=\"https:\/\/www.facebook.com\/beata.kedzierska.5\" data-hovercard=\"\/ajax\/hovercard\/user.php?id=100002692720505&amp;extragetparams=%7B%22directed_target_id%22%3A343167262732129%7D\" data-hovercard-prefer-more-content-show=\"1\">Beata K\u0119dzierska<\/a> \u2665 z elementami wyk\u0142adu o nast\u0119puj\u0105cej tematyce:<\/span><!--more--><\/p>\n<p>1. Aloesowy peeling sk\u00f3ry twarzy i d\u0142oni &#8211; Dlaczego wa\u017cne jest prawid\u0142owe, codzienne oczyszczanie sk\u00f3ry;<\/p>\n<p style=\"text-align: justify;\"><span class=\"_4n-j _3cht fsl\">2. Zabieg g\u0142\u0119bokiego nawil\u017cania i oczyszczania sk\u00f3ry kosmetykami aloesowymi; Dlaczego aloes od\u017cywia i nawil\u017ca g\u0142\u0119bokie partie sk\u00f3ry? Dlaczego warto u\u017cywa\u0107 pasty bez fluoru i dezodorantu bez soli aluminium?<\/span><\/p>\n<p style=\"text-align: justify;\"><span class=\"_4n-j _3cht fsl\">3.Poznanie dzia\u0142ania na nasz organizm aloesu i innych naturalnych produkt\u00f3w og\u00f3lnie znanych jak czosnek, propolis&#8230;.jako spos\u00f3b radzenia sobie z infekcjami oraz problemami zdrowotnymi. Co zrobi\u0107, aby nasz uk\u0142ad odporno\u015bciowy prawid\u0142owo funkcjonowa\u0142 i radzi\u0142 sobie z chorobami cywilizacyjnymi? Dlaczego oczyszczanie organizmu pomaga w skutecznym zmniejszeniu wagi?<\/span><\/p>\n<p style=\"text-align: justify;\">Rezerwujcie czas i spotkajcie si\u0119 z nami w <a href=\"https:\/\/www.facebook.com\/lilysbistrowarszawa\/\" data-hovercard=\"\/ajax\/hovercard\/page.php?id=211103432576870&amp;extragetparams=%7B%22directed_target_id%22%3A343167262732129%7D\" data-hovercard-prefer-more-content-show=\"1\">Lily&#8217;s Bistro. <\/a><\/p>\n<p>Zapraszamy <a href=\"https:\/\/www.facebook.com\/AnnaAgnieszkaDB\" data-hovercard=\"\/ajax\/hovercard\/user.php?id=1560474506&amp;extragetparams=%7B%22directed_target_id%22%3A343167262732129%7D\" data-hovercard-prefer-more-content-show=\"1\">Anna Dragan-Babraj<\/a> i <a href=\"https:\/\/www.facebook.com\/ewa.lewandowska.35728\" data-hovercard=\"\/ajax\/hovercard\/user.php?id=100000275449821&amp;extragetparams=%7B%22directed_target_id%22%3A343167262732129%7D\" data-hovercard-prefer-more-content-show=\"1\">Ewa Lewandowska<\/a> &#8211; koordynatorki<\/p>\n<p style=\"text-align: justify;\">Szczeg\u00f3\u0142y b\u0119d\u0105 zamieszczane na stronie <a href=\"https:\/\/www.facebook.com\/events\/343167262732129\/\" target=\"_blank\" rel=\"noopener\">wydarzenia.<\/a><\/p>\n<p>Przeczyta\u0107 o nas mo\u017cna r\u00f3wnie\u017c na portalu <a href=\"http:\/\/ibialoleka.pl\/artykul\/aloes-w-roli-glownej\/110814\" target=\"_blank\" rel=\"noopener\">ibialoleka.pl<\/a><\/p>\n","protected":false},"excerpt":{"rendered":"<p>Pi\u0119kniej z nami, b\u0105d\u017a \u015bwiadoma kosmetyk\u00f3w. Zapraszamy na warsztaty do Lily&#8217;s Bistro \u2665 prowadzone przez specjalistk\u0119 Forever Living Products Poland Beata K\u0119dzierska \u2665 z elementami wyk\u0142adu o nast\u0119puj\u0105cej tematyce:<\/p>\n","protected":false},"author":2,"featured_media":1140,"comment_status":"closed","ping_status":"closed","sticky":false,"template":"","format":"standard","meta":{"ngg_post_thumbnail":0,"footnotes":""},"categories":[14],"tags":[],"class_list":["post-1139","post","type-post","status-publish","format-standard","has-post-thumbnail","hentry","category-kobiety-razem-dla-bialoleki"],"_links":{"self":[{"href":"https:\/\/razemdlabialoleki.waw.pl\/index.php?rest_route=\/wp\/v2\/posts\/1139","targetHints":{"allow":["GET"]}}],"collection":[{"href":"https:\/\/razemdlabialoleki.waw.pl\/index.php?rest_route=\/wp\/v2\/posts"}],"about":[{"href":"https:\/\/razemdlabialoleki.waw.pl\/index.php?rest_route=\/wp\/v2\/types\/post"}],"author":[{"embeddable":true,"href":"https:\/\/razemdlabialoleki.waw.pl\/index.php?rest_route=\/wp\/v2\/users\/2"}],"replies":[{"embeddable":true,"href":"https:\/\/razemdlabialoleki.waw.pl\/index.php?rest_route=%2Fwp%2Fv2%2Fcomments&post=1139"}],"version-history":[{"count":11,"href":"https:\/\/razemdlabialoleki.waw.pl\/index.php?rest_route=\/wp\/v2\/posts\/1139\/revisions"}],"predecessor-version":[{"id":20558,"href":"https:\/\/razemdlabialoleki.waw.pl\/index.php?rest_route=\/wp\/v2\/posts\/1139\/revisions\/20558"}],"wp:featuredmedia":[{"embeddable":true,"href":"https:\/\/razemdlabialoleki.waw.pl\/index.php?rest_route=\/wp\/v2\/media\/1140"}],"wp:attachment":[{"href":"https:\/\/razemdlabialoleki.waw.pl\/index.php?rest_route=%2Fwp%2Fv2%2Fmedia&parent=1139"}],"wp:term":[{"taxonomy":"category","embeddable":true,"href":"https:\/\/razemdlabialoleki.waw.pl\/index.php?rest_route=%2Fwp%2Fv2%2Fcategories&post=1139"},{"taxonomy":"post_tag","embeddable":true,"href":"https:\/\/razemdlabialoleki.waw.pl\/index.php?rest_route=%2Fwp%2Fv2%2Ftags&post=1139"}],"curies":[{"name":"wp","href":"https:\/\/api.w.org\/{rel}","templated":true}]}}