{"id":1134,"date":"2016-12-27T17:50:30","date_gmt":"2016-12-27T17:50:30","guid":{"rendered":"http:\/\/razemdlabialoleki.waw.pl\/?p=1134"},"modified":"2024-01-14T15:11:15","modified_gmt":"2024-01-14T14:11:15","slug":"ul-sprawna-czy-bedzie-bezpieczniej","status":"publish","type":"post","link":"https:\/\/razemdlabialoleki.waw.pl\/?p=1134","title":{"rendered":"ul. Sprawna &#8211; czy b\u0119dzie bezpieczniej?"},"content":{"rendered":"<p style=\"text-align: justify;\">&#8220;Droga do filii szko\u0142y 154 przy ul. Sprawnej do najbezpieczniejszych nie nale\u017cy. Doskonale wiedz\u0105 o tym rodzice ucz\u0119szczaj\u0105cych tam dzieci, dlatego zwr\u00f3cili si\u0119 o pomoc do radnego Piotra Cieszkowskiego. <!--more-->Jest interpelacja. Teraz czekamy na jej realizacj\u0119 \u2013 zaproponowane zmiany nie budz\u0105 \u017cadnych w\u0105tpliwo\u015bci. Je\u015bli Dzielnica zajmie si\u0119 spraw\u0105, b\u0119dzie du\u017co bezpieczniej.&#8221;<\/p>\n<p style=\"text-align: justify;\">O szczeg\u00f3\u0142ach mo\u017cemy przeczyta\u0107 na portalu <a href=\"http:\/\/ibialoleka.pl\/artykul\/niebezpieczna-droga-do\/110737\" target=\"_blank\" rel=\"noopener\">ibialoleka.pl<\/a><\/p>\n<p><em>Foto: googlemaps<\/em><\/p>\n","protected":false},"excerpt":{"rendered":"<p>&#8220;Droga do filii szko\u0142y 154 przy ul. Sprawnej do najbezpieczniejszych nie nale\u017cy. Doskonale wiedz\u0105 o tym rodzice ucz\u0119szczaj\u0105cych tam dzieci, dlatego zwr\u00f3cili si\u0119 o pomoc do radnego Piotra Cieszkowskiego.<\/p>\n","protected":false},"author":2,"featured_media":1135,"comment_status":"closed","ping_status":"closed","sticky":false,"template":"","format":"standard","meta":{"ngg_post_thumbnail":0,"footnotes":""},"categories":[27],"tags":[],"class_list":["post-1134","post","type-post","status-publish","format-standard","has-post-thumbnail","hentry","category-inwestycje"],"_links":{"self":[{"href":"https:\/\/razemdlabialoleki.waw.pl\/index.php?rest_route=\/wp\/v2\/posts\/1134","targetHints":{"allow":["GET"]}}],"collection":[{"href":"https:\/\/razemdlabialoleki.waw.pl\/index.php?rest_route=\/wp\/v2\/posts"}],"about":[{"href":"https:\/\/razemdlabialoleki.waw.pl\/index.php?rest_route=\/wp\/v2\/types\/post"}],"author":[{"embeddable":true,"href":"https:\/\/razemdlabialoleki.waw.pl\/index.php?rest_route=\/wp\/v2\/users\/2"}],"replies":[{"embeddable":true,"href":"https:\/\/razemdlabialoleki.waw.pl\/index.php?rest_route=%2Fwp%2Fv2%2Fcomments&post=1134"}],"version-history":[{"count":4,"href":"https:\/\/razemdlabialoleki.waw.pl\/index.php?rest_route=\/wp\/v2\/posts\/1134\/revisions"}],"predecessor-version":[{"id":20560,"href":"https:\/\/razemdlabialoleki.waw.pl\/index.php?rest_route=\/wp\/v2\/posts\/1134\/revisions\/20560"}],"wp:featuredmedia":[{"embeddable":true,"href":"https:\/\/razemdlabialoleki.waw.pl\/index.php?rest_route=\/wp\/v2\/media\/1135"}],"wp:attachment":[{"href":"https:\/\/razemdlabialoleki.waw.pl\/index.php?rest_route=%2Fwp%2Fv2%2Fmedia&parent=1134"}],"wp:term":[{"taxonomy":"category","embeddable":true,"href":"https:\/\/razemdlabialoleki.waw.pl\/index.php?rest_route=%2Fwp%2Fv2%2Fcategories&post=1134"},{"taxonomy":"post_tag","embeddable":true,"href":"https:\/\/razemdlabialoleki.waw.pl\/index.php?rest_route=%2Fwp%2Fv2%2Ftags&post=1134"}],"curies":[{"name":"wp","href":"https:\/\/api.w.org\/{rel}","templated":true}]}}