{"id":11212,"date":"2016-08-01T17:00:51","date_gmt":"2016-08-01T16:00:51","guid":{"rendered":"http:\/\/razemdlabialoleki.waw.pl\/?p=11212"},"modified":"2020-08-03T18:31:22","modified_gmt":"2020-08-03T17:31:22","slug":"godzina-w-2","status":"publish","type":"post","link":"https:\/\/razemdlabialoleki.waw.pl\/?p=11212","title":{"rendered":"Godzina W"},"content":{"rendered":"<p><strong>W tym szczeg\u00f3lnym momencie cz\u0142onkowie naszego stowarzyszenia oddali cze\u015b\u0107 wszystkim uczestnikom Powstania Warszawskiego oraz z\u0142o\u017cyli wieniec na powsta\u0144czej kwaterze znajduj\u0105cej si\u0119 na Cmentarzu Tarchomi\u0144skim.<br \/>\n<\/strong><\/p>\n<p><strong>Cze\u015b\u0107 i Chwa\u0142a Bohaterom <img loading=\"lazy\" decoding=\"async\" class=\"aligncenter size-full wp-image-11213\" src=\"http:\/\/razemdlabialoleki.waw.pl\/wp-content\/uploads\/2020\/08\/1082016.jpg\" alt=\"\" width=\"720\" height=\"960\" srcset=\"https:\/\/razemdlabialoleki.waw.pl\/wp-content\/uploads\/2020\/08\/1082016.jpg 720w, https:\/\/razemdlabialoleki.waw.pl\/wp-content\/uploads\/2020\/08\/1082016-225x300.jpg 225w\" sizes=\"auto, (max-width: 720px) 100vw, 720px\" \/><\/strong><\/p>\n","protected":false},"excerpt":{"rendered":"<p>W tym szczeg\u00f3lnym momencie cz\u0142onkowie naszego stowarzyszenia oddali cze\u015b\u0107 wszystkim uczestnikom Powstania Warszawskiego oraz z\u0142o\u017cyli wieniec na powsta\u0144czej kwaterze znajduj\u0105cej si\u0119 na Cmentarzu Tarchomi\u0144skim. Cze\u015b\u0107 i Chwa\u0142a Bohaterom<\/p>\n","protected":false},"author":2,"featured_media":11213,"comment_status":"closed","ping_status":"closed","sticky":false,"template":"","format":"standard","meta":{"ngg_post_thumbnail":0,"footnotes":""},"categories":[26,25],"tags":[],"class_list":["post-11212","post","type-post","status-publish","format-standard","has-post-thumbnail","hentry","category-klub-radnych","category-samorzad"],"_links":{"self":[{"href":"https:\/\/razemdlabialoleki.waw.pl\/index.php?rest_route=\/wp\/v2\/posts\/11212","targetHints":{"allow":["GET"]}}],"collection":[{"href":"https:\/\/razemdlabialoleki.waw.pl\/index.php?rest_route=\/wp\/v2\/posts"}],"about":[{"href":"https:\/\/razemdlabialoleki.waw.pl\/index.php?rest_route=\/wp\/v2\/types\/post"}],"author":[{"embeddable":true,"href":"https:\/\/razemdlabialoleki.waw.pl\/index.php?rest_route=\/wp\/v2\/users\/2"}],"replies":[{"embeddable":true,"href":"https:\/\/razemdlabialoleki.waw.pl\/index.php?rest_route=%2Fwp%2Fv2%2Fcomments&post=11212"}],"version-history":[{"count":1,"href":"https:\/\/razemdlabialoleki.waw.pl\/index.php?rest_route=\/wp\/v2\/posts\/11212\/revisions"}],"predecessor-version":[{"id":11214,"href":"https:\/\/razemdlabialoleki.waw.pl\/index.php?rest_route=\/wp\/v2\/posts\/11212\/revisions\/11214"}],"wp:featuredmedia":[{"embeddable":true,"href":"https:\/\/razemdlabialoleki.waw.pl\/index.php?rest_route=\/wp\/v2\/media\/11213"}],"wp:attachment":[{"href":"https:\/\/razemdlabialoleki.waw.pl\/index.php?rest_route=%2Fwp%2Fv2%2Fmedia&parent=11212"}],"wp:term":[{"taxonomy":"category","embeddable":true,"href":"https:\/\/razemdlabialoleki.waw.pl\/index.php?rest_route=%2Fwp%2Fv2%2Fcategories&post=11212"},{"taxonomy":"post_tag","embeddable":true,"href":"https:\/\/razemdlabialoleki.waw.pl\/index.php?rest_route=%2Fwp%2Fv2%2Ftags&post=11212"}],"curies":[{"name":"wp","href":"https:\/\/api.w.org\/{rel}","templated":true}]}}