{"id":10598,"date":"2020-06-23T07:56:03","date_gmt":"2020-06-23T06:56:03","guid":{"rendered":"http:\/\/razemdlabialoleki.waw.pl\/?p=10598"},"modified":"2020-06-23T08:19:24","modified_gmt":"2020-06-23T07:19:24","slug":"sprzatamy-port-zeranski","status":"publish","type":"post","link":"https:\/\/razemdlabialoleki.waw.pl\/?p=10598","title":{"rendered":"Posprz\u0105tajmy Port \u017bera\u0144ski! \ud83e\uddf9"},"content":{"rendered":"\n<p>Kontynuujemy dzia\u0142ania zmierzaj\u0105ce do systematycznego porz\u0105dkowania teren\u00f3w Portu \u017bera\u0144skiego. Cz\u0119\u015b\u0107 z nich zosta\u0142a ju\u017c zabezpieczona przed za\u015bmiecaniem poprzez ograniczenie wjazdu.<\/p>\n\n\n\n<p>R\u00f3wnocze\u015bnie 4 lipca o 11.30 &#8211; przy wsp\u00f3\u0142pracy z firm\u0105 Partner &#8211;\u00a0planujemy kolejn\u0105 akcj\u0119 sprz\u0105tania dzielnicy &#8211;\u00a0<a href=\"https:\/\/www.facebook.com\/hashtag\/sprz%C4%85tamyport%C5%BCera%C5%84ski?__eep__=6&amp;source=feed_text&amp;epa=HASHTAG&amp;__xts__%5B0%5D=68.ARCo72X0S2hV-tWC-AX0D524AYEqnT54fXlgAq_9QZPmSs5zJnA3ONm1cyBgiwr9zmX77lAorY5g-15LMwEw9TY_6ojQLUD9GAdJIkcrvZIiU4WJAZu-9H6hINQYmSrCt9ymLoTHIW79wqwa5dJdTOXwBLG0vjwajt-G5Vzt4JBpnwyLRYsahPlWpHpIpYZvPbEm2um3_4HlD5TlCduwXgMHDIheuH12ZT-ca4rQKIoW6q55IJAXcGWB2GzGUzySruzMWNRuLXtvSzso4ekK2KhA_Osv4yyvNffa1zZLxD0Sv8tdzLUDXDli8bW6hD5x9btfWyWxBBomXX-aKBvdVqBi-Atk&amp;__tn__=%2ANK-R\">#Sprz\u0105tamyPort\u017bera\u0144ski<\/a>! \ud83e\uddf9<\/p>\n\n\n\n<p>Zbi\u00f3rka przy klubach sportowych (Modli\u0144ska 16). Zapewniamy worki i r\u0119kawiczki. Serdecznie zapraszamy!<\/p>\n","protected":false},"excerpt":{"rendered":"<p>Kontynuujemy dzia\u0142ania zmierzaj\u0105ce do systematycznego porz\u0105dkowania teren\u00f3w Portu \u017bera\u0144skiego. Cz\u0119\u015b\u0107 z nich zosta\u0142a ju\u017c zabezpieczona przed za\u015bmiecaniem poprzez ograniczenie wjazdu. R\u00f3wnocze\u015bnie 4 lipca o 11.30 &#8211; przy wsp\u00f3\u0142pracy z firm\u0105 Partner &#8211;\u00a0planujemy kolejn\u0105 akcj\u0119 sprz\u0105tania dzielnicy &#8211;\u00a0#Sprz\u0105tamyPort\u017bera\u0144ski! \ud83e\uddf9 Zbi\u00f3rka przy klubach sportowych (Modli\u0144ska 16). Zapewniamy worki i r\u0119kawiczki. Serdecznie zapraszamy!<\/p>\n","protected":false},"author":2,"featured_media":10599,"comment_status":"closed","ping_status":"closed","sticky":false,"template":"","format":"standard","meta":{"ngg_post_thumbnail":0,"footnotes":""},"categories":[10,28],"tags":[],"class_list":["post-10598","post","type-post","status-publish","format-standard","has-post-thumbnail","hentry","category-akcja-spoleczna","category-ochrona-srodowiska"],"_links":{"self":[{"href":"https:\/\/razemdlabialoleki.waw.pl\/index.php?rest_route=\/wp\/v2\/posts\/10598","targetHints":{"allow":["GET"]}}],"collection":[{"href":"https:\/\/razemdlabialoleki.waw.pl\/index.php?rest_route=\/wp\/v2\/posts"}],"about":[{"href":"https:\/\/razemdlabialoleki.waw.pl\/index.php?rest_route=\/wp\/v2\/types\/post"}],"author":[{"embeddable":true,"href":"https:\/\/razemdlabialoleki.waw.pl\/index.php?rest_route=\/wp\/v2\/users\/2"}],"replies":[{"embeddable":true,"href":"https:\/\/razemdlabialoleki.waw.pl\/index.php?rest_route=%2Fwp%2Fv2%2Fcomments&post=10598"}],"version-history":[{"count":5,"href":"https:\/\/razemdlabialoleki.waw.pl\/index.php?rest_route=\/wp\/v2\/posts\/10598\/revisions"}],"predecessor-version":[{"id":10604,"href":"https:\/\/razemdlabialoleki.waw.pl\/index.php?rest_route=\/wp\/v2\/posts\/10598\/revisions\/10604"}],"wp:featuredmedia":[{"embeddable":true,"href":"https:\/\/razemdlabialoleki.waw.pl\/index.php?rest_route=\/wp\/v2\/media\/10599"}],"wp:attachment":[{"href":"https:\/\/razemdlabialoleki.waw.pl\/index.php?rest_route=%2Fwp%2Fv2%2Fmedia&parent=10598"}],"wp:term":[{"taxonomy":"category","embeddable":true,"href":"https:\/\/razemdlabialoleki.waw.pl\/index.php?rest_route=%2Fwp%2Fv2%2Fcategories&post=10598"},{"taxonomy":"post_tag","embeddable":true,"href":"https:\/\/razemdlabialoleki.waw.pl\/index.php?rest_route=%2Fwp%2Fv2%2Ftags&post=10598"}],"curies":[{"name":"wp","href":"https:\/\/api.w.org\/{rel}","templated":true}]}}