{"id":9993,"date":"2020-04-22T20:13:53","date_gmt":"2020-04-22T19:13:53","guid":{"rendered":"http:\/\/razemdlabialoleki.waw.pl\/?p=9993"},"modified":"2020-04-22T20:41:13","modified_gmt":"2020-04-22T19:41:13","slug":"lasy-i-parki-na-terenie-bialoleki","status":"publish","type":"post","link":"http:\/\/razemdlabialoleki.waw.pl\/?p=9993","title":{"rendered":"Lasy i parki na terenie Bia\u0142o\u0142\u0119ki"},"content":{"rendered":"<p><img loading=\"lazy\" decoding=\"async\" class=\"aligncenter size-full wp-image-9994\" src=\"http:\/\/razemdlabialoleki.waw.pl\/wp-content\/uploads\/2020\/04\/lasy1.png\" alt=\"\" width=\"1000\" height=\"747\" srcset=\"http:\/\/razemdlabialoleki.waw.pl\/wp-content\/uploads\/2020\/04\/lasy1.png 1000w, http:\/\/razemdlabialoleki.waw.pl\/wp-content\/uploads\/2020\/04\/lasy1-300x224.png 300w, http:\/\/razemdlabialoleki.waw.pl\/wp-content\/uploads\/2020\/04\/lasy1-768x574.png 768w\" sizes=\"auto, (max-width: 1000px) 100vw, 1000px\" \/> <img loading=\"lazy\" decoding=\"async\" class=\"aligncenter size-full wp-image-9995\" src=\"http:\/\/razemdlabialoleki.waw.pl\/wp-content\/uploads\/2020\/04\/parki.png\" alt=\"\" width=\"1000\" height=\"747\" srcset=\"http:\/\/razemdlabialoleki.waw.pl\/wp-content\/uploads\/2020\/04\/parki.png 1000w, http:\/\/razemdlabialoleki.waw.pl\/wp-content\/uploads\/2020\/04\/parki-300x224.png 300w, http:\/\/razemdlabialoleki.waw.pl\/wp-content\/uploads\/2020\/04\/parki-768x574.png 768w\" sizes=\"auto, (max-width: 1000px) 100vw, 1000px\" \/><\/p>\n<h5>D\u0105br\u00f3wka, Henryk\u00f3w i&nbsp;Bia\u0142o\u0142\u0119ka<\/h5>\n<p>Lasy tworz\u0105ce te trzy uroczyska s\u0105 najbardziej wysuni\u0119tymi na p\u00f3\u0142noc Warszawy kompleksami le\u015bnymi po prawej stronie Wis\u0142y. Le\u017c\u0105 one w&nbsp;p\u00f3\u0142nocno-wschodniej cz\u0119\u015bci Warszawy na terenie Dzielnicy Bia\u0142o\u0142\u0119ka. S\u0105 to niedu\u017ce kompleksy, kt\u00f3rych pojedyncza powierzchnia nie przekracza 50 ha. Najwi\u0119kszym obiektem spo\u015br\u00f3d nich jest kompleks le\u015bny Henryk\u00f3w zajmuj\u0105cy powierzchni\u0119 49, 80 ha. Kolejny wed\u0142ug wielko\u015bci to kompleks le\u015bny Bia\u0142o\u0142\u0119ka &#8211; 44, 88 ha i&nbsp;najmniejszy D\u0105br\u00f3wka z&nbsp;powierzchni\u0105 27,29 ha. Ze wzgl\u0119du na prace odnowieniowe oraz s\u0142abe siedliska na kompleksach tych przewa\u017caj\u0105 m\u0142ode drzewostany. Ich znaczenie jest bardziej rekreacyjno-wypoczynkowe ni\u017c gospodarcze. Lasy D\u0105br\u00f3wka stanowi\u0105 r\u00f3wnie\u017c funkcje ochronne oddzielaj\u0105c miasto od oczyszczalni &#8220;Czajka&#8221;, uruchomionej w&nbsp;1991 r.<\/p>\n<h5>Wydma \u017bera\u0144ska<\/h5>\n<p>Wydma \u017bera\u0144ska to najm\u0142odszy i&nbsp;zarazem jeden z&nbsp;najmniejszych kompleks\u00f3w le\u015bnych na terenie miasta sto\u0142ecznego Warszawy. Powsta\u0142 wskutek zalesiania w&nbsp;okresie powojennym teren\u00f3w wydmowychi zdegradowanych w&nbsp;wyniku dzia\u0142alno\u015bci ludzkiej. Powierzchnia tego kompleksu le\u015bnego w&nbsp;ostatnim czasie ulega\u0142a zmianom. W&nbsp;ostatnim 10-leciu z&nbsp;jednej strony powierzchnia zmniejszy\u0142a si\u0119 w&nbsp;wyniku rozbudowy i&nbsp;infrastruktury przemys\u0142owej, z&nbsp;drugiej za\u015b powi\u0119kszy\u0142a o&nbsp;tereny zadrzewione wzd\u0142u\u017c Kana\u0142u \u017bera\u0144skiego. Ca\u0142kowita powierzchnia uleg\u0142a jednak zmniejszeniu o&nbsp;1,04 ha w&nbsp;por\u00f3wnaniu z&nbsp;poprzednim okresem gospodarczym. G\u0142\u00f3wn\u0105 przyczyn\u0105 zmniejszenia powierzchni w&nbsp;por\u00f3wnaniu z&nbsp;poprzedni\u0105 rewizj\u0105 urz\u0105dzeniow\u0105 s\u0105 znaczne zmiany zasi\u0119gu opracowania.<\/p>\n<p>Niewielka powierzchnia, 16,90 ha, m\u0142ody wiek i&nbsp;usytuowanie sprawia, \u017ce nie ma on wi\u0119kszego znaczenia jako miejsce wypoczynku i&nbsp;rekreacji dla ludno\u015bci Warszawy. Las Wydma \u017bera\u0144ska spe\u0142nia jednak inn\u0105 niezmiernie wa\u017cn\u0105 rol\u0119, jak\u0105 jest minimalizowanie negatywnych skutk\u00f3w zak\u0142ad\u00f3w przemys\u0142owych, w&nbsp;okolicy kt\u00f3rych jest usytuowany. Mo\u017cna wr\u0119cz powiedzie\u0107, \u017ce ca\u0142y otoczony jest zak\u0142adami przemys\u0142owymi.<\/p>\n<p>Wydma \u017bera\u0144ska nie jest zwartym obiektem, lecz rozdrobnionym i&nbsp;poci\u0119tym na drobne fragmenty lasem. Od p\u00f3\u0142nocy kompleks le\u015bny ogranicza Kana\u0142 \u017bera\u0144ski, od wschodu wyst\u0119puj\u0105 zak\u0142ady przemys\u0142owe i&nbsp;infrastruktura drogowa. Od zachodu lasy granicz\u0105 z&nbsp;torami kolejowymi, za kt\u00f3rymi znajduj\u0105 si\u0119 zak\u0142ady przemys\u0142owe. Przez \u015brodek Wydmy \u017bera\u0144skiej przebiega ulica Marywilska. Pomi\u0119dzy t\u0105 ulic\u0105, a&nbsp;lasem znajduj\u0105 si\u0119 pasy bezdrzewne i&nbsp;zadrzewienia. Przez kompleks ten przebiega r\u00f3wnie\u017c linia kolejowa o&nbsp;znaczeniu lokalnym. Te wszystkie czynniki wykluczaj\u0105 przydatno\u015b\u0107 Lasu Wydma \u017bera\u0144ska jako miejsca atrakcyjnego wypoczynkowo. Drzewostan porastaj\u0105cy Wydm\u0119 \u017bera\u0144sk\u0105 jest typowy dla teren\u00f3w zalesianych na gruntach porolnych i&nbsp;zdewastowanych. Gatunkiem dominuj\u0105cym jest sosna, spory r\u00f3wnie\u017c jest udzia\u0142 drzewostan\u00f3w z&nbsp;panuj\u0105c\u0105 brzoz\u0105 i&nbsp;d\u0119bem. W&nbsp;zadrzewieniach natomiast dominuje akacja i&nbsp;olsza. Stan zdrowotny tego kompleksu le\u015bnego ze wzgl\u0119du na antropopresj\u0119 i&nbsp;blisko\u015b\u0107 zak\u0142ad\u00f3w przemys\u0142owych jest os\u0142abiony.<\/p>\n<p>\u0179r\u00f3d\u0142o: lasymiejskie.waw.pl<\/p>\n<p><\/p>\n","protected":false},"excerpt":{"rendered":"<p>D\u0105br\u00f3wka, Henryk\u00f3w i&nbsp;Bia\u0142o\u0142\u0119ka Lasy tworz\u0105ce te trzy uroczyska s\u0105 najbardziej wysuni\u0119tymi na p\u00f3\u0142noc Warszawy kompleksami le\u015bnymi po prawej stronie Wis\u0142y. Le\u017c\u0105 one w&nbsp;p\u00f3\u0142nocno-wschodniej cz\u0119\u015bci Warszawy na terenie Dzielnicy Bia\u0142o\u0142\u0119ka. S\u0105 to niedu\u017ce kompleksy, kt\u00f3rych pojedyncza powierzchnia nie przekracza 50 ha. Najwi\u0119kszym obiektem spo\u015br\u00f3d nich jest kompleks le\u015bny Henryk\u00f3w zajmuj\u0105cy powierzchni\u0119 49, 80 ha. Kolejny wed\u0142ug [&hellip;]<\/p>\n","protected":false},"author":2,"featured_media":9994,"comment_status":"closed","ping_status":"closed","sticky":false,"template":"","format":"standard","meta":{"ngg_post_thumbnail":0,"footnotes":""},"categories":[28,25],"tags":[],"class_list":["post-9993","post","type-post","status-publish","format-standard","has-post-thumbnail","hentry","category-ochrona-srodowiska","category-samorzad"],"_links":{"self":[{"href":"http:\/\/razemdlabialoleki.waw.pl\/index.php?rest_route=\/wp\/v2\/posts\/9993","targetHints":{"allow":["GET"]}}],"collection":[{"href":"http:\/\/razemdlabialoleki.waw.pl\/index.php?rest_route=\/wp\/v2\/posts"}],"about":[{"href":"http:\/\/razemdlabialoleki.waw.pl\/index.php?rest_route=\/wp\/v2\/types\/post"}],"author":[{"embeddable":true,"href":"http:\/\/razemdlabialoleki.waw.pl\/index.php?rest_route=\/wp\/v2\/users\/2"}],"replies":[{"embeddable":true,"href":"http:\/\/razemdlabialoleki.waw.pl\/index.php?rest_route=%2Fwp%2Fv2%2Fcomments&post=9993"}],"version-history":[{"count":1,"href":"http:\/\/razemdlabialoleki.waw.pl\/index.php?rest_route=\/wp\/v2\/posts\/9993\/revisions"}],"predecessor-version":[{"id":9996,"href":"http:\/\/razemdlabialoleki.waw.pl\/index.php?rest_route=\/wp\/v2\/posts\/9993\/revisions\/9996"}],"wp:featuredmedia":[{"embeddable":true,"href":"http:\/\/razemdlabialoleki.waw.pl\/index.php?rest_route=\/wp\/v2\/media\/9994"}],"wp:attachment":[{"href":"http:\/\/razemdlabialoleki.waw.pl\/index.php?rest_route=%2Fwp%2Fv2%2Fmedia&parent=9993"}],"wp:term":[{"taxonomy":"category","embeddable":true,"href":"http:\/\/razemdlabialoleki.waw.pl\/index.php?rest_route=%2Fwp%2Fv2%2Fcategories&post=9993"},{"taxonomy":"post_tag","embeddable":true,"href":"http:\/\/razemdlabialoleki.waw.pl\/index.php?rest_route=%2Fwp%2Fv2%2Ftags&post=9993"}],"curies":[{"name":"wp","href":"https:\/\/api.w.org\/{rel}","templated":true}]}}