{"id":9989,"date":"2020-04-21T08:32:06","date_gmt":"2020-04-21T07:32:06","guid":{"rendered":"http:\/\/razemdlabialoleki.waw.pl\/?p=9989"},"modified":"2020-04-21T08:32:08","modified_gmt":"2020-04-21T07:32:08","slug":"zdm-rozpoczyna-usuwanie-barier-architektonicznych","status":"publish","type":"post","link":"http:\/\/razemdlabialoleki.waw.pl\/?p=9989","title":{"rendered":"ZDM rozpoczyna usuwanie barier architektonicznych"},"content":{"rendered":"\n<p>Zarz\u0105d Dr\u00f3g Miejskich rozpoczyna od Bia\u0142o\u0142\u0119ki usuwanie barier architektonicznych &#8211; obejmuj\u0105ce obni\u017canie kraw\u0119\u017cnik\u00f3w, monta\u017c p\u0142yt ostrzegawczych czy pas\u00f3w prowadz\u0105cych. Prace s\u0105 zaplanowane w nast\u0119puj\u0105cych lokalizacjach:<\/p>\n\n\n\n<ul class=\"wp-block-list\"><li>Modli\u0144ska\/Wartka <\/li><li>Modli\u0144ska\/\u015awiatowida <\/li><li>Modli\u0144ska\/Produkcyjna <\/li><li>\u015awiderska\/Wittiga <\/li><li>\u015awiderska\/Poraj\u00f3w <\/li><li>My\u015bliborska\/Poraj\u00f3w <\/li><li>My\u015bliborska\/Wittiga <\/li><li>My\u015bliborska\/Nagodzic\u00f3w <\/li><li>Mehoffera\/Ceglana <\/li><li>Mehoffera\/Ch\u0119ci\u0144ska <\/li><li>Modli\u0144ska 345 <\/li><li>Modli\u0144ska\/Anilinowa <\/li><li>Modli\u0144ska 339 <\/li><li>Modli\u0144ska\/Sprawna <\/li><li>Modli\u0144ska\/Poet\u00f3w <\/li><li>Modli\u0144ska\/Mehoffera <\/li><li>Modli\u0144ska\/Kasztanowa <\/li><li>Modli\u0144ska\/Leszczynowa <\/li><li>Modli\u0144ska\/Dorodna <\/li><li>Modli\u0144ska\/Zab\u0142ocka <\/li><li>Dorodna przy My\u015bliborskiej 18a (przej\u015bcie) <\/li><li>Dorodna 16 (zjazd)<\/li><\/ul>\n","protected":false},"excerpt":{"rendered":"<p>Zarz\u0105d Dr\u00f3g Miejskich rozpoczyna od Bia\u0142o\u0142\u0119ki usuwanie barier architektonicznych &#8211; obejmuj\u0105ce obni\u017canie kraw\u0119\u017cnik\u00f3w, monta\u017c p\u0142yt ostrzegawczych czy pas\u00f3w prowadz\u0105cych. Prace s\u0105 zaplanowane w nast\u0119puj\u0105cych lokalizacjach: Modli\u0144ska\/Wartka Modli\u0144ska\/\u015awiatowida Modli\u0144ska\/Produkcyjna \u015awiderska\/Wittiga \u015awiderska\/Poraj\u00f3w My\u015bliborska\/Poraj\u00f3w My\u015bliborska\/Wittiga My\u015bliborska\/Nagodzic\u00f3w Mehoffera\/Ceglana Mehoffera\/Ch\u0119ci\u0144ska Modli\u0144ska 345 Modli\u0144ska\/Anilinowa Modli\u0144ska 339 Modli\u0144ska\/Sprawna Modli\u0144ska\/Poet\u00f3w Modli\u0144ska\/Mehoffera Modli\u0144ska\/Kasztanowa Modli\u0144ska\/Leszczynowa Modli\u0144ska\/Dorodna Modli\u0144ska\/Zab\u0142ocka Dorodna przy My\u015bliborskiej 18a (przej\u015bcie) Dorodna 16 (zjazd)<\/p>\n","protected":false},"author":3,"featured_media":9990,"comment_status":"closed","ping_status":"closed","sticky":false,"template":"","format":"standard","meta":{"ngg_post_thumbnail":0,"footnotes":""},"categories":[27],"tags":[],"class_list":["post-9989","post","type-post","status-publish","format-standard","has-post-thumbnail","hentry","category-inwestycje"],"_links":{"self":[{"href":"http:\/\/razemdlabialoleki.waw.pl\/index.php?rest_route=\/wp\/v2\/posts\/9989","targetHints":{"allow":["GET"]}}],"collection":[{"href":"http:\/\/razemdlabialoleki.waw.pl\/index.php?rest_route=\/wp\/v2\/posts"}],"about":[{"href":"http:\/\/razemdlabialoleki.waw.pl\/index.php?rest_route=\/wp\/v2\/types\/post"}],"author":[{"embeddable":true,"href":"http:\/\/razemdlabialoleki.waw.pl\/index.php?rest_route=\/wp\/v2\/users\/3"}],"replies":[{"embeddable":true,"href":"http:\/\/razemdlabialoleki.waw.pl\/index.php?rest_route=%2Fwp%2Fv2%2Fcomments&post=9989"}],"version-history":[{"count":1,"href":"http:\/\/razemdlabialoleki.waw.pl\/index.php?rest_route=\/wp\/v2\/posts\/9989\/revisions"}],"predecessor-version":[{"id":9991,"href":"http:\/\/razemdlabialoleki.waw.pl\/index.php?rest_route=\/wp\/v2\/posts\/9989\/revisions\/9991"}],"wp:featuredmedia":[{"embeddable":true,"href":"http:\/\/razemdlabialoleki.waw.pl\/index.php?rest_route=\/wp\/v2\/media\/9990"}],"wp:attachment":[{"href":"http:\/\/razemdlabialoleki.waw.pl\/index.php?rest_route=%2Fwp%2Fv2%2Fmedia&parent=9989"}],"wp:term":[{"taxonomy":"category","embeddable":true,"href":"http:\/\/razemdlabialoleki.waw.pl\/index.php?rest_route=%2Fwp%2Fv2%2Fcategories&post=9989"},{"taxonomy":"post_tag","embeddable":true,"href":"http:\/\/razemdlabialoleki.waw.pl\/index.php?rest_route=%2Fwp%2Fv2%2Ftags&post=9989"}],"curies":[{"name":"wp","href":"https:\/\/api.w.org\/{rel}","templated":true}]}}