{"id":9760,"date":"2020-02-13T18:55:11","date_gmt":"2020-02-13T17:55:11","guid":{"rendered":"http:\/\/razemdlabialoleki.waw.pl\/?p=9760"},"modified":"2020-04-10T09:46:03","modified_gmt":"2020-04-10T08:46:03","slug":"ruszamy-bialoleke-z-kanapy-%f0%9f%8f%83%e2%80%8d%e2%99%80%ef%b8%8f%f0%9f%8f%83%e2%80%8d%e2%99%82%ef%b8%8f","status":"publish","type":"post","link":"http:\/\/razemdlabialoleki.waw.pl\/?p=9760","title":{"rendered":"Ruszamy Bia\u0142o\u0142\u0119k\u0119 z kanapy \ud83c\udfc3\u200d\u2640\ufe0f\ud83c\udfc3\u200d\u2642\ufe0f"},"content":{"rendered":"<p style=\"text-align: justify;\">Ju\u017c w marcu ruszamy z projektem <strong>Treningi biegowe na wschodniej Bia\u0142o\u0142\u0119ce &#8211; Ruszamy Bia\u0142o\u0142\u0119k\u0119 z kanapy<\/strong>. Realizacja zaj\u0119\u0107 jest wsp\u00f3\u0142finansowana przez m. st. Warszawa.&nbsp;<\/p>\n<p style=\"text-align: justify;\">Treningi b\u0119d\u0105 prowadzone przez <a href=\"https:\/\/www.facebook.com\/biegowywariat\">Artura Kobuszewskiego <span data-offset-key=\"5qeip-0-0\">\ud83d\ude01 <\/span><\/a>Zaj\u0119cia dla ka\u017cdego! Zacznij biega\u0107 pod okiem eksperta.<\/p>\n<p>W 2020 r. spotkamy si\u0119 we wskazanych terminach:<\/p>\n<p><img loading=\"lazy\" decoding=\"async\" class=\"aligncenter size-full wp-image-9761\" src=\"http:\/\/razemdlabialoleki.waw.pl\/wp-content\/uploads\/2020\/02\/harmonogram_popr.png\" alt=\"\" width=\"700\" height=\"990\" srcset=\"http:\/\/razemdlabialoleki.waw.pl\/wp-content\/uploads\/2020\/02\/harmonogram_popr.png 700w, http:\/\/razemdlabialoleki.waw.pl\/wp-content\/uploads\/2020\/02\/harmonogram_popr-212x300.png 212w, http:\/\/razemdlabialoleki.waw.pl\/wp-content\/uploads\/2020\/02\/harmonogram_popr-78x110.png 78w, http:\/\/razemdlabialoleki.waw.pl\/wp-content\/uploads\/2020\/02\/harmonogram_popr-297x420.png 297w, http:\/\/razemdlabialoleki.waw.pl\/wp-content\/uploads\/2020\/02\/harmonogram_popr-304x430.png 304w\" sizes=\"auto, (max-width: 700px) 100vw, 700px\" \/><\/p>\n","protected":false},"excerpt":{"rendered":"<p>Ju\u017c w marcu ruszamy z projektem Treningi biegowe na wschodniej Bia\u0142o\u0142\u0119ce &#8211; Ruszamy Bia\u0142o\u0142\u0119k\u0119 z kanapy. Realizacja zaj\u0119\u0107 jest wsp\u00f3\u0142finansowana przez m. st. Warszawa.&nbsp; Treningi b\u0119d\u0105 prowadzone przez Artura Kobuszewskiego \ud83d\ude01 Zaj\u0119cia dla ka\u017cdego! Zacznij biega\u0107 pod okiem eksperta. W 2020 r. spotkamy si\u0119 we wskazanych terminach:<\/p>\n","protected":false},"author":2,"featured_media":9766,"comment_status":"closed","ping_status":"closed","sticky":false,"template":"","format":"standard","meta":{"ngg_post_thumbnail":0,"footnotes":""},"categories":[10],"tags":[],"class_list":["post-9760","post","type-post","status-publish","format-standard","has-post-thumbnail","hentry","category-akcja-spoleczna"],"_links":{"self":[{"href":"http:\/\/razemdlabialoleki.waw.pl\/index.php?rest_route=\/wp\/v2\/posts\/9760","targetHints":{"allow":["GET"]}}],"collection":[{"href":"http:\/\/razemdlabialoleki.waw.pl\/index.php?rest_route=\/wp\/v2\/posts"}],"about":[{"href":"http:\/\/razemdlabialoleki.waw.pl\/index.php?rest_route=\/wp\/v2\/types\/post"}],"author":[{"embeddable":true,"href":"http:\/\/razemdlabialoleki.waw.pl\/index.php?rest_route=\/wp\/v2\/users\/2"}],"replies":[{"embeddable":true,"href":"http:\/\/razemdlabialoleki.waw.pl\/index.php?rest_route=%2Fwp%2Fv2%2Fcomments&post=9760"}],"version-history":[{"count":3,"href":"http:\/\/razemdlabialoleki.waw.pl\/index.php?rest_route=\/wp\/v2\/posts\/9760\/revisions"}],"predecessor-version":[{"id":9764,"href":"http:\/\/razemdlabialoleki.waw.pl\/index.php?rest_route=\/wp\/v2\/posts\/9760\/revisions\/9764"}],"wp:featuredmedia":[{"embeddable":true,"href":"http:\/\/razemdlabialoleki.waw.pl\/index.php?rest_route=\/wp\/v2\/media\/9766"}],"wp:attachment":[{"href":"http:\/\/razemdlabialoleki.waw.pl\/index.php?rest_route=%2Fwp%2Fv2%2Fmedia&parent=9760"}],"wp:term":[{"taxonomy":"category","embeddable":true,"href":"http:\/\/razemdlabialoleki.waw.pl\/index.php?rest_route=%2Fwp%2Fv2%2Fcategories&post=9760"},{"taxonomy":"post_tag","embeddable":true,"href":"http:\/\/razemdlabialoleki.waw.pl\/index.php?rest_route=%2Fwp%2Fv2%2Ftags&post=9760"}],"curies":[{"name":"wp","href":"https:\/\/api.w.org\/{rel}","templated":true}]}}