{"id":9670,"date":"2020-02-01T12:13:04","date_gmt":"2020-02-01T11:13:04","guid":{"rendered":"http:\/\/razemdlabialoleki.waw.pl\/?p=9670"},"modified":"2024-01-14T14:19:13","modified_gmt":"2024-01-14T13:19:13","slug":"linia-511-czesciej-na-ulicach-bialoleki-trasa","status":"publish","type":"post","link":"http:\/\/razemdlabialoleki.waw.pl\/?p=9670","title":{"rendered":"Linia 511 cz\u0119\u015bciej na ulicach Bia\u0142o\u0142\u0119ki [TRASA]"},"content":{"rendered":"<p style=\"text-align: justify;\">Dla linii 511 trwa przygotowywanie rozk\u0142ad\u00f3w jazdy.<\/p>\n<p>Zarz\u0105d Transportu Miejskiego, chce wprowadzi\u0107 je jeszcze w lutym. Cz\u0119stotliwo\u015b\u0107 zostanie zwi\u0119kszona mi\u0119dzy 8:00 a 9:00 oraz wieczorem. Trwaj\u0105 uzgodnienia w tej sprawie.<img loading=\"lazy\" decoding=\"async\" class=\"aligncenter size-full wp-image-9674\" src=\"http:\/\/razemdlabialoleki.waw.pl\/wp-content\/uploads\/2020\/02\/20200201_114941.jpg\" alt=\"\" width=\"705\" height=\"1195\" srcset=\"http:\/\/razemdlabialoleki.waw.pl\/wp-content\/uploads\/2020\/02\/20200201_114941.jpg 705w, http:\/\/razemdlabialoleki.waw.pl\/wp-content\/uploads\/2020\/02\/20200201_114941-177x300.jpg 177w, http:\/\/razemdlabialoleki.waw.pl\/wp-content\/uploads\/2020\/02\/20200201_114941-604x1024.jpg 604w, http:\/\/razemdlabialoleki.waw.pl\/wp-content\/uploads\/2020\/02\/20200201_114941-65x110.jpg 65w, http:\/\/razemdlabialoleki.waw.pl\/wp-content\/uploads\/2020\/02\/20200201_114941-248x420.jpg 248w, http:\/\/razemdlabialoleki.waw.pl\/wp-content\/uploads\/2020\/02\/20200201_114941-254x430.jpg 254w\" sizes=\"auto, (max-width: 705px) 100vw, 705px\" \/><\/p>\n<p>fot. <a href=\"https:\/\/warszawa.wikia.org\/wiki\/511?file=DSC00976.JPG\">Pawel192<\/a><\/p>\n","protected":false},"excerpt":{"rendered":"<p>Dla linii 511 trwa przygotowywanie rozk\u0142ad\u00f3w jazdy. Zarz\u0105d Transportu Miejskiego, chce wprowadzi\u0107 je jeszcze w lutym. Cz\u0119stotliwo\u015b\u0107 zostanie zwi\u0119kszona mi\u0119dzy 8:00 a 9:00 oraz wieczorem. Trwaj\u0105 uzgodnienia w tej sprawie. fot. Pawel192<\/p>\n","protected":false},"author":2,"featured_media":9675,"comment_status":"closed","ping_status":"closed","sticky":false,"template":"","format":"standard","meta":{"ngg_post_thumbnail":0,"footnotes":""},"categories":[30],"tags":[],"class_list":["post-9670","post","type-post","status-publish","format-standard","has-post-thumbnail","hentry","category-komunikacja"],"_links":{"self":[{"href":"http:\/\/razemdlabialoleki.waw.pl\/index.php?rest_route=\/wp\/v2\/posts\/9670","targetHints":{"allow":["GET"]}}],"collection":[{"href":"http:\/\/razemdlabialoleki.waw.pl\/index.php?rest_route=\/wp\/v2\/posts"}],"about":[{"href":"http:\/\/razemdlabialoleki.waw.pl\/index.php?rest_route=\/wp\/v2\/types\/post"}],"author":[{"embeddable":true,"href":"http:\/\/razemdlabialoleki.waw.pl\/index.php?rest_route=\/wp\/v2\/users\/2"}],"replies":[{"embeddable":true,"href":"http:\/\/razemdlabialoleki.waw.pl\/index.php?rest_route=%2Fwp%2Fv2%2Fcomments&post=9670"}],"version-history":[{"count":1,"href":"http:\/\/razemdlabialoleki.waw.pl\/index.php?rest_route=\/wp\/v2\/posts\/9670\/revisions"}],"predecessor-version":[{"id":9676,"href":"http:\/\/razemdlabialoleki.waw.pl\/index.php?rest_route=\/wp\/v2\/posts\/9670\/revisions\/9676"}],"wp:featuredmedia":[{"embeddable":true,"href":"http:\/\/razemdlabialoleki.waw.pl\/index.php?rest_route=\/wp\/v2\/media\/9675"}],"wp:attachment":[{"href":"http:\/\/razemdlabialoleki.waw.pl\/index.php?rest_route=%2Fwp%2Fv2%2Fmedia&parent=9670"}],"wp:term":[{"taxonomy":"category","embeddable":true,"href":"http:\/\/razemdlabialoleki.waw.pl\/index.php?rest_route=%2Fwp%2Fv2%2Fcategories&post=9670"},{"taxonomy":"post_tag","embeddable":true,"href":"http:\/\/razemdlabialoleki.waw.pl\/index.php?rest_route=%2Fwp%2Fv2%2Ftags&post=9670"}],"curies":[{"name":"wp","href":"https:\/\/api.w.org\/{rel}","templated":true}]}}