{"id":9532,"date":"2020-01-01T15:24:51","date_gmt":"2020-01-01T14:24:51","guid":{"rendered":"http:\/\/razemdlabialoleki.waw.pl\/?p=9532"},"modified":"2020-01-01T15:47:48","modified_gmt":"2020-01-01T14:47:48","slug":"sieczna-w-budowie","status":"publish","type":"post","link":"http:\/\/razemdlabialoleki.waw.pl\/?p=9532","title":{"rendered":"Sieczna w budowie"},"content":{"rendered":"<p style=\"text-align: justify;\">Trwa budowa pierwszego odcinka ulicy Siecznej, od ul. G\u0142\u0119bockiej na odcinku ok. 370 metr\u00f3w, czyli do pierwszego osiedla.<\/p>\n<p>W ramach prowadzonych prac wybudowano jezdni\u0119 o szeroko\u015bci 6 m, przed wykonawc\u0105 budowa chodnik\u00f3w, \u015bcie\u017cki rowerowej oraz o\u015bwietlenia. Roboty s\u0105 prowadzone w koordynacji z budow\u0105 kana\u0142u&nbsp; sanitarnego oraz wodoci\u0105gu.<\/p>\n<p>Zgodnie z umow\u0105 prace maj\u0105 zako\u0144czy\u0107 si\u0119 do ko\u0144ca&nbsp; czerwca 2020 r.<br \/>\n<img loading=\"lazy\" decoding=\"async\" class=\"aligncenter size-full wp-image-9533\" src=\"http:\/\/razemdlabialoleki.waw.pl\/wp-content\/uploads\/2020\/01\/Sieczna-1.jpg\" alt=\"\" width=\"4608\" height=\"3456\" srcset=\"http:\/\/razemdlabialoleki.waw.pl\/wp-content\/uploads\/2020\/01\/Sieczna-1.jpg 4608w, http:\/\/razemdlabialoleki.waw.pl\/wp-content\/uploads\/2020\/01\/Sieczna-1-300x225.jpg 300w, http:\/\/razemdlabialoleki.waw.pl\/wp-content\/uploads\/2020\/01\/Sieczna-1-768x576.jpg 768w, http:\/\/razemdlabialoleki.waw.pl\/wp-content\/uploads\/2020\/01\/Sieczna-1-1024x768.jpg 1024w, http:\/\/razemdlabialoleki.waw.pl\/wp-content\/uploads\/2020\/01\/Sieczna-1-110x83.jpg 110w, http:\/\/razemdlabialoleki.waw.pl\/wp-content\/uploads\/2020\/01\/Sieczna-1-420x315.jpg 420w, http:\/\/razemdlabialoleki.waw.pl\/wp-content\/uploads\/2020\/01\/Sieczna-1-573x430.jpg 573w\" sizes=\"auto, (max-width: 4608px) 100vw, 4608px\" \/> <img loading=\"lazy\" decoding=\"async\" class=\"aligncenter size-full wp-image-9534\" src=\"http:\/\/razemdlabialoleki.waw.pl\/wp-content\/uploads\/2020\/01\/Sieczna-2.jpg\" alt=\"\" width=\"4032\" height=\"3024\" srcset=\"http:\/\/razemdlabialoleki.waw.pl\/wp-content\/uploads\/2020\/01\/Sieczna-2.jpg 4032w, http:\/\/razemdlabialoleki.waw.pl\/wp-content\/uploads\/2020\/01\/Sieczna-2-300x225.jpg 300w, http:\/\/razemdlabialoleki.waw.pl\/wp-content\/uploads\/2020\/01\/Sieczna-2-768x576.jpg 768w, http:\/\/razemdlabialoleki.waw.pl\/wp-content\/uploads\/2020\/01\/Sieczna-2-1024x768.jpg 1024w, http:\/\/razemdlabialoleki.waw.pl\/wp-content\/uploads\/2020\/01\/Sieczna-2-110x83.jpg 110w, http:\/\/razemdlabialoleki.waw.pl\/wp-content\/uploads\/2020\/01\/Sieczna-2-420x315.jpg 420w, http:\/\/razemdlabialoleki.waw.pl\/wp-content\/uploads\/2020\/01\/Sieczna-2-573x430.jpg 573w\" sizes=\"auto, (max-width: 4032px) 100vw, 4032px\" \/> <img loading=\"lazy\" decoding=\"async\" class=\"aligncenter size-full wp-image-9535\" src=\"http:\/\/razemdlabialoleki.waw.pl\/wp-content\/uploads\/2020\/01\/Sieczna-3.jpg\" alt=\"\" width=\"4032\" height=\"3024\" srcset=\"http:\/\/razemdlabialoleki.waw.pl\/wp-content\/uploads\/2020\/01\/Sieczna-3.jpg 4032w, http:\/\/razemdlabialoleki.waw.pl\/wp-content\/uploads\/2020\/01\/Sieczna-3-300x225.jpg 300w, http:\/\/razemdlabialoleki.waw.pl\/wp-content\/uploads\/2020\/01\/Sieczna-3-768x576.jpg 768w, http:\/\/razemdlabialoleki.waw.pl\/wp-content\/uploads\/2020\/01\/Sieczna-3-1024x768.jpg 1024w, http:\/\/razemdlabialoleki.waw.pl\/wp-content\/uploads\/2020\/01\/Sieczna-3-110x83.jpg 110w, http:\/\/razemdlabialoleki.waw.pl\/wp-content\/uploads\/2020\/01\/Sieczna-3-420x315.jpg 420w, http:\/\/razemdlabialoleki.waw.pl\/wp-content\/uploads\/2020\/01\/Sieczna-3-573x430.jpg 573w\" sizes=\"auto, (max-width: 4032px) 100vw, 4032px\" \/> <img loading=\"lazy\" decoding=\"async\" class=\"aligncenter size-full wp-image-9536\" src=\"http:\/\/razemdlabialoleki.waw.pl\/wp-content\/uploads\/2020\/01\/Sieczna-4.jpg\" alt=\"\" width=\"4032\" height=\"3024\" srcset=\"http:\/\/razemdlabialoleki.waw.pl\/wp-content\/uploads\/2020\/01\/Sieczna-4.jpg 4032w, http:\/\/razemdlabialoleki.waw.pl\/wp-content\/uploads\/2020\/01\/Sieczna-4-300x225.jpg 300w, http:\/\/razemdlabialoleki.waw.pl\/wp-content\/uploads\/2020\/01\/Sieczna-4-768x576.jpg 768w, http:\/\/razemdlabialoleki.waw.pl\/wp-content\/uploads\/2020\/01\/Sieczna-4-1024x768.jpg 1024w, http:\/\/razemdlabialoleki.waw.pl\/wp-content\/uploads\/2020\/01\/Sieczna-4-110x83.jpg 110w, http:\/\/razemdlabialoleki.waw.pl\/wp-content\/uploads\/2020\/01\/Sieczna-4-420x315.jpg 420w, http:\/\/razemdlabialoleki.waw.pl\/wp-content\/uploads\/2020\/01\/Sieczna-4-573x430.jpg 573w\" sizes=\"auto, (max-width: 4032px) 100vw, 4032px\" \/> <img loading=\"lazy\" decoding=\"async\" class=\"aligncenter size-full wp-image-9537\" src=\"http:\/\/razemdlabialoleki.waw.pl\/wp-content\/uploads\/2020\/01\/Sieczna-01012020-2.jpg\" alt=\"\" width=\"1280\" height=\"960\" srcset=\"http:\/\/razemdlabialoleki.waw.pl\/wp-content\/uploads\/2020\/01\/Sieczna-01012020-2.jpg 1280w, http:\/\/razemdlabialoleki.waw.pl\/wp-content\/uploads\/2020\/01\/Sieczna-01012020-2-300x225.jpg 300w, http:\/\/razemdlabialoleki.waw.pl\/wp-content\/uploads\/2020\/01\/Sieczna-01012020-2-768x576.jpg 768w, http:\/\/razemdlabialoleki.waw.pl\/wp-content\/uploads\/2020\/01\/Sieczna-01012020-2-1024x768.jpg 1024w, http:\/\/razemdlabialoleki.waw.pl\/wp-content\/uploads\/2020\/01\/Sieczna-01012020-2-110x83.jpg 110w, http:\/\/razemdlabialoleki.waw.pl\/wp-content\/uploads\/2020\/01\/Sieczna-01012020-2-420x315.jpg 420w, http:\/\/razemdlabialoleki.waw.pl\/wp-content\/uploads\/2020\/01\/Sieczna-01012020-2-573x430.jpg 573w\" sizes=\"auto, (max-width: 1280px) 100vw, 1280px\" \/> <img loading=\"lazy\" decoding=\"async\" class=\"aligncenter size-full wp-image-9538\" src=\"http:\/\/razemdlabialoleki.waw.pl\/wp-content\/uploads\/2020\/01\/Sieczna-01012020-3.jpg\" alt=\"\" width=\"1280\" height=\"960\" srcset=\"http:\/\/razemdlabialoleki.waw.pl\/wp-content\/uploads\/2020\/01\/Sieczna-01012020-3.jpg 1280w, http:\/\/razemdlabialoleki.waw.pl\/wp-content\/uploads\/2020\/01\/Sieczna-01012020-3-300x225.jpg 300w, http:\/\/razemdlabialoleki.waw.pl\/wp-content\/uploads\/2020\/01\/Sieczna-01012020-3-768x576.jpg 768w, http:\/\/razemdlabialoleki.waw.pl\/wp-content\/uploads\/2020\/01\/Sieczna-01012020-3-1024x768.jpg 1024w, http:\/\/razemdlabialoleki.waw.pl\/wp-content\/uploads\/2020\/01\/Sieczna-01012020-3-110x83.jpg 110w, http:\/\/razemdlabialoleki.waw.pl\/wp-content\/uploads\/2020\/01\/Sieczna-01012020-3-420x315.jpg 420w, http:\/\/razemdlabialoleki.waw.pl\/wp-content\/uploads\/2020\/01\/Sieczna-01012020-3-573x430.jpg 573w\" sizes=\"auto, (max-width: 1280px) 100vw, 1280px\" \/> <img loading=\"lazy\" decoding=\"async\" class=\"aligncenter size-full wp-image-9539\" src=\"http:\/\/razemdlabialoleki.waw.pl\/wp-content\/uploads\/2020\/01\/Sieczna-01012020-6.jpg\" alt=\"\" width=\"1280\" height=\"960\" srcset=\"http:\/\/razemdlabialoleki.waw.pl\/wp-content\/uploads\/2020\/01\/Sieczna-01012020-6.jpg 1280w, http:\/\/razemdlabialoleki.waw.pl\/wp-content\/uploads\/2020\/01\/Sieczna-01012020-6-300x225.jpg 300w, http:\/\/razemdlabialoleki.waw.pl\/wp-content\/uploads\/2020\/01\/Sieczna-01012020-6-768x576.jpg 768w, http:\/\/razemdlabialoleki.waw.pl\/wp-content\/uploads\/2020\/01\/Sieczna-01012020-6-1024x768.jpg 1024w, http:\/\/razemdlabialoleki.waw.pl\/wp-content\/uploads\/2020\/01\/Sieczna-01012020-6-110x83.jpg 110w, http:\/\/razemdlabialoleki.waw.pl\/wp-content\/uploads\/2020\/01\/Sieczna-01012020-6-420x315.jpg 420w, http:\/\/razemdlabialoleki.waw.pl\/wp-content\/uploads\/2020\/01\/Sieczna-01012020-6-573x430.jpg 573w\" sizes=\"auto, (max-width: 1280px) 100vw, 1280px\" \/> <img loading=\"lazy\" decoding=\"async\" class=\"aligncenter size-full wp-image-9540\" src=\"http:\/\/razemdlabialoleki.waw.pl\/wp-content\/uploads\/2020\/01\/Sieczna-01012020-7.jpg\" alt=\"\" width=\"1280\" height=\"960\" srcset=\"http:\/\/razemdlabialoleki.waw.pl\/wp-content\/uploads\/2020\/01\/Sieczna-01012020-7.jpg 1280w, http:\/\/razemdlabialoleki.waw.pl\/wp-content\/uploads\/2020\/01\/Sieczna-01012020-7-300x225.jpg 300w, http:\/\/razemdlabialoleki.waw.pl\/wp-content\/uploads\/2020\/01\/Sieczna-01012020-7-768x576.jpg 768w, http:\/\/razemdlabialoleki.waw.pl\/wp-content\/uploads\/2020\/01\/Sieczna-01012020-7-1024x768.jpg 1024w, http:\/\/razemdlabialoleki.waw.pl\/wp-content\/uploads\/2020\/01\/Sieczna-01012020-7-110x83.jpg 110w, http:\/\/razemdlabialoleki.waw.pl\/wp-content\/uploads\/2020\/01\/Sieczna-01012020-7-420x315.jpg 420w, http:\/\/razemdlabialoleki.waw.pl\/wp-content\/uploads\/2020\/01\/Sieczna-01012020-7-573x430.jpg 573w\" sizes=\"auto, (max-width: 1280px) 100vw, 1280px\" \/> <img loading=\"lazy\" decoding=\"async\" class=\"aligncenter size-full wp-image-9541\" src=\"http:\/\/razemdlabialoleki.waw.pl\/wp-content\/uploads\/2020\/01\/Sieczna-01012020-8.jpg\" alt=\"\" width=\"1280\" height=\"960\" srcset=\"http:\/\/razemdlabialoleki.waw.pl\/wp-content\/uploads\/2020\/01\/Sieczna-01012020-8.jpg 1280w, http:\/\/razemdlabialoleki.waw.pl\/wp-content\/uploads\/2020\/01\/Sieczna-01012020-8-300x225.jpg 300w, http:\/\/razemdlabialoleki.waw.pl\/wp-content\/uploads\/2020\/01\/Sieczna-01012020-8-1024x768.jpg 1024w, http:\/\/razemdlabialoleki.waw.pl\/wp-content\/uploads\/2020\/01\/Sieczna-01012020-8-768x576.jpg 768w, http:\/\/razemdlabialoleki.waw.pl\/wp-content\/uploads\/2020\/01\/Sieczna-01012020-8-110x83.jpg 110w, http:\/\/razemdlabialoleki.waw.pl\/wp-content\/uploads\/2020\/01\/Sieczna-01012020-8-420x315.jpg 420w, http:\/\/razemdlabialoleki.waw.pl\/wp-content\/uploads\/2020\/01\/Sieczna-01012020-8-573x430.jpg 573w\" sizes=\"auto, (max-width: 1280px) 100vw, 1280px\" \/> <img loading=\"lazy\" decoding=\"async\" class=\"aligncenter size-full wp-image-9542\" src=\"http:\/\/razemdlabialoleki.waw.pl\/wp-content\/uploads\/2020\/01\/Sieczna-01012020-9.jpg\" alt=\"\" width=\"1280\" height=\"720\" srcset=\"http:\/\/razemdlabialoleki.waw.pl\/wp-content\/uploads\/2020\/01\/Sieczna-01012020-9.jpg 1280w, http:\/\/razemdlabialoleki.waw.pl\/wp-content\/uploads\/2020\/01\/Sieczna-01012020-9-300x169.jpg 300w, http:\/\/razemdlabialoleki.waw.pl\/wp-content\/uploads\/2020\/01\/Sieczna-01012020-9-768x432.jpg 768w, http:\/\/razemdlabialoleki.waw.pl\/wp-content\/uploads\/2020\/01\/Sieczna-01012020-9-1024x576.jpg 1024w, http:\/\/razemdlabialoleki.waw.pl\/wp-content\/uploads\/2020\/01\/Sieczna-01012020-9-110x62.jpg 110w, http:\/\/razemdlabialoleki.waw.pl\/wp-content\/uploads\/2020\/01\/Sieczna-01012020-9-420x236.jpg 420w, http:\/\/razemdlabialoleki.waw.pl\/wp-content\/uploads\/2020\/01\/Sieczna-01012020-9-764x430.jpg 764w\" sizes=\"auto, (max-width: 1280px) 100vw, 1280px\" \/> <img loading=\"lazy\" decoding=\"async\" class=\"aligncenter size-full wp-image-9543\" src=\"http:\/\/razemdlabialoleki.waw.pl\/wp-content\/uploads\/2020\/01\/Sieczna-01012020-10.jpg\" alt=\"\" width=\"1280\" height=\"960\" srcset=\"http:\/\/razemdlabialoleki.waw.pl\/wp-content\/uploads\/2020\/01\/Sieczna-01012020-10.jpg 1280w, http:\/\/razemdlabialoleki.waw.pl\/wp-content\/uploads\/2020\/01\/Sieczna-01012020-10-300x225.jpg 300w, http:\/\/razemdlabialoleki.waw.pl\/wp-content\/uploads\/2020\/01\/Sieczna-01012020-10-768x576.jpg 768w, http:\/\/razemdlabialoleki.waw.pl\/wp-content\/uploads\/2020\/01\/Sieczna-01012020-10-1024x768.jpg 1024w, http:\/\/razemdlabialoleki.waw.pl\/wp-content\/uploads\/2020\/01\/Sieczna-01012020-10-110x83.jpg 110w, http:\/\/razemdlabialoleki.waw.pl\/wp-content\/uploads\/2020\/01\/Sieczna-01012020-10-420x315.jpg 420w, http:\/\/razemdlabialoleki.waw.pl\/wp-content\/uploads\/2020\/01\/Sieczna-01012020-10-573x430.jpg 573w\" sizes=\"auto, (max-width: 1280px) 100vw, 1280px\" \/> <img loading=\"lazy\" decoding=\"async\" class=\"aligncenter size-full wp-image-9544\" src=\"http:\/\/razemdlabialoleki.waw.pl\/wp-content\/uploads\/2020\/01\/Sieczna-01012020-11.jpg\" alt=\"\" width=\"1280\" height=\"960\" srcset=\"http:\/\/razemdlabialoleki.waw.pl\/wp-content\/uploads\/2020\/01\/Sieczna-01012020-11.jpg 1280w, http:\/\/razemdlabialoleki.waw.pl\/wp-content\/uploads\/2020\/01\/Sieczna-01012020-11-300x225.jpg 300w, http:\/\/razemdlabialoleki.waw.pl\/wp-content\/uploads\/2020\/01\/Sieczna-01012020-11-768x576.jpg 768w, http:\/\/razemdlabialoleki.waw.pl\/wp-content\/uploads\/2020\/01\/Sieczna-01012020-11-1024x768.jpg 1024w, http:\/\/razemdlabialoleki.waw.pl\/wp-content\/uploads\/2020\/01\/Sieczna-01012020-11-110x83.jpg 110w, http:\/\/razemdlabialoleki.waw.pl\/wp-content\/uploads\/2020\/01\/Sieczna-01012020-11-420x315.jpg 420w, http:\/\/razemdlabialoleki.waw.pl\/wp-content\/uploads\/2020\/01\/Sieczna-01012020-11-573x430.jpg 573w\" sizes=\"auto, (max-width: 1280px) 100vw, 1280px\" \/> <img loading=\"lazy\" decoding=\"async\" class=\"aligncenter size-full wp-image-9545\" src=\"http:\/\/razemdlabialoleki.waw.pl\/wp-content\/uploads\/2020\/01\/Sieczna-01012020-12.jpg\" alt=\"\" width=\"1280\" height=\"720\" srcset=\"http:\/\/razemdlabialoleki.waw.pl\/wp-content\/uploads\/2020\/01\/Sieczna-01012020-12.jpg 1280w, http:\/\/razemdlabialoleki.waw.pl\/wp-content\/uploads\/2020\/01\/Sieczna-01012020-12-300x169.jpg 300w, http:\/\/razemdlabialoleki.waw.pl\/wp-content\/uploads\/2020\/01\/Sieczna-01012020-12-768x432.jpg 768w, http:\/\/razemdlabialoleki.waw.pl\/wp-content\/uploads\/2020\/01\/Sieczna-01012020-12-1024x576.jpg 1024w, http:\/\/razemdlabialoleki.waw.pl\/wp-content\/uploads\/2020\/01\/Sieczna-01012020-12-110x62.jpg 110w, http:\/\/razemdlabialoleki.waw.pl\/wp-content\/uploads\/2020\/01\/Sieczna-01012020-12-420x236.jpg 420w, http:\/\/razemdlabialoleki.waw.pl\/wp-content\/uploads\/2020\/01\/Sieczna-01012020-12-764x430.jpg 764w\" sizes=\"auto, (max-width: 1280px) 100vw, 1280px\" \/> <img loading=\"lazy\" decoding=\"async\" class=\"aligncenter size-full wp-image-9546\" src=\"http:\/\/razemdlabialoleki.waw.pl\/wp-content\/uploads\/2020\/01\/Sieczna-01012020-13.jpg\" alt=\"\" width=\"1280\" height=\"960\" srcset=\"http:\/\/razemdlabialoleki.waw.pl\/wp-content\/uploads\/2020\/01\/Sieczna-01012020-13.jpg 1280w, http:\/\/razemdlabialoleki.waw.pl\/wp-content\/uploads\/2020\/01\/Sieczna-01012020-13-300x225.jpg 300w, http:\/\/razemdlabialoleki.waw.pl\/wp-content\/uploads\/2020\/01\/Sieczna-01012020-13-768x576.jpg 768w, http:\/\/razemdlabialoleki.waw.pl\/wp-content\/uploads\/2020\/01\/Sieczna-01012020-13-1024x768.jpg 1024w, http:\/\/razemdlabialoleki.waw.pl\/wp-content\/uploads\/2020\/01\/Sieczna-01012020-13-110x83.jpg 110w, http:\/\/razemdlabialoleki.waw.pl\/wp-content\/uploads\/2020\/01\/Sieczna-01012020-13-420x315.jpg 420w, http:\/\/razemdlabialoleki.waw.pl\/wp-content\/uploads\/2020\/01\/Sieczna-01012020-13-573x430.jpg 573w\" sizes=\"auto, (max-width: 1280px) 100vw, 1280px\" \/><\/p>\n","protected":false},"excerpt":{"rendered":"<p>Trwa budowa pierwszego odcinka ulicy Siecznej, od ul. G\u0142\u0119bockiej na odcinku ok. 370 metr\u00f3w, czyli do pierwszego osiedla. W ramach prowadzonych prac wybudowano jezdni\u0119 o szeroko\u015bci 6 m, przed wykonawc\u0105 budowa chodnik\u00f3w, \u015bcie\u017cki rowerowej oraz o\u015bwietlenia. Roboty s\u0105 prowadzone w koordynacji z budow\u0105 kana\u0142u&nbsp; sanitarnego oraz wodoci\u0105gu. Zgodnie z umow\u0105 prace maj\u0105 zako\u0144czy\u0107 si\u0119 do [&hellip;]<\/p>\n","protected":false},"author":2,"featured_media":9541,"comment_status":"closed","ping_status":"closed","sticky":false,"template":"","format":"standard","meta":{"ngg_post_thumbnail":0,"footnotes":""},"categories":[27],"tags":[],"class_list":["post-9532","post","type-post","status-publish","format-standard","has-post-thumbnail","hentry","category-inwestycje"],"_links":{"self":[{"href":"http:\/\/razemdlabialoleki.waw.pl\/index.php?rest_route=\/wp\/v2\/posts\/9532","targetHints":{"allow":["GET"]}}],"collection":[{"href":"http:\/\/razemdlabialoleki.waw.pl\/index.php?rest_route=\/wp\/v2\/posts"}],"about":[{"href":"http:\/\/razemdlabialoleki.waw.pl\/index.php?rest_route=\/wp\/v2\/types\/post"}],"author":[{"embeddable":true,"href":"http:\/\/razemdlabialoleki.waw.pl\/index.php?rest_route=\/wp\/v2\/users\/2"}],"replies":[{"embeddable":true,"href":"http:\/\/razemdlabialoleki.waw.pl\/index.php?rest_route=%2Fwp%2Fv2%2Fcomments&post=9532"}],"version-history":[{"count":2,"href":"http:\/\/razemdlabialoleki.waw.pl\/index.php?rest_route=\/wp\/v2\/posts\/9532\/revisions"}],"predecessor-version":[{"id":9554,"href":"http:\/\/razemdlabialoleki.waw.pl\/index.php?rest_route=\/wp\/v2\/posts\/9532\/revisions\/9554"}],"wp:featuredmedia":[{"embeddable":true,"href":"http:\/\/razemdlabialoleki.waw.pl\/index.php?rest_route=\/wp\/v2\/media\/9541"}],"wp:attachment":[{"href":"http:\/\/razemdlabialoleki.waw.pl\/index.php?rest_route=%2Fwp%2Fv2%2Fmedia&parent=9532"}],"wp:term":[{"taxonomy":"category","embeddable":true,"href":"http:\/\/razemdlabialoleki.waw.pl\/index.php?rest_route=%2Fwp%2Fv2%2Fcategories&post=9532"},{"taxonomy":"post_tag","embeddable":true,"href":"http:\/\/razemdlabialoleki.waw.pl\/index.php?rest_route=%2Fwp%2Fv2%2Ftags&post=9532"}],"curies":[{"name":"wp","href":"https:\/\/api.w.org\/{rel}","templated":true}]}}