{"id":9469,"date":"2019-12-23T13:21:52","date_gmt":"2019-12-23T12:21:52","guid":{"rendered":"http:\/\/razemdlabialoleki.waw.pl\/?p=9469"},"modified":"2024-01-27T17:25:08","modified_gmt":"2024-01-27T16:25:08","slug":"co-sie-zmieni-na-ulicy-dorodnej","status":"publish","type":"post","link":"http:\/\/razemdlabialoleki.waw.pl\/?p=9469","title":{"rendered":"Co si\u0119 zmieni na ulicy Dorodnej?"},"content":{"rendered":"\n<p>W zwi\u0105zku z budow\u0105 przystank\u00f3w autobusowych przy ul. Dorodnej i w odpowiedzi na liczne apele o popraw\u0119 bezpiecze\u0144stwa w tym rejonie, zostanie zmodernizowana cz\u0119\u015b\u0107 chodnik\u00f3w (na wysoko\u015bci przystank\u00f3w). Zosta\u0142y r\u00f3wnie\u017c wytyczone dwa przej\u015bcia dla pieszych przy skrzy\u017cowaniu z Portow\u0105 oraz uzupe\u0142niony prowadz\u0105cy do nich chodnik.<\/p>\n\n\n\n<p>W odpowiedzi na wnioski o uspokojenie ruchu i popraw\u0119 bezpiecze\u0144stwa pieszych, zostanie tak\u017ce opracowana organizacja ruchu zawieraj\u0105ca spowalniacze w formie prog\u00f3w wyspowych. ZDM zapowiada r\u00f3wnie\u017c do\u015bwietlenie przej\u015bcia dla pieszych w rejonie Portowej.<\/p>\n\n\n\n<figure class=\"wp-block-image\"><img loading=\"lazy\" decoding=\"async\" width=\"725\" height=\"1024\" src=\"http:\/\/razemdlabialoleki.waw.pl\/wp-content\/uploads\/2019\/11\/SKONICA284E19110815440-page-001-725x1024.jpg\" alt=\"\" class=\"wp-image-9245\" srcset=\"http:\/\/razemdlabialoleki.waw.pl\/wp-content\/uploads\/2019\/11\/SKONICA284E19110815440-page-001-725x1024.jpg 725w, http:\/\/razemdlabialoleki.waw.pl\/wp-content\/uploads\/2019\/11\/SKONICA284E19110815440-page-001-212x300.jpg 212w, http:\/\/razemdlabialoleki.waw.pl\/wp-content\/uploads\/2019\/11\/SKONICA284E19110815440-page-001-768x1085.jpg 768w, http:\/\/razemdlabialoleki.waw.pl\/wp-content\/uploads\/2019\/11\/SKONICA284E19110815440-page-001-78x110.jpg 78w, http:\/\/razemdlabialoleki.waw.pl\/wp-content\/uploads\/2019\/11\/SKONICA284E19110815440-page-001-297x420.jpg 297w, http:\/\/razemdlabialoleki.waw.pl\/wp-content\/uploads\/2019\/11\/SKONICA284E19110815440-page-001-304x430.jpg 304w, http:\/\/razemdlabialoleki.waw.pl\/wp-content\/uploads\/2019\/11\/SKONICA284E19110815440-page-001.jpg 1240w\" sizes=\"auto, (max-width: 725px) 100vw, 725px\" \/><\/figure>\n\n\n\n<p>Remontu i poszerzenia wymaga jednak ca\u0142y chodnik wzd\u0142u\u017c Dorodnej, na odcinku My\u015bliborska-Klembowska. Dlatego ju\u017c teraz zach\u0119cam do g\u0142osowania w Bud\u017cecie Obywatelskim na projekt <a href=\"http:\/\/bit.ly\/MysliborskaDorodna\">Remont i poszerzenie chodnik\u00f3w na My\u015bliborskiej i Dorodnej<\/a>, kt\u00f3ry obejmuje tak\u017ce poszerzenie chodnika wzd\u0142u\u017c My\u015bliborskiej (w rejonie Mostu Marii Sk\u0142odowskiej-Curie) i utworzenie aktywnych, bezpieczniejszych przej\u015b\u0107 dla pieszych przy skrzy\u017cowaniach My\u015bliborskiej z P\u0142u\u017cnick\u0105 i Kasztanow\u0105. Teraz czeka nas weryfikacja projektu, a g\u0142osowanie rozpocznie si\u0119 w po\u0142owie czerwca.<\/p>\n\n\n\n<figure class=\"wp-block-image\"><img loading=\"lazy\" decoding=\"async\" width=\"1024\" height=\"768\" src=\"http:\/\/razemdlabialoleki.waw.pl\/wp-content\/uploads\/2019\/12\/IMG_20191222_125832-1-1024x768.jpg\" alt=\"\" class=\"wp-image-9481\" srcset=\"http:\/\/razemdlabialoleki.waw.pl\/wp-content\/uploads\/2019\/12\/IMG_20191222_125832-1-1024x768.jpg 1024w, http:\/\/razemdlabialoleki.waw.pl\/wp-content\/uploads\/2019\/12\/IMG_20191222_125832-1-300x225.jpg 300w, http:\/\/razemdlabialoleki.waw.pl\/wp-content\/uploads\/2019\/12\/IMG_20191222_125832-1-768x576.jpg 768w, http:\/\/razemdlabialoleki.waw.pl\/wp-content\/uploads\/2019\/12\/IMG_20191222_125832-1-110x83.jpg 110w, http:\/\/razemdlabialoleki.waw.pl\/wp-content\/uploads\/2019\/12\/IMG_20191222_125832-1-420x315.jpg 420w, http:\/\/razemdlabialoleki.waw.pl\/wp-content\/uploads\/2019\/12\/IMG_20191222_125832-1-573x430.jpg 573w\" sizes=\"auto, (max-width: 1024px) 100vw, 1024px\" \/><\/figure>\n\n\n\n<figure class=\"wp-block-image\"><img loading=\"lazy\" decoding=\"async\" width=\"1024\" height=\"768\" src=\"http:\/\/razemdlabialoleki.waw.pl\/wp-content\/uploads\/2019\/12\/IMG_20191222_130540-Copy-1024x768.jpg\" alt=\"\" class=\"wp-image-9476\" srcset=\"http:\/\/razemdlabialoleki.waw.pl\/wp-content\/uploads\/2019\/12\/IMG_20191222_130540-Copy-1024x768.jpg 1024w, http:\/\/razemdlabialoleki.waw.pl\/wp-content\/uploads\/2019\/12\/IMG_20191222_130540-Copy-300x225.jpg 300w, http:\/\/razemdlabialoleki.waw.pl\/wp-content\/uploads\/2019\/12\/IMG_20191222_130540-Copy-768x576.jpg 768w, http:\/\/razemdlabialoleki.waw.pl\/wp-content\/uploads\/2019\/12\/IMG_20191222_130540-Copy-110x83.jpg 110w, http:\/\/razemdlabialoleki.waw.pl\/wp-content\/uploads\/2019\/12\/IMG_20191222_130540-Copy-420x315.jpg 420w, http:\/\/razemdlabialoleki.waw.pl\/wp-content\/uploads\/2019\/12\/IMG_20191222_130540-Copy-573x430.jpg 573w\" sizes=\"auto, (max-width: 1024px) 100vw, 1024px\" \/><\/figure>\n\n\n\n<figure class=\"wp-block-image\"><img loading=\"lazy\" decoding=\"async\" width=\"1024\" height=\"768\" src=\"http:\/\/razemdlabialoleki.waw.pl\/wp-content\/uploads\/2019\/12\/IMG_20191222_130604-1024x768.jpg\" alt=\"\" class=\"wp-image-9477\" srcset=\"http:\/\/razemdlabialoleki.waw.pl\/wp-content\/uploads\/2019\/12\/IMG_20191222_130604-1024x768.jpg 1024w, http:\/\/razemdlabialoleki.waw.pl\/wp-content\/uploads\/2019\/12\/IMG_20191222_130604-300x225.jpg 300w, http:\/\/razemdlabialoleki.waw.pl\/wp-content\/uploads\/2019\/12\/IMG_20191222_130604-768x576.jpg 768w, http:\/\/razemdlabialoleki.waw.pl\/wp-content\/uploads\/2019\/12\/IMG_20191222_130604-110x83.jpg 110w, http:\/\/razemdlabialoleki.waw.pl\/wp-content\/uploads\/2019\/12\/IMG_20191222_130604-420x315.jpg 420w, http:\/\/razemdlabialoleki.waw.pl\/wp-content\/uploads\/2019\/12\/IMG_20191222_130604-573x430.jpg 573w\" sizes=\"auto, (max-width: 1024px) 100vw, 1024px\" \/><\/figure>\n\n\n\n<figure class=\"wp-block-image\"><img loading=\"lazy\" decoding=\"async\" width=\"1024\" height=\"768\" src=\"http:\/\/razemdlabialoleki.waw.pl\/wp-content\/uploads\/2019\/12\/IMG_20191222_125849-Copy-1024x768.jpg\" alt=\"\" class=\"wp-image-9478\" srcset=\"http:\/\/razemdlabialoleki.waw.pl\/wp-content\/uploads\/2019\/12\/IMG_20191222_125849-Copy-1024x768.jpg 1024w, http:\/\/razemdlabialoleki.waw.pl\/wp-content\/uploads\/2019\/12\/IMG_20191222_125849-Copy-300x225.jpg 300w, http:\/\/razemdlabialoleki.waw.pl\/wp-content\/uploads\/2019\/12\/IMG_20191222_125849-Copy-768x576.jpg 768w, http:\/\/razemdlabialoleki.waw.pl\/wp-content\/uploads\/2019\/12\/IMG_20191222_125849-Copy-110x83.jpg 110w, http:\/\/razemdlabialoleki.waw.pl\/wp-content\/uploads\/2019\/12\/IMG_20191222_125849-Copy-420x315.jpg 420w, http:\/\/razemdlabialoleki.waw.pl\/wp-content\/uploads\/2019\/12\/IMG_20191222_125849-Copy-573x430.jpg 573w\" sizes=\"auto, (max-width: 1024px) 100vw, 1024px\" \/><\/figure>\n","protected":false},"excerpt":{"rendered":"<p>W zwi\u0105zku z budow\u0105 przystank\u00f3w autobusowych przy ul. Dorodnej i w odpowiedzi na liczne apele o popraw\u0119 bezpiecze\u0144stwa w tym rejonie, zostanie zmodernizowana cz\u0119\u015b\u0107 chodnik\u00f3w (na wysoko\u015bci przystank\u00f3w). Zosta\u0142y r\u00f3wnie\u017c wytyczone dwa przej\u015bcia dla pieszych przy skrzy\u017cowaniu z Portow\u0105 oraz uzupe\u0142niony prowadz\u0105cy do nich chodnik. W odpowiedzi na wnioski o uspokojenie ruchu i popraw\u0119 bezpiecze\u0144stwa [&hellip;]<\/p>\n","protected":false},"author":3,"featured_media":9474,"comment_status":"closed","ping_status":"closed","sticky":false,"template":"","format":"standard","meta":{"ngg_post_thumbnail":0,"footnotes":""},"categories":[27,30],"tags":[],"class_list":["post-9469","post","type-post","status-publish","format-standard","has-post-thumbnail","hentry","category-inwestycje","category-komunikacja"],"_links":{"self":[{"href":"http:\/\/razemdlabialoleki.waw.pl\/index.php?rest_route=\/wp\/v2\/posts\/9469","targetHints":{"allow":["GET"]}}],"collection":[{"href":"http:\/\/razemdlabialoleki.waw.pl\/index.php?rest_route=\/wp\/v2\/posts"}],"about":[{"href":"http:\/\/razemdlabialoleki.waw.pl\/index.php?rest_route=\/wp\/v2\/types\/post"}],"author":[{"embeddable":true,"href":"http:\/\/razemdlabialoleki.waw.pl\/index.php?rest_route=\/wp\/v2\/users\/3"}],"replies":[{"embeddable":true,"href":"http:\/\/razemdlabialoleki.waw.pl\/index.php?rest_route=%2Fwp%2Fv2%2Fcomments&post=9469"}],"version-history":[{"count":13,"href":"http:\/\/razemdlabialoleki.waw.pl\/index.php?rest_route=\/wp\/v2\/posts\/9469\/revisions"}],"predecessor-version":[{"id":20663,"href":"http:\/\/razemdlabialoleki.waw.pl\/index.php?rest_route=\/wp\/v2\/posts\/9469\/revisions\/20663"}],"wp:featuredmedia":[{"embeddable":true,"href":"http:\/\/razemdlabialoleki.waw.pl\/index.php?rest_route=\/wp\/v2\/media\/9474"}],"wp:attachment":[{"href":"http:\/\/razemdlabialoleki.waw.pl\/index.php?rest_route=%2Fwp%2Fv2%2Fmedia&parent=9469"}],"wp:term":[{"taxonomy":"category","embeddable":true,"href":"http:\/\/razemdlabialoleki.waw.pl\/index.php?rest_route=%2Fwp%2Fv2%2Fcategories&post=9469"},{"taxonomy":"post_tag","embeddable":true,"href":"http:\/\/razemdlabialoleki.waw.pl\/index.php?rest_route=%2Fwp%2Fv2%2Ftags&post=9469"}],"curies":[{"name":"wp","href":"https:\/\/api.w.org\/{rel}","templated":true}]}}