{"id":911,"date":"2016-11-03T21:56:59","date_gmt":"2016-11-03T21:56:59","guid":{"rendered":"http:\/\/razemdlabialoleki.waw.pl\/?p=911"},"modified":"2024-01-14T15:17:14","modified_gmt":"2024-01-14T14:17:14","slug":"dziekujemy-podsumowanie-zbiorki-komitetu-spolecznego-razem-dla-bialoleki","status":"publish","type":"post","link":"http:\/\/razemdlabialoleki.waw.pl\/?p=911","title":{"rendered":"Dzi\u0119kujemy! Podsumowanie zbi\u00f3rki Komitetu Spo\u0142ecznego Razem dla Bia\u0142o\u0142\u0119ki"},"content":{"rendered":"<p style=\"text-align: justify;\"><strong>Dzi\u0119kujemy<\/strong> wszystkim za okazane serce, za po\u015bwi\u0119cony czas i zaanga\u017cowanie. Nasz wsp\u00f3lny trud zaowocowa\u0142 uzyskaniem kwoty, kt\u00f3rej chyba nikt si\u0119 nie spodziewa\u0142.<br \/>\n<strong>16.295,30 z\u0142<\/strong> &#8211; tyle dzi\u0119ki Pa\u0144stwa hojno\u015bci zebrali\u015bmy podczas zbi\u00f3rki organizowanej przez Komitet Spo\u0142eczny Razem dla Bia\u0142o\u0142\u0119ki. Kwestuj\u0105c mieli\u015bmy okazj\u0119 spotka\u0107 si\u0119 Pa\u0144stwem, wys\u0142ucha\u0107 nierzadko przepi\u0119knych historii o \u017cyciu, przemijaniu ale i us\u0142yszeli\u015bmy te\u017c wiele ciep\u0142ych s\u0142\u00f3w pod naszym adresem. Za to wszystko <span class=\"text_exposed_show\">dzi\u0119kujemy.<\/span><!--more--><\/p>\n<p style=\"text-align: justify;\"><span class=\"text_exposed_show\">A oto mam nadziej\u0119 wszyscy zaanga\u017cowani w nasz projekt bo jak wszyscy dobrze wiemy nic samo si\u0119 nie zrobi (je\u017celi kogokolwiek niechc\u0105cy pomin\u0105\u0142em to z g\u00f3ry przepraszam i prosz\u0119 o informacj\u0119):<br \/>\nAleksandra Borycka, Agnieszka W\u0142odkowska, Pawe\u0142 Olszewski, Luiza Ludwisiak-Onuch, Janusz Matosek, Magdalena Kutra, Micha\u0142 Pawlak, Micha\u0142 Kami\u0144ski, Gabriela Kropiewnicka, Bart\u0142omiej W\u0142odkowski, Pawe\u0142 Kwitniewski Pawe\u0142 Miszkurka, Artur Jaro\u0144, Weronika Paliwoda, Anna Bia\u0142kowska, Krzysztof Budek, Jacek Zienkiewicz, Kamil Chmielewski, Krzysztof Nitek, Agnieszka Adamowicz, Joanna Mackiewicz, Mariola Olszewska, Piotr Cieszkowski, Dariusz Olszewski, Izabella Adamczewska, Patryk Kr\u00f3l, Weronika K\u0142\u0105b, Anna Dragan-Babraj, Piotr Babraj, Rafa\u0142 Sarat, Izabela Strzeszewska, Joanna Rabiczko, Marcin Korowaj, Danuta Zaleska, Micha\u0142 Salamon, Ewa Kierasi\u0144ska-Siwkiewicz, Katarzyna Firlej, Edyta Pagel, Kinga Mazurek, Aleksandra \u015awieczka &#8211; sami Pa\u0144stwo widzicie ile os\u00f3b w r\u00f3\u017cny spos\u00f3b bra\u0142o udzia\u0142 w naszej wsp\u00f3lnej akcji. <\/span><\/p>\n<p style=\"text-align: justify;\"><span class=\"text_exposed_show\">Chc\u0119 r\u00f3wnie\u017c przy okazji podzi\u0119kowa\u0107 tym cz\u0142onkom Stowarzyszenia Razem dla Bia\u0142o\u0142\u0119ki, kt\u00f3rzy z r\u00f3\u017cnych powod\u00f3w nie mogli wzi\u0105\u0107 bezpo\u015brednio udzia\u0142u w zbi\u00f3rce ale nas wspierali i gor\u0105co nam wszystkim dopingowali. W imieniu Komitetu Spo\u0142ecznego Razem dla Bia\u0142o\u0142\u0119ki &#8211; Jan Mackiewicz.<br \/>\n<\/span><\/p>\n<p style=\"text-align: justify;\"><span class=\"text_exposed_show\">A poni\u017cej w materiale video kr\u00f3tkie podsumowanie naszej zbi\u00f3rki.<br \/>\nZapraszamy do obejrzenia i jeszcze raz serdecznie wszystkim dzi\u0119kujemy.<\/span><\/p>\n<p><iframe loading=\"lazy\" title=\"Podsumowanie zbi\u00f3rki Komitetu Spo\u0142ecznego Razem dla Bia\u0142o\u0142\u0119ki 2016r.\" width=\"500\" height=\"281\" src=\"https:\/\/www.youtube.com\/embed\/pitURufzv-w?feature=oembed\" frameborder=\"0\" allow=\"accelerometer; autoplay; clipboard-write; encrypted-media; gyroscope; picture-in-picture; web-share\" referrerpolicy=\"strict-origin-when-cross-origin\" allowfullscreen><\/iframe><\/p>\n","protected":false},"excerpt":{"rendered":"<p>Dzi\u0119kujemy wszystkim za okazane serce, za po\u015bwi\u0119cony czas i zaanga\u017cowanie. Nasz wsp\u00f3lny trud zaowocowa\u0142 uzyskaniem kwoty, kt\u00f3rej chyba nikt si\u0119 nie spodziewa\u0142. 16.295,30 z\u0142 &#8211; tyle dzi\u0119ki Pa\u0144stwa hojno\u015bci zebrali\u015bmy podczas zbi\u00f3rki organizowanej przez Komitet Spo\u0142eczny Razem dla Bia\u0142o\u0142\u0119ki. Kwestuj\u0105c mieli\u015bmy okazj\u0119 spotka\u0107 si\u0119 Pa\u0144stwem, wys\u0142ucha\u0107 nierzadko przepi\u0119knych historii o \u017cyciu, przemijaniu ale i us\u0142yszeli\u015bmy [&hellip;]<\/p>\n","protected":false},"author":2,"featured_media":806,"comment_status":"closed","ping_status":"closed","sticky":false,"template":"","format":"standard","meta":{"ngg_post_thumbnail":0,"footnotes":""},"categories":[10,53],"tags":[],"class_list":["post-911","post","type-post","status-publish","format-standard","has-post-thumbnail","hentry","category-akcja-spoleczna","category-zabytki"],"_links":{"self":[{"href":"http:\/\/razemdlabialoleki.waw.pl\/index.php?rest_route=\/wp\/v2\/posts\/911","targetHints":{"allow":["GET"]}}],"collection":[{"href":"http:\/\/razemdlabialoleki.waw.pl\/index.php?rest_route=\/wp\/v2\/posts"}],"about":[{"href":"http:\/\/razemdlabialoleki.waw.pl\/index.php?rest_route=\/wp\/v2\/types\/post"}],"author":[{"embeddable":true,"href":"http:\/\/razemdlabialoleki.waw.pl\/index.php?rest_route=\/wp\/v2\/users\/2"}],"replies":[{"embeddable":true,"href":"http:\/\/razemdlabialoleki.waw.pl\/index.php?rest_route=%2Fwp%2Fv2%2Fcomments&post=911"}],"version-history":[{"count":3,"href":"http:\/\/razemdlabialoleki.waw.pl\/index.php?rest_route=\/wp\/v2\/posts\/911\/revisions"}],"predecessor-version":[{"id":914,"href":"http:\/\/razemdlabialoleki.waw.pl\/index.php?rest_route=\/wp\/v2\/posts\/911\/revisions\/914"}],"wp:featuredmedia":[{"embeddable":true,"href":"http:\/\/razemdlabialoleki.waw.pl\/index.php?rest_route=\/wp\/v2\/media\/806"}],"wp:attachment":[{"href":"http:\/\/razemdlabialoleki.waw.pl\/index.php?rest_route=%2Fwp%2Fv2%2Fmedia&parent=911"}],"wp:term":[{"taxonomy":"category","embeddable":true,"href":"http:\/\/razemdlabialoleki.waw.pl\/index.php?rest_route=%2Fwp%2Fv2%2Fcategories&post=911"},{"taxonomy":"post_tag","embeddable":true,"href":"http:\/\/razemdlabialoleki.waw.pl\/index.php?rest_route=%2Fwp%2Fv2%2Ftags&post=911"}],"curies":[{"name":"wp","href":"https:\/\/api.w.org\/{rel}","templated":true}]}}