{"id":7776,"date":"2019-03-21T00:01:53","date_gmt":"2019-03-20T23:01:53","guid":{"rendered":"http:\/\/razemdlabialoleki.waw.pl\/?p=7776"},"modified":"2024-01-14T14:27:35","modified_gmt":"2024-01-14T13:27:35","slug":"swiatowy-dzien-zespolu-downa","status":"publish","type":"post","link":"http:\/\/razemdlabialoleki.waw.pl\/?p=7776","title":{"rendered":"\u015awiatowy Dzie\u0144 Zespo\u0142u Downa"},"content":{"rendered":"<p style=\"text-align: justify;\"><span id=\"fbPhotoSnowliftCaption\" class=\"fbPhotosPhotoCaption\" tabindex=\"0\" aria-live=\"polite\" data-ft=\"{&quot;tn&quot;:&quot;K&quot;}\"><span class=\"hasCaption\">21 marca z inicjatywy <a href=\"https:\/\/www.facebook.com\/DSiupdate\/?__xts__%5B0%5D=68.ARCDn0Xnpx45p0LpRrGfa8gJsWAU_7na4Kff57nyrwWxkmIqsgeaBD8LvzMruW7EL8QxVTMD_Aw93wpgAcftxOXNmPM6vSIczTIzpYYONR7MKQO0HwpuwV2Xq7dpP8mwNMPp48sSUNL3irF-fg_1HyF_cYbhC9jQxdzXHq2Zw_P60R-ZhUBNtTWjwA76o3BHI8m4sJW25svG1wayhPF-ojg-HxhzTTArZMd0_zLloQAe63JVAtuPxjcuMM2ECqMKZEdm9PSQM57gK0vigJUe9zcQ8DiwhGBkCjYCX5DpWp9pnLEyd3iDfYDngeH9t1WawxwVB4WTqi-flTC3BeE_Y2ZpxEZ9Zuj0K0isAmSnwPZlL233GglAk9kh_F3vNILAwhiKDMaUHg0BJdbxIGWOxrqWxNZyLodLb5qWrxjcXfXq3WoQuAreNGgF9tl6dkJA84J40eAJ3frwtEJeXR4T0HWUMHhmAAXvufpyqjdihPCNGgxa_DAqn30zxttiYg&amp;__tn__=%2CdK%2AF-R&amp;eid=ARAVBXUz2ALWZcxXP3OD0QFtZiQBgm6d4XsuhB0B4K5PMJw3RgE0hMtcZP0tAIzDdtpRc6oTBx86HlI4\" data-hovercard=\"\/ajax\/hovercard\/page.php?id=136861503050220&amp;extragetparams=%7B%22__tn__%22%3A%22%2CdK%2AF-R%22%2C%22eid%22%3A%22ARAVBXUz2ALWZcxXP3OD0QFtZiQBgm6d4XsuhB0B4K5PMJw3RgE0hMtcZP0tAIzDdtpRc6oTBx86HlI4%22%2C%22directed_target_id%22%3Anull%2C%22groups_location%22%3Anull%7D\" data-hovercard-prefer-more-content-show=\"1\">Down Syndrome International<\/a> od 2005 r. obchodzony jest \u015awiatowy Dzie\u0144 Zespo\u0142u Downa.<\/p>\n<p>W tym dniu zak\u0142adamy kolorowe skarpetki nie do pary, jest to symbol niedopasowania spo\u0142ecznego i genotypowego z jakim borykaj\u0105 si\u0119 osoby z zespo\u0142em Downa.<\/p>\n<p>Zapraszamy, w\u0142\u0105cz si\u0119 z nami do akcji <span class=\"_5mfr\"><span class=\"_6qdm\">\ud83d\udc9a<\/span><\/span><\/span><\/span><\/p>\n<div id=\"fbPhotoSnowliftCTMButton\">&nbsp;<\/div>\n","protected":false},"excerpt":{"rendered":"<p>21 marca z inicjatywy Down Syndrome International od 2005 r. obchodzony jest \u015awiatowy Dzie\u0144 Zespo\u0142u Downa. W tym dniu zak\u0142adamy kolorowe skarpetki nie do pary, jest to symbol niedopasowania spo\u0142ecznego i genotypowego z jakim borykaj\u0105 si\u0119 osoby z zespo\u0142em Downa. Zapraszamy, w\u0142\u0105cz si\u0119 z nami do akcji \ud83d\udc9a &nbsp;<\/p>\n","protected":false},"author":2,"featured_media":7777,"comment_status":"closed","ping_status":"closed","sticky":false,"template":"","format":"standard","meta":{"ngg_post_thumbnail":0,"footnotes":""},"categories":[10],"tags":[],"class_list":["post-7776","post","type-post","status-publish","format-standard","has-post-thumbnail","hentry","category-akcja-spoleczna"],"_links":{"self":[{"href":"http:\/\/razemdlabialoleki.waw.pl\/index.php?rest_route=\/wp\/v2\/posts\/7776","targetHints":{"allow":["GET"]}}],"collection":[{"href":"http:\/\/razemdlabialoleki.waw.pl\/index.php?rest_route=\/wp\/v2\/posts"}],"about":[{"href":"http:\/\/razemdlabialoleki.waw.pl\/index.php?rest_route=\/wp\/v2\/types\/post"}],"author":[{"embeddable":true,"href":"http:\/\/razemdlabialoleki.waw.pl\/index.php?rest_route=\/wp\/v2\/users\/2"}],"replies":[{"embeddable":true,"href":"http:\/\/razemdlabialoleki.waw.pl\/index.php?rest_route=%2Fwp%2Fv2%2Fcomments&post=7776"}],"version-history":[{"count":1,"href":"http:\/\/razemdlabialoleki.waw.pl\/index.php?rest_route=\/wp\/v2\/posts\/7776\/revisions"}],"predecessor-version":[{"id":7778,"href":"http:\/\/razemdlabialoleki.waw.pl\/index.php?rest_route=\/wp\/v2\/posts\/7776\/revisions\/7778"}],"wp:featuredmedia":[{"embeddable":true,"href":"http:\/\/razemdlabialoleki.waw.pl\/index.php?rest_route=\/wp\/v2\/media\/7777"}],"wp:attachment":[{"href":"http:\/\/razemdlabialoleki.waw.pl\/index.php?rest_route=%2Fwp%2Fv2%2Fmedia&parent=7776"}],"wp:term":[{"taxonomy":"category","embeddable":true,"href":"http:\/\/razemdlabialoleki.waw.pl\/index.php?rest_route=%2Fwp%2Fv2%2Fcategories&post=7776"},{"taxonomy":"post_tag","embeddable":true,"href":"http:\/\/razemdlabialoleki.waw.pl\/index.php?rest_route=%2Fwp%2Fv2%2Ftags&post=7776"}],"curies":[{"name":"wp","href":"https:\/\/api.w.org\/{rel}","templated":true}]}}