{"id":7772,"date":"2019-03-19T19:50:49","date_gmt":"2019-03-19T18:50:49","guid":{"rendered":"http:\/\/razemdlabialoleki.waw.pl\/?p=7772"},"modified":"2024-01-14T14:27:43","modified_gmt":"2024-01-14T13:27:43","slug":"mpwik","status":"publish","type":"post","link":"http:\/\/razemdlabialoleki.waw.pl\/?p=7772","title":{"rendered":"MPWiK"},"content":{"rendered":"<p style=\"text-align: justify;\">Dzisiejsze posiedzenie Komisji Infrastruktury i Inwestycji Rady m.st. Warszawy dotyczy plan\u00f3w inwestycyjnych MPWiK (<a class=\"profileLink\" href=\"https:\/\/www.facebook.com\/WodadlaWarszawy\/?__tn__=K-R&amp;eid=ARAoP_i5GQdvt_hVISBlO80YyI2fADp5fB3bnFaKnldc5jaUYvKG_Dv8mnTJAu0vW8fzAOaCgQxu06ko&amp;fref=mentions&amp;__xts__%5B0%5D=68.ARBGn_3sqRN8zoDtOJ0tSbIJP-nfQeNol4dOG4Ouxzwsm1R1LXIhq0WEJQPHbNWbuTYc4VAG0SYfP4T5MJwHr9mbaYesWi9uuYl7qV2x2er5SMd8ASYrDoX74Wb7Ibzx8K1MDfrKAWRn0FlaoK288e6IwRUHQY70fCfosYDGMWNHXxRsE6dp6Isg4DDLsdf-UGuB09nvO29kyLvIZSXXjOCk5xCoVfiSpGXqfwEZNczqZwe41djskROxbIPv0tGJ9RVwGz9fdvxYKynUDp3U_b-rithG0ldJMxY0d6Tw62OF21dN6yUDT2TSkrW4coeB98J7EhysIiH4aBIXucGWHVD70d9E1AYuUl1EqF7f4kHXL23TleLfOC9Tv_ZfiMcbVSk0vw0X3MCaTQwzEUt-mH-nVRhK32_GrV3QYqOZ-Ucfd0S-QFQ\" data-hovercard=\"\/ajax\/hovercard\/page.php?id=378499978835939&amp;extragetparams=%7B%22__tn__%22%3A%22%2CdK-R-R%22%2C%22eid%22%3A%22ARAoP_i5GQdvt_hVISBlO80YyI2fADp5fB3bnFaKnldc5jaUYvKG_Dv8mnTJAu0vW8fzAOaCgQxu06ko%22%2C%22fref%22%3A%22mentions%22%7D\" data-hovercard-prefer-more-content-show=\"1\">Woda dla Warszawy<\/a>) m.in. dla Bia\u0142o\u0142\u0119ki w zakresie sieci wodoci\u0105gowej i kanalizacyjnej.<\/p>\n<p style=\"text-align: justify;\">Co ciekawe: 1 366 nieruchomo\u015bci, mimo istniej\u0105cych mo\u017cliwo\u015bci, nie przy\u0142\u0105czy\u0142o si\u0119 do istniej\u0105cej sieci wodoci\u0105gowej. W przypadku kanalizacji mowa ju\u017c o 2 770 adresach.<\/p>\n<p><img loading=\"lazy\" decoding=\"async\" class=\"aligncenter size-full wp-image-7773\" src=\"http:\/\/razemdlabialoleki.waw.pl\/wp-content\/uploads\/2019\/05\/54405379_2368352036542555_1170296287996674048_o.jpg\" alt=\"\" width=\"2048\" height=\"1536\" srcset=\"http:\/\/razemdlabialoleki.waw.pl\/wp-content\/uploads\/2019\/05\/54405379_2368352036542555_1170296287996674048_o.jpg 2048w, http:\/\/razemdlabialoleki.waw.pl\/wp-content\/uploads\/2019\/05\/54405379_2368352036542555_1170296287996674048_o-300x225.jpg 300w, http:\/\/razemdlabialoleki.waw.pl\/wp-content\/uploads\/2019\/05\/54405379_2368352036542555_1170296287996674048_o-768x576.jpg 768w, http:\/\/razemdlabialoleki.waw.pl\/wp-content\/uploads\/2019\/05\/54405379_2368352036542555_1170296287996674048_o-1024x768.jpg 1024w, http:\/\/razemdlabialoleki.waw.pl\/wp-content\/uploads\/2019\/05\/54405379_2368352036542555_1170296287996674048_o-110x83.jpg 110w, http:\/\/razemdlabialoleki.waw.pl\/wp-content\/uploads\/2019\/05\/54405379_2368352036542555_1170296287996674048_o-420x315.jpg 420w, http:\/\/razemdlabialoleki.waw.pl\/wp-content\/uploads\/2019\/05\/54405379_2368352036542555_1170296287996674048_o-573x430.jpg 573w\" sizes=\"auto, (max-width: 2048px) 100vw, 2048px\" \/><\/p>\n","protected":false},"excerpt":{"rendered":"<p>Dzisiejsze posiedzenie Komisji Infrastruktury i Inwestycji Rady m.st. Warszawy dotyczy plan\u00f3w inwestycyjnych MPWiK (Woda dla Warszawy) m.in. dla Bia\u0142o\u0142\u0119ki w zakresie sieci wodoci\u0105gowej i kanalizacyjnej. Co ciekawe: 1 366 nieruchomo\u015bci, mimo istniej\u0105cych mo\u017cliwo\u015bci, nie przy\u0142\u0105czy\u0142o si\u0119 do istniej\u0105cej sieci wodoci\u0105gowej. W przypadku kanalizacji mowa ju\u017c o 2 770 adresach.<\/p>\n","protected":false},"author":2,"featured_media":7774,"comment_status":"closed","ping_status":"closed","sticky":false,"template":"","format":"standard","meta":{"ngg_post_thumbnail":0,"footnotes":""},"categories":[27],"tags":[],"class_list":["post-7772","post","type-post","status-publish","format-standard","has-post-thumbnail","hentry","category-inwestycje"],"_links":{"self":[{"href":"http:\/\/razemdlabialoleki.waw.pl\/index.php?rest_route=\/wp\/v2\/posts\/7772","targetHints":{"allow":["GET"]}}],"collection":[{"href":"http:\/\/razemdlabialoleki.waw.pl\/index.php?rest_route=\/wp\/v2\/posts"}],"about":[{"href":"http:\/\/razemdlabialoleki.waw.pl\/index.php?rest_route=\/wp\/v2\/types\/post"}],"author":[{"embeddable":true,"href":"http:\/\/razemdlabialoleki.waw.pl\/index.php?rest_route=\/wp\/v2\/users\/2"}],"replies":[{"embeddable":true,"href":"http:\/\/razemdlabialoleki.waw.pl\/index.php?rest_route=%2Fwp%2Fv2%2Fcomments&post=7772"}],"version-history":[{"count":1,"href":"http:\/\/razemdlabialoleki.waw.pl\/index.php?rest_route=\/wp\/v2\/posts\/7772\/revisions"}],"predecessor-version":[{"id":7775,"href":"http:\/\/razemdlabialoleki.waw.pl\/index.php?rest_route=\/wp\/v2\/posts\/7772\/revisions\/7775"}],"wp:featuredmedia":[{"embeddable":true,"href":"http:\/\/razemdlabialoleki.waw.pl\/index.php?rest_route=\/wp\/v2\/media\/7774"}],"wp:attachment":[{"href":"http:\/\/razemdlabialoleki.waw.pl\/index.php?rest_route=%2Fwp%2Fv2%2Fmedia&parent=7772"}],"wp:term":[{"taxonomy":"category","embeddable":true,"href":"http:\/\/razemdlabialoleki.waw.pl\/index.php?rest_route=%2Fwp%2Fv2%2Fcategories&post=7772"},{"taxonomy":"post_tag","embeddable":true,"href":"http:\/\/razemdlabialoleki.waw.pl\/index.php?rest_route=%2Fwp%2Fv2%2Ftags&post=7772"}],"curies":[{"name":"wp","href":"https:\/\/api.w.org\/{rel}","templated":true}]}}