{"id":7463,"date":"2019-08-27T10:56:32","date_gmt":"2019-08-27T09:56:32","guid":{"rendered":"http:\/\/razemdlabialoleki.waw.pl\/?p=7463"},"modified":"2020-02-12T08:48:13","modified_gmt":"2020-02-12T07:48:13","slug":"kolacinska-jak-bedzie-wygladac","status":"publish","type":"post","link":"http:\/\/razemdlabialoleki.waw.pl\/?p=7463","title":{"rendered":"Ko\u0142aci\u0144ska i Szynowa &#8211; jak b\u0119d\u0105 wygl\u0105da\u0107?"},"content":{"rendered":"\n<p style=\"text-align: justify;\">Ci\u0105g ulic Ko\u0142aci\u0144skiej i Szynowej jest zaplanowany do przebudowy. Przyj\u0119te za\u0142o\u017cenia zak\u0142adaj\u0105 powstanie drogi kategorii Z (zbiorcza) z obustronnymi chodnikami (w miar\u0119 mo\u017cliwo\u015bci), budow\u0119 przystank\u00f3w komunikacji miejskiej oraz o\u015bwietlenia i odwodnienia.<\/p>\n<p style=\"text-align: justify;\">W ostatnich miesi\u0105cach projekt wst\u0119pny zosta\u0142 zaktualizowany, m.in. w wyniku wniosk\u00f3w, kt\u00f3re sk\u0142adali\u015bmy razem z mieszka\u0144cami. Zmiany obj\u0119\u0142y:<\/p>\n<ul>\n<li>Zmniejszenie szeroko\u015bci jezdni z 7 do 6,5 metra,<\/li>\n<li>Zmian\u0119 lokalizacji przystank\u00f3w autobusowych,<\/li>\n<li>Lokalne korekty projektowanych linii rozgraniczaj\u0105cych ulicy, maj\u0105ce na celu zachowanie istniej\u0105cych ogrodze\u0144,<\/li>\n<li>Korekty po\u0142o\u017cenia i szeroko\u015bci zjazd\u00f3w na posesje.<\/li>\n\n<h2>Projekt po zmianach<\/h2>\n\n<a href=\"https:\/\/zmid.waw.pl\/files\/public\/zadania\/Bialoleka\/D.2.1_PZT__.pdf\" target=\"_blank\" rel=\"noopener noreferrer\">odcinek Modli\u0144ska &#8211; Weteran\u00f3w [PDF]<\/a><br \/><img decoding=\"async\" class=\"aligncenter size-full wp-image-7464\" src=\"http:\/\/razemdlabialoleki.waw.pl\/wp-content\/uploads\/2019\/08\/D.2.1_PZT__-1.png\" alt=\"Ko\u0142aci\u0144ska\" \/>\n\n<a href=\"https:\/\/zmid.waw.pl\/files\/public\/zadania\/Bialoleka\/D.2.2_PZT.pdf\" target=\"_blank\" rel=\"noopener noreferrer\">odcinek Weteran\u00f3w &#8211; 15 sierpnia [PDF]<\/a><img decoding=\"async\" class=\"aligncenter size-full wp-image-7465\" src=\"http:\/\/razemdlabialoleki.waw.pl\/wp-content\/uploads\/2019\/08\/D.2.2_PZT-1.png\" alt=\"Ko\u0142aci\u0144ska\" \/>\n\n<a href=\"https:\/\/zmid.waw.pl\/files\/public\/zadania\/Bialoleka\/D.2.3_PZT.pdf\" target=\"_blank\" rel=\"noopener noreferrer\">odcinek 15 sierpnia &#8211; Klasyk\u00f3w [PDF]<\/a><img decoding=\"async\" class=\"aligncenter size-full wp-image-7466\" src=\"http:\/\/razemdlabialoleki.waw.pl\/wp-content\/uploads\/2019\/08\/D.2.3_PZT-1.png\" alt=\"Ko\u0142aci\u0144ska\" \/>\n\n\u0179r\u00f3d\u0142o: <a href=\"https:\/\/zmid.waw.pl\/inwestycje-zmid\/zadania-w-przygotowaniu\/poprawa-ukladu-drogowego-w-dzielnicy-bialoleka-1196\/#tab-3\" target=\"_blank\" rel=\"noopener noreferrer\">Zarz\u0105d Miejskich Inwestycji Drogowych<\/a>\n\n\n\n<p><\/p>\n","protected":false},"excerpt":{"rendered":"<p>Ci\u0105g ulic Ko\u0142aci\u0144skiej i Szynowej jest zaplanowany do przebudowy. Przyj\u0119te za\u0142o\u017cenia zak\u0142adaj\u0105 powstanie drogi kategorii Z (zbiorcza) z obustronnymi chodnikami (w miar\u0119 mo\u017cliwo\u015bci), budow\u0119 przystank\u00f3w komunikacji miejskiej oraz o\u015bwietlenia i odwodnienia. W ostatnich miesi\u0105cach projekt wst\u0119pny zosta\u0142 zaktualizowany, m.in. w wyniku wniosk\u00f3w, kt\u00f3re sk\u0142adali\u015bmy razem z mieszka\u0144cami. Zmiany obj\u0119\u0142y: Zmniejszenie szeroko\u015bci jezdni z 7 do [&hellip;]<\/p>\n","protected":false},"author":2,"featured_media":8236,"comment_status":"closed","ping_status":"closed","sticky":false,"template":"","format":"standard","meta":{"ngg_post_thumbnail":0,"footnotes":""},"categories":[27,30],"tags":[],"class_list":["post-7463","post","type-post","status-publish","format-standard","has-post-thumbnail","hentry","category-inwestycje","category-komunikacja"],"_links":{"self":[{"href":"http:\/\/razemdlabialoleki.waw.pl\/index.php?rest_route=\/wp\/v2\/posts\/7463","targetHints":{"allow":["GET"]}}],"collection":[{"href":"http:\/\/razemdlabialoleki.waw.pl\/index.php?rest_route=\/wp\/v2\/posts"}],"about":[{"href":"http:\/\/razemdlabialoleki.waw.pl\/index.php?rest_route=\/wp\/v2\/types\/post"}],"author":[{"embeddable":true,"href":"http:\/\/razemdlabialoleki.waw.pl\/index.php?rest_route=\/wp\/v2\/users\/2"}],"replies":[{"embeddable":true,"href":"http:\/\/razemdlabialoleki.waw.pl\/index.php?rest_route=%2Fwp%2Fv2%2Fcomments&post=7463"}],"version-history":[{"count":5,"href":"http:\/\/razemdlabialoleki.waw.pl\/index.php?rest_route=\/wp\/v2\/posts\/7463\/revisions"}],"predecessor-version":[{"id":9759,"href":"http:\/\/razemdlabialoleki.waw.pl\/index.php?rest_route=\/wp\/v2\/posts\/7463\/revisions\/9759"}],"wp:featuredmedia":[{"embeddable":true,"href":"http:\/\/razemdlabialoleki.waw.pl\/index.php?rest_route=\/wp\/v2\/media\/8236"}],"wp:attachment":[{"href":"http:\/\/razemdlabialoleki.waw.pl\/index.php?rest_route=%2Fwp%2Fv2%2Fmedia&parent=7463"}],"wp:term":[{"taxonomy":"category","embeddable":true,"href":"http:\/\/razemdlabialoleki.waw.pl\/index.php?rest_route=%2Fwp%2Fv2%2Fcategories&post=7463"},{"taxonomy":"post_tag","embeddable":true,"href":"http:\/\/razemdlabialoleki.waw.pl\/index.php?rest_route=%2Fwp%2Fv2%2Ftags&post=7463"}],"curies":[{"name":"wp","href":"https:\/\/api.w.org\/{rel}","templated":true}]}}