{"id":6975,"date":"2018-12-02T21:17:44","date_gmt":"2018-12-02T20:17:44","guid":{"rendered":"http:\/\/razemdlabialoleki.waw.pl\/?p=6975"},"modified":"2018-12-02T22:15:20","modified_gmt":"2018-12-02T21:15:20","slug":"xvi-bialolecki-dzien-wolontariusza-wyroznienie-dla-stowarzyszenia-razem-dla-bialoleki","status":"publish","type":"post","link":"http:\/\/razemdlabialoleki.waw.pl\/?p=6975","title":{"rendered":"XVI Bia\u0142o\u0142\u0119cki Dzie\u0144 Wolontariusza &#8211; wyr\u00f3\u017cnienie dla Stowarzyszenia Razem dla Bia\u0142o\u0142\u0119ki"},"content":{"rendered":"<p style=\"text-align: justify;\"><strong>Podczas obchod\u00f3w XVI Bia\u0142o\u0142\u0119ckiego Dnia Wolontariusza nasze stowarzyszenie otrzyma\u0142o wyr\u00f3\u017cnienie za entuzjazm i zaanga\u017cowanie w dzia\u0142aniach na rzecz spo\u0142eczno\u015bci lokalnej.<\/strong><\/p>\n<p style=\"text-align: justify;\"><span id=\"more-3286\"><\/span>Nasze dzia\u0142ania zawsze kierujemy do i dla mieszka\u0144c\u00f3w<strong> &#8211;<\/strong> organizujemy zbi\u00f3rki produkt\u00f3w dla dom\u00f3w dziecka i os\u00f3b potrzebuj\u0105cych, zbieramy \u015brodki na renowacj\u0119 zabytkowych nagrobk\u00f3w, pomagamy chorym i wykluczonym. Nasi wolontariusze edukuj\u0105, organizuj\u0105c konferencje naukowe z zakresu problematyki zdrowia oraz wsp\u00f3\u0142pracuj\u0105 z OPS i innymi podmiotami, kt\u00f3re tak jak my chc\u0105 pomaga\u0107.<\/p>\n<p>Te i wiele innych dzia\u0142a\u0144 sprawiaj\u0105 nam przyjemno\u015b\u0107. Cieszymy si\u0119, \u017ce&nbsp; docenia si\u0119 nasza prac\u0119 &#8211; \u201eBeatius est magis dare quam accipere\u201d.<\/p>\n<p><img loading=\"lazy\" decoding=\"async\" class=\"aligncenter size-full wp-image-7067\" src=\"http:\/\/razemdlabialoleki.waw.pl\/wp-content\/uploads\/2018\/12\/47275539_267619127233357_6212399816882782208_n.jpg\" alt=\"\" width=\"2048\" height=\"1156\" srcset=\"http:\/\/razemdlabialoleki.waw.pl\/wp-content\/uploads\/2018\/12\/47275539_267619127233357_6212399816882782208_n.jpg 2048w, http:\/\/razemdlabialoleki.waw.pl\/wp-content\/uploads\/2018\/12\/47275539_267619127233357_6212399816882782208_n-300x169.jpg 300w, http:\/\/razemdlabialoleki.waw.pl\/wp-content\/uploads\/2018\/12\/47275539_267619127233357_6212399816882782208_n-768x434.jpg 768w, http:\/\/razemdlabialoleki.waw.pl\/wp-content\/uploads\/2018\/12\/47275539_267619127233357_6212399816882782208_n-1024x578.jpg 1024w, http:\/\/razemdlabialoleki.waw.pl\/wp-content\/uploads\/2018\/12\/47275539_267619127233357_6212399816882782208_n-110x62.jpg 110w, http:\/\/razemdlabialoleki.waw.pl\/wp-content\/uploads\/2018\/12\/47275539_267619127233357_6212399816882782208_n-420x237.jpg 420w, http:\/\/razemdlabialoleki.waw.pl\/wp-content\/uploads\/2018\/12\/47275539_267619127233357_6212399816882782208_n-762x430.jpg 762w\" sizes=\"auto, (max-width: 2048px) 100vw, 2048px\" \/><\/p>\n<p><img loading=\"lazy\" decoding=\"async\" class=\"aligncenter size-full wp-image-6987\" src=\"http:\/\/razemdlabialoleki.waw.pl\/wp-content\/uploads\/2018\/12\/P1030821.jpg\" alt=\"\" width=\"4896\" height=\"3672\" srcset=\"http:\/\/razemdlabialoleki.waw.pl\/wp-content\/uploads\/2018\/12\/P1030821.jpg 4896w, http:\/\/razemdlabialoleki.waw.pl\/wp-content\/uploads\/2018\/12\/P1030821-300x225.jpg 300w, http:\/\/razemdlabialoleki.waw.pl\/wp-content\/uploads\/2018\/12\/P1030821-768x576.jpg 768w, http:\/\/razemdlabialoleki.waw.pl\/wp-content\/uploads\/2018\/12\/P1030821-1024x768.jpg 1024w, http:\/\/razemdlabialoleki.waw.pl\/wp-content\/uploads\/2018\/12\/P1030821-110x83.jpg 110w, http:\/\/razemdlabialoleki.waw.pl\/wp-content\/uploads\/2018\/12\/P1030821-420x315.jpg 420w, http:\/\/razemdlabialoleki.waw.pl\/wp-content\/uploads\/2018\/12\/P1030821-573x430.jpg 573w\" sizes=\"auto, (max-width: 4896px) 100vw, 4896px\" \/> <img loading=\"lazy\" decoding=\"async\" class=\"aligncenter size-full wp-image-6988\" src=\"http:\/\/razemdlabialoleki.waw.pl\/wp-content\/uploads\/2018\/12\/P1030822.jpg\" alt=\"\" width=\"4896\" height=\"3672\" srcset=\"http:\/\/razemdlabialoleki.waw.pl\/wp-content\/uploads\/2018\/12\/P1030822.jpg 4896w, http:\/\/razemdlabialoleki.waw.pl\/wp-content\/uploads\/2018\/12\/P1030822-300x225.jpg 300w, http:\/\/razemdlabialoleki.waw.pl\/wp-content\/uploads\/2018\/12\/P1030822-768x576.jpg 768w, http:\/\/razemdlabialoleki.waw.pl\/wp-content\/uploads\/2018\/12\/P1030822-1024x768.jpg 1024w, http:\/\/razemdlabialoleki.waw.pl\/wp-content\/uploads\/2018\/12\/P1030822-110x83.jpg 110w, http:\/\/razemdlabialoleki.waw.pl\/wp-content\/uploads\/2018\/12\/P1030822-420x315.jpg 420w, http:\/\/razemdlabialoleki.waw.pl\/wp-content\/uploads\/2018\/12\/P1030822-573x430.jpg 573w\" sizes=\"auto, (max-width: 4896px) 100vw, 4896px\" \/> <img loading=\"lazy\" decoding=\"async\" class=\"aligncenter size-full wp-image-6989\" src=\"http:\/\/razemdlabialoleki.waw.pl\/wp-content\/uploads\/2018\/12\/P1030823.jpg\" alt=\"\" width=\"4896\" height=\"3672\" srcset=\"http:\/\/razemdlabialoleki.waw.pl\/wp-content\/uploads\/2018\/12\/P1030823.jpg 4896w, http:\/\/razemdlabialoleki.waw.pl\/wp-content\/uploads\/2018\/12\/P1030823-300x225.jpg 300w, http:\/\/razemdlabialoleki.waw.pl\/wp-content\/uploads\/2018\/12\/P1030823-768x576.jpg 768w, http:\/\/razemdlabialoleki.waw.pl\/wp-content\/uploads\/2018\/12\/P1030823-1024x768.jpg 1024w, http:\/\/razemdlabialoleki.waw.pl\/wp-content\/uploads\/2018\/12\/P1030823-110x83.jpg 110w, http:\/\/razemdlabialoleki.waw.pl\/wp-content\/uploads\/2018\/12\/P1030823-420x315.jpg 420w, http:\/\/razemdlabialoleki.waw.pl\/wp-content\/uploads\/2018\/12\/P1030823-573x430.jpg 573w\" sizes=\"auto, (max-width: 4896px) 100vw, 4896px\" \/> <img loading=\"lazy\" decoding=\"async\" class=\"aligncenter size-full wp-image-6991\" src=\"http:\/\/razemdlabialoleki.waw.pl\/wp-content\/uploads\/2018\/12\/P1030825.jpg\" alt=\"\" width=\"4896\" height=\"3672\" srcset=\"http:\/\/razemdlabialoleki.waw.pl\/wp-content\/uploads\/2018\/12\/P1030825.jpg 4896w, http:\/\/razemdlabialoleki.waw.pl\/wp-content\/uploads\/2018\/12\/P1030825-300x225.jpg 300w, http:\/\/razemdlabialoleki.waw.pl\/wp-content\/uploads\/2018\/12\/P1030825-768x576.jpg 768w, http:\/\/razemdlabialoleki.waw.pl\/wp-content\/uploads\/2018\/12\/P1030825-1024x768.jpg 1024w, http:\/\/razemdlabialoleki.waw.pl\/wp-content\/uploads\/2018\/12\/P1030825-110x83.jpg 110w, http:\/\/razemdlabialoleki.waw.pl\/wp-content\/uploads\/2018\/12\/P1030825-420x315.jpg 420w, http:\/\/razemdlabialoleki.waw.pl\/wp-content\/uploads\/2018\/12\/P1030825-573x430.jpg 573w\" sizes=\"auto, (max-width: 4896px) 100vw, 4896px\" \/> <img loading=\"lazy\" decoding=\"async\" class=\"aligncenter size-full wp-image-6993\" src=\"http:\/\/razemdlabialoleki.waw.pl\/wp-content\/uploads\/2018\/12\/P1030827.jpg\" alt=\"\" width=\"4896\" height=\"3672\" srcset=\"http:\/\/razemdlabialoleki.waw.pl\/wp-content\/uploads\/2018\/12\/P1030827.jpg 4896w, http:\/\/razemdlabialoleki.waw.pl\/wp-content\/uploads\/2018\/12\/P1030827-300x225.jpg 300w, http:\/\/razemdlabialoleki.waw.pl\/wp-content\/uploads\/2018\/12\/P1030827-768x576.jpg 768w, http:\/\/razemdlabialoleki.waw.pl\/wp-content\/uploads\/2018\/12\/P1030827-1024x768.jpg 1024w, http:\/\/razemdlabialoleki.waw.pl\/wp-content\/uploads\/2018\/12\/P1030827-110x83.jpg 110w, http:\/\/razemdlabialoleki.waw.pl\/wp-content\/uploads\/2018\/12\/P1030827-420x315.jpg 420w, http:\/\/razemdlabialoleki.waw.pl\/wp-content\/uploads\/2018\/12\/P1030827-573x430.jpg 573w\" sizes=\"auto, (max-width: 4896px) 100vw, 4896px\" \/> <img loading=\"lazy\" decoding=\"async\" class=\"aligncenter size-full wp-image-6998\" src=\"http:\/\/razemdlabialoleki.waw.pl\/wp-content\/uploads\/2018\/12\/P1030832.jpg\" alt=\"\" width=\"4896\" height=\"3672\" srcset=\"http:\/\/razemdlabialoleki.waw.pl\/wp-content\/uploads\/2018\/12\/P1030832.jpg 4896w, http:\/\/razemdlabialoleki.waw.pl\/wp-content\/uploads\/2018\/12\/P1030832-300x225.jpg 300w, http:\/\/razemdlabialoleki.waw.pl\/wp-content\/uploads\/2018\/12\/P1030832-768x576.jpg 768w, http:\/\/razemdlabialoleki.waw.pl\/wp-content\/uploads\/2018\/12\/P1030832-1024x768.jpg 1024w, http:\/\/razemdlabialoleki.waw.pl\/wp-content\/uploads\/2018\/12\/P1030832-110x83.jpg 110w, http:\/\/razemdlabialoleki.waw.pl\/wp-content\/uploads\/2018\/12\/P1030832-420x315.jpg 420w, http:\/\/razemdlabialoleki.waw.pl\/wp-content\/uploads\/2018\/12\/P1030832-573x430.jpg 573w\" sizes=\"auto, (max-width: 4896px) 100vw, 4896px\" \/> <img loading=\"lazy\" decoding=\"async\" class=\"aligncenter size-full wp-image-6999\" src=\"http:\/\/razemdlabialoleki.waw.pl\/wp-content\/uploads\/2018\/12\/P1030833.jpg\" alt=\"\" width=\"4896\" height=\"3672\" srcset=\"http:\/\/razemdlabialoleki.waw.pl\/wp-content\/uploads\/2018\/12\/P1030833.jpg 4896w, http:\/\/razemdlabialoleki.waw.pl\/wp-content\/uploads\/2018\/12\/P1030833-300x225.jpg 300w, http:\/\/razemdlabialoleki.waw.pl\/wp-content\/uploads\/2018\/12\/P1030833-768x576.jpg 768w, http:\/\/razemdlabialoleki.waw.pl\/wp-content\/uploads\/2018\/12\/P1030833-1024x768.jpg 1024w, http:\/\/razemdlabialoleki.waw.pl\/wp-content\/uploads\/2018\/12\/P1030833-110x83.jpg 110w, http:\/\/razemdlabialoleki.waw.pl\/wp-content\/uploads\/2018\/12\/P1030833-420x315.jpg 420w, http:\/\/razemdlabialoleki.waw.pl\/wp-content\/uploads\/2018\/12\/P1030833-573x430.jpg 573w\" sizes=\"auto, (max-width: 4896px) 100vw, 4896px\" \/> <img loading=\"lazy\" decoding=\"async\" class=\"aligncenter size-full wp-image-7006\" src=\"http:\/\/razemdlabialoleki.waw.pl\/wp-content\/uploads\/2018\/12\/P1030840.jpg\" alt=\"\" width=\"4896\" height=\"3672\" srcset=\"http:\/\/razemdlabialoleki.waw.pl\/wp-content\/uploads\/2018\/12\/P1030840.jpg 4896w, http:\/\/razemdlabialoleki.waw.pl\/wp-content\/uploads\/2018\/12\/P1030840-300x225.jpg 300w, http:\/\/razemdlabialoleki.waw.pl\/wp-content\/uploads\/2018\/12\/P1030840-768x576.jpg 768w, http:\/\/razemdlabialoleki.waw.pl\/wp-content\/uploads\/2018\/12\/P1030840-1024x768.jpg 1024w, http:\/\/razemdlabialoleki.waw.pl\/wp-content\/uploads\/2018\/12\/P1030840-110x83.jpg 110w, http:\/\/razemdlabialoleki.waw.pl\/wp-content\/uploads\/2018\/12\/P1030840-420x315.jpg 420w, http:\/\/razemdlabialoleki.waw.pl\/wp-content\/uploads\/2018\/12\/P1030840-573x430.jpg 573w\" sizes=\"auto, (max-width: 4896px) 100vw, 4896px\" \/> <img loading=\"lazy\" decoding=\"async\" class=\"aligncenter size-full wp-image-7008\" src=\"http:\/\/razemdlabialoleki.waw.pl\/wp-content\/uploads\/2018\/12\/P1030842.jpg\" alt=\"\" width=\"4896\" height=\"3672\" srcset=\"http:\/\/razemdlabialoleki.waw.pl\/wp-content\/uploads\/2018\/12\/P1030842.jpg 4896w, http:\/\/razemdlabialoleki.waw.pl\/wp-content\/uploads\/2018\/12\/P1030842-300x225.jpg 300w, http:\/\/razemdlabialoleki.waw.pl\/wp-content\/uploads\/2018\/12\/P1030842-768x576.jpg 768w, http:\/\/razemdlabialoleki.waw.pl\/wp-content\/uploads\/2018\/12\/P1030842-1024x768.jpg 1024w, http:\/\/razemdlabialoleki.waw.pl\/wp-content\/uploads\/2018\/12\/P1030842-110x83.jpg 110w, http:\/\/razemdlabialoleki.waw.pl\/wp-content\/uploads\/2018\/12\/P1030842-420x315.jpg 420w, http:\/\/razemdlabialoleki.waw.pl\/wp-content\/uploads\/2018\/12\/P1030842-573x430.jpg 573w\" sizes=\"auto, (max-width: 4896px) 100vw, 4896px\" \/> <img loading=\"lazy\" decoding=\"async\" class=\"aligncenter size-full wp-image-7028\" src=\"http:\/\/razemdlabialoleki.waw.pl\/wp-content\/uploads\/2018\/12\/P1030863.jpg\" alt=\"\" width=\"4896\" height=\"3672\" srcset=\"http:\/\/razemdlabialoleki.waw.pl\/wp-content\/uploads\/2018\/12\/P1030863.jpg 4896w, http:\/\/razemdlabialoleki.waw.pl\/wp-content\/uploads\/2018\/12\/P1030863-300x225.jpg 300w, http:\/\/razemdlabialoleki.waw.pl\/wp-content\/uploads\/2018\/12\/P1030863-768x576.jpg 768w, http:\/\/razemdlabialoleki.waw.pl\/wp-content\/uploads\/2018\/12\/P1030863-1024x768.jpg 1024w, http:\/\/razemdlabialoleki.waw.pl\/wp-content\/uploads\/2018\/12\/P1030863-110x83.jpg 110w, http:\/\/razemdlabialoleki.waw.pl\/wp-content\/uploads\/2018\/12\/P1030863-420x315.jpg 420w, http:\/\/razemdlabialoleki.waw.pl\/wp-content\/uploads\/2018\/12\/P1030863-573x430.jpg 573w\" sizes=\"auto, (max-width: 4896px) 100vw, 4896px\" \/><img loading=\"lazy\" decoding=\"async\" class=\"aligncenter size-full wp-image-7021\" src=\"http:\/\/razemdlabialoleki.waw.pl\/wp-content\/uploads\/2018\/12\/P1030856.jpg\" alt=\"\" width=\"4896\" height=\"3672\" srcset=\"http:\/\/razemdlabialoleki.waw.pl\/wp-content\/uploads\/2018\/12\/P1030856.jpg 4896w, http:\/\/razemdlabialoleki.waw.pl\/wp-content\/uploads\/2018\/12\/P1030856-300x225.jpg 300w, http:\/\/razemdlabialoleki.waw.pl\/wp-content\/uploads\/2018\/12\/P1030856-768x576.jpg 768w, http:\/\/razemdlabialoleki.waw.pl\/wp-content\/uploads\/2018\/12\/P1030856-1024x768.jpg 1024w, http:\/\/razemdlabialoleki.waw.pl\/wp-content\/uploads\/2018\/12\/P1030856-110x83.jpg 110w, http:\/\/razemdlabialoleki.waw.pl\/wp-content\/uploads\/2018\/12\/P1030856-420x315.jpg 420w, http:\/\/razemdlabialoleki.waw.pl\/wp-content\/uploads\/2018\/12\/P1030856-573x430.jpg 573w\" sizes=\"auto, (max-width: 4896px) 100vw, 4896px\" \/> <img loading=\"lazy\" decoding=\"async\" class=\"aligncenter size-full wp-image-7042\" src=\"http:\/\/razemdlabialoleki.waw.pl\/wp-content\/uploads\/2018\/12\/P1030877.jpg\" alt=\"\" width=\"4896\" height=\"3672\" srcset=\"http:\/\/razemdlabialoleki.waw.pl\/wp-content\/uploads\/2018\/12\/P1030877.jpg 4896w, http:\/\/razemdlabialoleki.waw.pl\/wp-content\/uploads\/2018\/12\/P1030877-300x225.jpg 300w, http:\/\/razemdlabialoleki.waw.pl\/wp-content\/uploads\/2018\/12\/P1030877-768x576.jpg 768w, http:\/\/razemdlabialoleki.waw.pl\/wp-content\/uploads\/2018\/12\/P1030877-1024x768.jpg 1024w, http:\/\/razemdlabialoleki.waw.pl\/wp-content\/uploads\/2018\/12\/P1030877-110x83.jpg 110w, http:\/\/razemdlabialoleki.waw.pl\/wp-content\/uploads\/2018\/12\/P1030877-420x315.jpg 420w, http:\/\/razemdlabialoleki.waw.pl\/wp-content\/uploads\/2018\/12\/P1030877-573x430.jpg 573w\" sizes=\"auto, (max-width: 4896px) 100vw, 4896px\" \/> <img loading=\"lazy\" decoding=\"async\" class=\"aligncenter size-full wp-image-7047\" src=\"http:\/\/razemdlabialoleki.waw.pl\/wp-content\/uploads\/2018\/12\/P1030883.jpg\" alt=\"\" width=\"4896\" height=\"3672\" srcset=\"http:\/\/razemdlabialoleki.waw.pl\/wp-content\/uploads\/2018\/12\/P1030883.jpg 4896w, http:\/\/razemdlabialoleki.waw.pl\/wp-content\/uploads\/2018\/12\/P1030883-300x225.jpg 300w, http:\/\/razemdlabialoleki.waw.pl\/wp-content\/uploads\/2018\/12\/P1030883-768x576.jpg 768w, http:\/\/razemdlabialoleki.waw.pl\/wp-content\/uploads\/2018\/12\/P1030883-1024x768.jpg 1024w, http:\/\/razemdlabialoleki.waw.pl\/wp-content\/uploads\/2018\/12\/P1030883-110x83.jpg 110w, http:\/\/razemdlabialoleki.waw.pl\/wp-content\/uploads\/2018\/12\/P1030883-420x315.jpg 420w, http:\/\/razemdlabialoleki.waw.pl\/wp-content\/uploads\/2018\/12\/P1030883-573x430.jpg 573w\" sizes=\"auto, (max-width: 4896px) 100vw, 4896px\" \/> <img loading=\"lazy\" decoding=\"async\" class=\"aligncenter size-full wp-image-7055\" src=\"http:\/\/razemdlabialoleki.waw.pl\/wp-content\/uploads\/2018\/12\/P1030891.jpg\" alt=\"\" width=\"4896\" height=\"3672\" srcset=\"http:\/\/razemdlabialoleki.waw.pl\/wp-content\/uploads\/2018\/12\/P1030891.jpg 4896w, http:\/\/razemdlabialoleki.waw.pl\/wp-content\/uploads\/2018\/12\/P1030891-300x225.jpg 300w, http:\/\/razemdlabialoleki.waw.pl\/wp-content\/uploads\/2018\/12\/P1030891-768x576.jpg 768w, http:\/\/razemdlabialoleki.waw.pl\/wp-content\/uploads\/2018\/12\/P1030891-1024x768.jpg 1024w, http:\/\/razemdlabialoleki.waw.pl\/wp-content\/uploads\/2018\/12\/P1030891-110x83.jpg 110w, http:\/\/razemdlabialoleki.waw.pl\/wp-content\/uploads\/2018\/12\/P1030891-420x315.jpg 420w, http:\/\/razemdlabialoleki.waw.pl\/wp-content\/uploads\/2018\/12\/P1030891-573x430.jpg 573w\" sizes=\"auto, (max-width: 4896px) 100vw, 4896px\" \/> <img loading=\"lazy\" decoding=\"async\" class=\"aligncenter size-full wp-image-7056\" src=\"http:\/\/razemdlabialoleki.waw.pl\/wp-content\/uploads\/2018\/12\/P1030892.jpg\" alt=\"\" width=\"4896\" height=\"3672\" srcset=\"http:\/\/razemdlabialoleki.waw.pl\/wp-content\/uploads\/2018\/12\/P1030892.jpg 4896w, http:\/\/razemdlabialoleki.waw.pl\/wp-content\/uploads\/2018\/12\/P1030892-300x225.jpg 300w, http:\/\/razemdlabialoleki.waw.pl\/wp-content\/uploads\/2018\/12\/P1030892-768x576.jpg 768w, http:\/\/razemdlabialoleki.waw.pl\/wp-content\/uploads\/2018\/12\/P1030892-1024x768.jpg 1024w, http:\/\/razemdlabialoleki.waw.pl\/wp-content\/uploads\/2018\/12\/P1030892-110x83.jpg 110w, http:\/\/razemdlabialoleki.waw.pl\/wp-content\/uploads\/2018\/12\/P1030892-420x315.jpg 420w, http:\/\/razemdlabialoleki.waw.pl\/wp-content\/uploads\/2018\/12\/P1030892-573x430.jpg 573w\" sizes=\"auto, (max-width: 4896px) 100vw, 4896px\" \/> <img loading=\"lazy\" decoding=\"async\" class=\"aligncenter size-full wp-image-7058\" src=\"http:\/\/razemdlabialoleki.waw.pl\/wp-content\/uploads\/2018\/12\/P1030896.jpg\" alt=\"\" width=\"4896\" height=\"3672\" srcset=\"http:\/\/razemdlabialoleki.waw.pl\/wp-content\/uploads\/2018\/12\/P1030896.jpg 4896w, http:\/\/razemdlabialoleki.waw.pl\/wp-content\/uploads\/2018\/12\/P1030896-300x225.jpg 300w, http:\/\/razemdlabialoleki.waw.pl\/wp-content\/uploads\/2018\/12\/P1030896-768x576.jpg 768w, http:\/\/razemdlabialoleki.waw.pl\/wp-content\/uploads\/2018\/12\/P1030896-1024x768.jpg 1024w, http:\/\/razemdlabialoleki.waw.pl\/wp-content\/uploads\/2018\/12\/P1030896-110x83.jpg 110w, http:\/\/razemdlabialoleki.waw.pl\/wp-content\/uploads\/2018\/12\/P1030896-420x315.jpg 420w, http:\/\/razemdlabialoleki.waw.pl\/wp-content\/uploads\/2018\/12\/P1030896-573x430.jpg 573w\" sizes=\"auto, (max-width: 4896px) 100vw, 4896px\" \/> <img loading=\"lazy\" decoding=\"async\" class=\"aligncenter size-full wp-image-7061\" src=\"http:\/\/razemdlabialoleki.waw.pl\/wp-content\/uploads\/2018\/12\/P1030901.jpg\" alt=\"\" width=\"4896\" height=\"3672\" srcset=\"http:\/\/razemdlabialoleki.waw.pl\/wp-content\/uploads\/2018\/12\/P1030901.jpg 4896w, http:\/\/razemdlabialoleki.waw.pl\/wp-content\/uploads\/2018\/12\/P1030901-300x225.jpg 300w, http:\/\/razemdlabialoleki.waw.pl\/wp-content\/uploads\/2018\/12\/P1030901-768x576.jpg 768w, http:\/\/razemdlabialoleki.waw.pl\/wp-content\/uploads\/2018\/12\/P1030901-1024x768.jpg 1024w, http:\/\/razemdlabialoleki.waw.pl\/wp-content\/uploads\/2018\/12\/P1030901-110x83.jpg 110w, http:\/\/razemdlabialoleki.waw.pl\/wp-content\/uploads\/2018\/12\/P1030901-420x315.jpg 420w, http:\/\/razemdlabialoleki.waw.pl\/wp-content\/uploads\/2018\/12\/P1030901-573x430.jpg 573w\" sizes=\"auto, (max-width: 4896px) 100vw, 4896px\" \/> <img loading=\"lazy\" decoding=\"async\" class=\"aligncenter size-full wp-image-7063\" src=\"http:\/\/razemdlabialoleki.waw.pl\/wp-content\/uploads\/2018\/12\/P1030904.jpg\" alt=\"\" width=\"4896\" height=\"3672\" srcset=\"http:\/\/razemdlabialoleki.waw.pl\/wp-content\/uploads\/2018\/12\/P1030904.jpg 4896w, http:\/\/razemdlabialoleki.waw.pl\/wp-content\/uploads\/2018\/12\/P1030904-300x225.jpg 300w, http:\/\/razemdlabialoleki.waw.pl\/wp-content\/uploads\/2018\/12\/P1030904-768x576.jpg 768w, http:\/\/razemdlabialoleki.waw.pl\/wp-content\/uploads\/2018\/12\/P1030904-1024x768.jpg 1024w, http:\/\/razemdlabialoleki.waw.pl\/wp-content\/uploads\/2018\/12\/P1030904-110x83.jpg 110w, http:\/\/razemdlabialoleki.waw.pl\/wp-content\/uploads\/2018\/12\/P1030904-420x315.jpg 420w, http:\/\/razemdlabialoleki.waw.pl\/wp-content\/uploads\/2018\/12\/P1030904-573x430.jpg 573w\" sizes=\"auto, (max-width: 4896px) 100vw, 4896px\" \/> <img loading=\"lazy\" decoding=\"async\" class=\"aligncenter size-full wp-image-7064\" src=\"http:\/\/razemdlabialoleki.waw.pl\/wp-content\/uploads\/2018\/12\/Screenshot_4.jpg\" alt=\"\" width=\"521\" height=\"431\" srcset=\"http:\/\/razemdlabialoleki.waw.pl\/wp-content\/uploads\/2018\/12\/Screenshot_4.jpg 521w, http:\/\/razemdlabialoleki.waw.pl\/wp-content\/uploads\/2018\/12\/Screenshot_4-300x248.jpg 300w, http:\/\/razemdlabialoleki.waw.pl\/wp-content\/uploads\/2018\/12\/Screenshot_4-110x91.jpg 110w, http:\/\/razemdlabialoleki.waw.pl\/wp-content\/uploads\/2018\/12\/Screenshot_4-420x347.jpg 420w, http:\/\/razemdlabialoleki.waw.pl\/wp-content\/uploads\/2018\/12\/Screenshot_4-520x430.jpg 520w\" sizes=\"auto, (max-width: 521px) 100vw, 521px\" \/><\/p>\n","protected":false},"excerpt":{"rendered":"<p>Podczas obchod\u00f3w XVI Bia\u0142o\u0142\u0119ckiego Dnia Wolontariusza nasze stowarzyszenie otrzyma\u0142o wyr\u00f3\u017cnienie za entuzjazm i zaanga\u017cowanie w dzia\u0142aniach na rzecz spo\u0142eczno\u015bci lokalnej. Nasze dzia\u0142ania zawsze kierujemy do i dla mieszka\u0144c\u00f3w &#8211; organizujemy zbi\u00f3rki produkt\u00f3w dla dom\u00f3w dziecka i os\u00f3b potrzebuj\u0105cych, zbieramy \u015brodki na renowacj\u0119 zabytkowych nagrobk\u00f3w, pomagamy chorym i wykluczonym. Nasi wolontariusze edukuj\u0105, organizuj\u0105c konferencje naukowe z [&hellip;]<\/p>\n","protected":false},"author":2,"featured_media":6977,"comment_status":"closed","ping_status":"closed","sticky":false,"template":"","format":"standard","meta":{"ngg_post_thumbnail":0,"footnotes":""},"categories":[10],"tags":[],"class_list":["post-6975","post","type-post","status-publish","format-standard","has-post-thumbnail","hentry","category-akcja-spoleczna"],"_links":{"self":[{"href":"http:\/\/razemdlabialoleki.waw.pl\/index.php?rest_route=\/wp\/v2\/posts\/6975","targetHints":{"allow":["GET"]}}],"collection":[{"href":"http:\/\/razemdlabialoleki.waw.pl\/index.php?rest_route=\/wp\/v2\/posts"}],"about":[{"href":"http:\/\/razemdlabialoleki.waw.pl\/index.php?rest_route=\/wp\/v2\/types\/post"}],"author":[{"embeddable":true,"href":"http:\/\/razemdlabialoleki.waw.pl\/index.php?rest_route=\/wp\/v2\/users\/2"}],"replies":[{"embeddable":true,"href":"http:\/\/razemdlabialoleki.waw.pl\/index.php?rest_route=%2Fwp%2Fv2%2Fcomments&post=6975"}],"version-history":[{"count":5,"href":"http:\/\/razemdlabialoleki.waw.pl\/index.php?rest_route=\/wp\/v2\/posts\/6975\/revisions"}],"predecessor-version":[{"id":7068,"href":"http:\/\/razemdlabialoleki.waw.pl\/index.php?rest_route=\/wp\/v2\/posts\/6975\/revisions\/7068"}],"wp:featuredmedia":[{"embeddable":true,"href":"http:\/\/razemdlabialoleki.waw.pl\/index.php?rest_route=\/wp\/v2\/media\/6977"}],"wp:attachment":[{"href":"http:\/\/razemdlabialoleki.waw.pl\/index.php?rest_route=%2Fwp%2Fv2%2Fmedia&parent=6975"}],"wp:term":[{"taxonomy":"category","embeddable":true,"href":"http:\/\/razemdlabialoleki.waw.pl\/index.php?rest_route=%2Fwp%2Fv2%2Fcategories&post=6975"},{"taxonomy":"post_tag","embeddable":true,"href":"http:\/\/razemdlabialoleki.waw.pl\/index.php?rest_route=%2Fwp%2Fv2%2Ftags&post=6975"}],"curies":[{"name":"wp","href":"https:\/\/api.w.org\/{rel}","templated":true}]}}