{"id":656,"date":"2015-12-18T18:41:40","date_gmt":"2015-12-18T18:41:40","guid":{"rendered":"http:\/\/razemdlabialoleki.waw.pl\/?p=656"},"modified":"2024-01-14T15:42:02","modified_gmt":"2024-01-14T14:42:02","slug":"e-9","status":"publish","type":"post","link":"http:\/\/razemdlabialoleki.waw.pl\/?p=656","title":{"rendered":"E-9"},"content":{"rendered":"<p style=\"text-align: justify;\">Jest szansa, \u017ce ju\u017c wkr\u00f3tce sytuacja ulegnie cz\u0119\u015bciowej poprawie. Podejmowane wcze\u015bniej dzia\u0142ania m.in. przez cz\u0142onk\u00f3w naszego stowarzyszenia radn\u0105 Mariol\u0119 Olszewsk\u0105 i Kamila Hajduka wp\u0142yn\u0119\u0142y na podj\u0119cie decyzji przez ZTM o uruchomieniu dodatkowego po\u0142\u0105czenia na terenie Zielonej Bia\u0142o\u0142\u0119ki. Linia E-9 ma zosta\u0107 uruchomiona ju\u017c wkr\u00f3tce.<!--more-->R\u00f3wnie\u017c aktywne dzia\u0142ania radnego Piotra Cieszkowskiego walcz\u0105cego od d\u0142u\u017cszego czasu o zmian\u0119 trasy komunikacji sprawi\u0142y, \u017ce na ulicach D\u0119bowej i Marmurowej wreszcie pojawi si\u0119 komunikacja miejska.<br \/>\nJak wida\u0107 prowadzone przez nas konsultacje spo\u0142eczne oraz sk\u0142adane interpelacje maj\u0105 sens. Zdajemy sobie spraw\u0119, \u017ce droga do normalno\u015bci jest jeszcze daleka wi\u0119c nie ustaniemy w naszych dzia\u0142aniach.<\/p>\n<p>Info prasowe:<br \/>\n<a href=\"http:\/\/tustolica.pl\/autobus-e-9-derby-marymont-znamy-liste-przystankow_72220\" target=\"_blank\" rel=\"nofollow noopener\">http:\/\/tustolica.pl\/autobus-e-9-derby-marymont-znamy-liste-\u2026<\/a><br \/>\n<a href=\"http:\/\/tustolica.pl\/choszczowka-z-nowym-autobusem_72152\" target=\"_blank\" rel=\"nofollow noopener\">http:\/\/tustolica.pl\/choszczowka-z-nowym-autobusem_72152<\/a><\/p>\n<p>Interpelacje:<br \/>\n<a href=\"http:\/\/bip.warszawa.pl\/NR\/rdonlyres\/0010b9de\/fhhmmirwgsmwrgqqcnsaswieqzjpwevm\/6131olszewskaDANE.pdf\" target=\"_blank\" rel=\"nofollow noopener\">http:\/\/bip.warszawa.pl\/\u2026\/fhhmmirwgsmw\u2026\/6131olszewskaDANE.pdf<\/a><br \/>\n<a href=\"http:\/\/bip.warszawa.pl\/NR\/rdonlyres\/0010c548\/ajiujtuxobbmsxykfhokkyobrgdidarv\/6133olszewska.pdf\" target=\"_blank\" rel=\"nofollow noopener\">http:\/\/bip.warszawa.pl\/\u2026\/ajiujtuxobbmsxyk\u2026\/6133olszewska.pdf<\/a><br \/>\n<a href=\"http:\/\/bip.warszawa.pl\/NR\/rdonlyres\/00110229\/fmkungqymyketgotszajztizkfrxsqch\/7681Olszewska.pdf\" target=\"_blank\" rel=\"nofollow noopener\">http:\/\/bip.warszawa.pl\/\u2026\/fmkungqymyketgot\u2026\/7681Olszewska.pdf<\/a><\/p>\n<p><a href=\"http:\/\/bip.warszawa.pl\/NR\/rdonlyres\/001003f1\/pamltexdgkfujkdmtmbicddvmwrvkqvs\/1341Cieszkowski.pdf\" target=\"_blank\" rel=\"nofollow noopener\">http:\/\/bip.warszawa.pl\/\u2026\/pamltexdgkfujk\u2026\/1341Cieszkowski.pdf<\/a><br \/>\n<a href=\"http:\/\/bip.warszawa.pl\/NR\/rdonlyres\/0010f08e\/znultmmyvfrnwymeshmairtymmqndall\/7241Cieszkowski.pdf\" target=\"_blank\" rel=\"nofollow noopener\">http:\/\/bip.warszawa.pl\/\u2026\/znultmmyvfrnwy\u2026\/7241Cieszkowski.pdf<\/a><br \/>\n<a href=\"http:\/\/bip.warszawa.pl\/NR\/rdonlyres\/0011067b\/rrzydhwrfjunykcxzbmrovpqaphskecv\/7243Cieszkowski.pdf\" target=\"_blank\" rel=\"nofollow noopener\">http:\/\/bip.warszawa.pl\/\u2026\/rrzydhwrfjunyk\u2026\/7243Cieszkowski.pdf<\/a><\/p>\n","protected":false},"excerpt":{"rendered":"<p>Jest szansa, \u017ce ju\u017c wkr\u00f3tce sytuacja ulegnie cz\u0119\u015bciowej poprawie. Podejmowane wcze\u015bniej dzia\u0142ania m.in. przez cz\u0142onk\u00f3w naszego stowarzyszenia radn\u0105 Mariol\u0119 Olszewsk\u0105 i Kamila Hajduka wp\u0142yn\u0119\u0142y na podj\u0119cie decyzji przez ZTM o uruchomieniu dodatkowego po\u0142\u0105czenia na terenie Zielonej Bia\u0142o\u0142\u0119ki. Linia E-9 ma zosta\u0107 uruchomiona ju\u017c wkr\u00f3tce.<\/p>\n","protected":false},"author":2,"featured_media":0,"comment_status":"closed","ping_status":"closed","sticky":false,"template":"","format":"standard","meta":{"ngg_post_thumbnail":0,"footnotes":""},"categories":[30],"tags":[],"class_list":["post-656","post","type-post","status-publish","format-standard","hentry","category-komunikacja"],"_links":{"self":[{"href":"http:\/\/razemdlabialoleki.waw.pl\/index.php?rest_route=\/wp\/v2\/posts\/656","targetHints":{"allow":["GET"]}}],"collection":[{"href":"http:\/\/razemdlabialoleki.waw.pl\/index.php?rest_route=\/wp\/v2\/posts"}],"about":[{"href":"http:\/\/razemdlabialoleki.waw.pl\/index.php?rest_route=\/wp\/v2\/types\/post"}],"author":[{"embeddable":true,"href":"http:\/\/razemdlabialoleki.waw.pl\/index.php?rest_route=\/wp\/v2\/users\/2"}],"replies":[{"embeddable":true,"href":"http:\/\/razemdlabialoleki.waw.pl\/index.php?rest_route=%2Fwp%2Fv2%2Fcomments&post=656"}],"version-history":[{"count":2,"href":"http:\/\/razemdlabialoleki.waw.pl\/index.php?rest_route=\/wp\/v2\/posts\/656\/revisions"}],"predecessor-version":[{"id":20617,"href":"http:\/\/razemdlabialoleki.waw.pl\/index.php?rest_route=\/wp\/v2\/posts\/656\/revisions\/20617"}],"wp:attachment":[{"href":"http:\/\/razemdlabialoleki.waw.pl\/index.php?rest_route=%2Fwp%2Fv2%2Fmedia&parent=656"}],"wp:term":[{"taxonomy":"category","embeddable":true,"href":"http:\/\/razemdlabialoleki.waw.pl\/index.php?rest_route=%2Fwp%2Fv2%2Fcategories&post=656"},{"taxonomy":"post_tag","embeddable":true,"href":"http:\/\/razemdlabialoleki.waw.pl\/index.php?rest_route=%2Fwp%2Fv2%2Ftags&post=656"}],"curies":[{"name":"wp","href":"https:\/\/api.w.org\/{rel}","templated":true}]}}