{"id":621,"date":"2015-12-21T18:15:32","date_gmt":"2015-12-21T18:15:32","guid":{"rendered":"http:\/\/razemdlabialoleki.waw.pl\/?p=621"},"modified":"2024-01-14T15:40:40","modified_gmt":"2024-01-14T14:40:40","slug":"nowodwory-z-tramwajem","status":"publish","type":"post","link":"http:\/\/razemdlabialoleki.waw.pl\/?p=621","title":{"rendered":"Nowodwory z tramwajem"},"content":{"rendered":"<p>S\u0105 dodatkowe fundusze dla Tramwaj\u00f3w Warszawskich. W skali miasta to dobra wiadomo\u015b\u0107. Niestety dla naszej dzielnicy oznacza to tylko tyle, \u017ce do ko\u0144ca przysz\u0142ego roku przed\u0142u\u017cona zostanie obecna linia z Tarchomina Ko\u015bcielnego do Nowodwor\u00f3w. I o ile jeszcze wizja dalszego jej przed\u0142u\u017cenia do Winnicy jawi si\u0119 si\u0119 jeszcze w miar\u0119 realnie (teoretycznie do 2023 roku) o tyle plany budowy nowych tras wzd\u0142u\u017c ul. Modli\u0144skiej i na Zielon\u0105 Bia\u0142o\u0142\u0119k\u0119 budz\u0105 ju\u017c du\u017ce obawy. Sam planowany termin ich realizacji &#8211; 2030r. &#8211; ju\u017c nie odpowiada zapotrzebowaniu z powodu ci\u0105g\u0142ego wzrostu liczby mieszka\u0144c\u00f3w, a opieraj\u0105c si\u0119 na dotychczasowych do\u015bwiadczeniach wiemy, \u017ce i te terminy s\u0105 z kategorii &#8220;optymistycznych&#8221;. Czas na podj\u0119cie zdecydowanych dzia\u0142a\u0144 ze strony W\u0142adz Stolicy, a nie tylko obiecywanie \u017ce kiedy\u015b b\u0119dzie lepiej.<\/p>\n<p><a href=\"http:\/\/warszawa.wyborcza.pl\/warszawa\/1,34862,19377092,ponad-400-mln-zlotych-z-ue-dla-tramwajow-warszawskich-beda.html\" target=\"_blank\" rel=\"noopener\">Komentarz Gazety Wyborczej<\/a><\/p>\n","protected":false},"excerpt":{"rendered":"<p>S\u0105 dodatkowe fundusze dla Tramwaj\u00f3w Warszawskich. W skali miasta to dobra wiadomo\u015b\u0107. Niestety dla naszej dzielnicy oznacza to tylko tyle, \u017ce do ko\u0144ca przysz\u0142ego roku przed\u0142u\u017cona zostanie obecna linia z Tarchomina Ko\u015bcielnego do Nowodwor\u00f3w. I o ile jeszcze wizja dalszego jej przed\u0142u\u017cenia do Winnicy jawi si\u0119 si\u0119 jeszcze w miar\u0119 realnie (teoretycznie do 2023 roku) [&hellip;]<\/p>\n","protected":false},"author":2,"featured_media":0,"comment_status":"closed","ping_status":"closed","sticky":false,"template":"","format":"standard","meta":{"ngg_post_thumbnail":0,"footnotes":""},"categories":[30],"tags":[],"class_list":["post-621","post","type-post","status-publish","format-standard","hentry","category-komunikacja"],"_links":{"self":[{"href":"http:\/\/razemdlabialoleki.waw.pl\/index.php?rest_route=\/wp\/v2\/posts\/621","targetHints":{"allow":["GET"]}}],"collection":[{"href":"http:\/\/razemdlabialoleki.waw.pl\/index.php?rest_route=\/wp\/v2\/posts"}],"about":[{"href":"http:\/\/razemdlabialoleki.waw.pl\/index.php?rest_route=\/wp\/v2\/types\/post"}],"author":[{"embeddable":true,"href":"http:\/\/razemdlabialoleki.waw.pl\/index.php?rest_route=\/wp\/v2\/users\/2"}],"replies":[{"embeddable":true,"href":"http:\/\/razemdlabialoleki.waw.pl\/index.php?rest_route=%2Fwp%2Fv2%2Fcomments&post=621"}],"version-history":[{"count":3,"href":"http:\/\/razemdlabialoleki.waw.pl\/index.php?rest_route=\/wp\/v2\/posts\/621\/revisions"}],"predecessor-version":[{"id":20613,"href":"http:\/\/razemdlabialoleki.waw.pl\/index.php?rest_route=\/wp\/v2\/posts\/621\/revisions\/20613"}],"wp:attachment":[{"href":"http:\/\/razemdlabialoleki.waw.pl\/index.php?rest_route=%2Fwp%2Fv2%2Fmedia&parent=621"}],"wp:term":[{"taxonomy":"category","embeddable":true,"href":"http:\/\/razemdlabialoleki.waw.pl\/index.php?rest_route=%2Fwp%2Fv2%2Fcategories&post=621"},{"taxonomy":"post_tag","embeddable":true,"href":"http:\/\/razemdlabialoleki.waw.pl\/index.php?rest_route=%2Fwp%2Fv2%2Ftags&post=621"}],"curies":[{"name":"wp","href":"https:\/\/api.w.org\/{rel}","templated":true}]}}