{"id":5667,"date":"2018-07-09T07:47:02","date_gmt":"2018-07-09T06:47:02","guid":{"rendered":"http:\/\/razemdlabialoleki.waw.pl\/?p=5667"},"modified":"2018-07-09T08:50:55","modified_gmt":"2018-07-09T07:50:55","slug":"smierdzaca-czajka-smieci-z-ukrainy-na-zarzeczu-komisja-ochrony-srodowiska","status":"publish","type":"post","link":"http:\/\/razemdlabialoleki.waw.pl\/?p=5667","title":{"rendered":"\u015amierdz\u0105ca \u201eCzajka\u201d, \u015bmieci z Ukrainy na Zarzeczu? &#8211; Komisja Ochrony \u015arodowiska"},"content":{"rendered":"<p style=\"text-align: justify;\">3 lipca odby\u0142o si\u0119 posiedzenie Komisji Ochrony \u015arodowiska. Niestety po raz kolejny nie pojawi\u0142 si\u0119 nikt z Zarz\u0105du Dzielnicy (w zarz\u0105dzie s\u0105 trzy osoby i nawet okres urlopowy nie jest wyt\u0142umaczeniem dla absencji burmistrz\u00f3w). Za sprawy ochrony \u015brodowiska w dzielnicy odpowiada wiceburmistrz Adamkiewicz reprezentuj\u0105cy IMB, ani on, ani radni z ramienia klubu IMB nie brali udzia\u0142u w pracach komisji. &nbsp;O dziwo pojawili si\u0119 na niej przedstawiciele Biura Ochrony \u015arodowiska. W tym miejscu nale\u017cy wyja\u015bni\u0107, \u017ce w dotychczasowej praktyce BO\u015a by\u0142o ignorowanie zaprosze\u0144 radnych, czy to na sesj\u0119, czy te\u017c na komisji. Przybyli te\u017c przedstawiciele MPWiK i Oczyszczalni \u015aciek\u00f3w \u201eCzajka\u201d oraz reprezentanci mieszka\u0144c\u00f3w. Dwa tematy zdominowa\u0142y posiedzenie komisji:<\/p>\n<p>1. <strong><em>Problemy z funkcjonuj\u0105cym zag\u0142\u0119biem magazynowania i przetwarzania odpad\u00f3w w okolicach ulicy Zarzecze oraz funkcjonowaniem firm pod adresem Modli\u0144ska 48H.<br \/>\n<\/em><\/strong><br \/>\nMieszka\u0144cy od dawna apeluj\u0105 do w\u0142adz o zaniechanie uci\u0105\u017cliwej (ha\u0142as, smr\u00f3d ), a wr\u0119cz szkodliwej dzia\u0142alno\u015bci firm w tej okolicy. Ostatnio radni przyj\u0119li stanowiska przygotowane przez nasze stowarzyszenie, kt\u00f3re m\u00f3wi o systematycznym wygaszaniu tego typu dzia\u0142alno\u015bci w tym obszarze. Zanim jednak to si\u0119 stanie, firmy tam&nbsp; dzia\u0142aj\u0105ce nie licz\u0105 si\u0119 zupe\u0142nie z prawami i potrzebami mieszka\u0144c\u00f3w. Przedstawiona na posiedzeniu komisji informacja na okoliczno\u015b\u0107 nadzoru i kontroli jak\u0105 sprawuje BO\u015a nad tymi podmiotami wykaza\u0142a \u017ce w zasadzie nadz\u00f3r nie funkcjonuje. Biuro Ochrony \u015arodowiska o zamiarze kontroli informuje podmioty z wyprzedzeniem, a interwencje w trybie dora\u017anym ko\u0144cz\u0105 si\u0119 tym, \u017ce do kontroli nie dochodzi, bo urz\u0119dnicy nie potrafi\u0105 wyegzekwowa\u0107 wej\u015bcia na teren firmy. Nikt te\u017c nie sprawdza jakiego rodzaju odpady s\u0105 wwo\u017cone na teren zak\u0142ad\u00f3w i czy jest to zgodne z wydawanymi pozwoleniami. Mieszka\u0144cy podawali przyk\u0142ady aut na ukrai\u0144skich tablicach rejestracyjnych, kt\u00f3re transportuj\u0105 odpady do firm. W odczuciu mieszka\u0144c\u00f3w zachowanie w\u0142a\u015bcicieli mo\u017ce sugerowa\u0107 &nbsp;jakby mieli oni parasol ochronny. Na kontrole dora\u017ane dziwnym trafem niezw\u0142ocznie przyje\u017cd\u017caj\u0105 w\u0142a\u015bciciele z prawnikami. Swoj\u0105 drog\u0105 maj\u0105 niezwyk\u0142\u0105 intuicj\u0119 przewiduj\u0105c dat\u0119 i godzin\u0119 kontroli. Ciekawa jest te\u017c sprawa grunt\u00f3w Modli\u0144ska 48H, w tym przypadku dosz\u0142o do ska\u017cenia gruntu oraz pogorszenia stanu \u015brodowiska w tym rejonie. Na dzia\u0142ce nad kt\u00f3r\u0105 sprawuje piecz\u0119 firma Ghelamco p\u0142on\u0119\u0142y kilkakrotnie zmagazynowane tam \u015bmieci, dlaczego? Co sp\u0142on\u0119\u0142o? Kto podpali\u0142? Te pytania pozosta\u0142y bez odpowiedzi.<\/p>\n<p>2. <strong><em>Problemy z uci\u0105\u017cliwo\u015bciami generowanymi przez oczyszczalni\u0119 \u201eCzajk\u0119\u201d.<\/em><\/strong><\/p>\n<p>Przedstawiciele MPWiK licznie przybyli na komisj\u0119, na kt\u00f3rej uzupe\u0142nili informacje o tej cz\u0119\u015bci inwestycji, polegaj\u0105cej na budowie zbiornika retencyjnego, kt\u00f3ra znajduje si\u0119 na terenach u zbiegu ulicy Czystej Wody i Deseniowej. Wyrazili oni zdziwienie tym, \u017ce informacja ta nie dotar\u0142a do mieszka\u0144c\u00f3w i zapewniali, \u017ce o wszystkim jest informowany Zarz\u0105d Dzielnicy. Nasuwa si\u0119 wi\u0119c pytanie dlaczego burmistrz Adamkiewicz nie informuje chocia\u017cby radnych, a za ich po\u015brednictwem mieszka\u0144c\u00f3w o tym co zamierza i jak funkcjonuje \u201eCzajka\u201d?! Niestety po raz kolejny nie zaproponowano sposobu na wyeliminowanie strasznego smrodu jaki generuje zak\u0142ad. Fetor powstaje zazwyczaj w momencie wentylowania pomieszcze\u0144 oraz w procesie prze\u0142adunku osad\u00f3w, kt\u00f3re s\u0105 przywo\u017cone z innych miast i spalane w Choszcz\u00f3wce. Kierownictwo oczyszczalni co prawda przyzna\u0142o racj\u0119, \u017ce proces ten powinien by\u0107 ca\u0142kowicie hermetyczny, ale kiedy to si\u0119 stanie nie zadeklarowano. W ostatnim czasie mieszka\u0144cy zauwa\u017cyli, \u017ce z oczyszczalni wywo\u017cone s\u0105 najprawdopodobniej osady? Czy s\u0105 to osady z w\u0142asnych zasob\u00f3w oczyszczali, czy te kt\u00f3re zosta\u0142y tam przywiezione? Dlaczego s\u0105 wywo\u017cone, czy zak\u0142ad mia\u0142 problemy z funkcjonowaniem, tego nie wiemy na pewno. Chocia\u017c analizuj\u0105c trasy ci\u0119\u017car\u00f3wek, mo\u017cna wysnu\u0107 wnioski potwierdzaj\u0105ce ten stan. Na komisji pad\u0142o stanowcze zaprzeczenie, jakoby by\u0142o co\u015b nie tak i zaprzeczono jakoby by\u0142o ograniczenie w pracy zak\u0142adu w tym spalaniu osad\u00f3w pochodz\u0105cych spoza zak\u0142adu. Zadeklarowano, \u017ce takie zapewnienie mo\u017ce by\u0107 wydane na pi\u015bmie. O dziwo po komisji okaza\u0142o si\u0119 jednak, \u017ce o tak\u0105 informacj\u0119 trzeba wyst\u0105pi\u0107&nbsp; w drodze dost\u0119pu do informacji publicznej.<\/p>\n<p style=\"text-align: justify;\">Podsumowuj\u0105c obrady komisji odnosz\u0119 wra\u017cenie, \u017ce nikomu nie zale\u017cy, aby obecny stan rzeczy zmieni\u0107? Burmistrz Adamkiewicz wydaje si\u0119 zbyt ma\u0142o aktywny i merytorycznie nieprzygotowany, aby stawi\u0107 czo\u0142o zar\u00f3wno prawnikom reprezentuj\u0105cym \u201e\u015bmieciowy biznes\u201d funkcjonuj\u0105cy na terenie dzielnicy, jak r\u00f3wnie\u017c Miejskiej Sp\u00f3\u0142ce jak\u0105 jest MPWiK. Fakt, \u017ce sp\u00f3\u0142ka jest nadzorowana przez Pani\u0105 Prezydent Hann\u0119 Gronkiewicz-Waltz oraz to, \u017ce burmistrz nie zosta\u0142 wybrany przez radnych, tylko nominowany przez Pani\u0105 Prezydent jako jej przedstawiciel na dzielnic\u0119, mocno utrudnia sprawowanie jakiegokolwiek nadzoru nad oczyszczalni\u0105 \u201eCzajka\u201d.<\/p>\n<p>Dariusz Olszewski<br \/>\nWiceprezes Stowarzyszenia Razem dla Bia\u0142o\u0142\u0119ki<\/p>\n<p><img loading=\"lazy\" decoding=\"async\" class=\"size-full wp-image-5671\" src=\"http:\/\/razemdlabialoleki.waw.pl\/wp-content\/uploads\/2018\/07\/IMG_20180703_174134.jpg\" alt=\"\" width=\"3968\" height=\"2240\" srcset=\"http:\/\/razemdlabialoleki.waw.pl\/wp-content\/uploads\/2018\/07\/IMG_20180703_174134.jpg 3968w, http:\/\/razemdlabialoleki.waw.pl\/wp-content\/uploads\/2018\/07\/IMG_20180703_174134-300x169.jpg 300w, http:\/\/razemdlabialoleki.waw.pl\/wp-content\/uploads\/2018\/07\/IMG_20180703_174134-768x434.jpg 768w, http:\/\/razemdlabialoleki.waw.pl\/wp-content\/uploads\/2018\/07\/IMG_20180703_174134-1024x578.jpg 1024w, http:\/\/razemdlabialoleki.waw.pl\/wp-content\/uploads\/2018\/07\/IMG_20180703_174134-110x62.jpg 110w, http:\/\/razemdlabialoleki.waw.pl\/wp-content\/uploads\/2018\/07\/IMG_20180703_174134-420x237.jpg 420w, http:\/\/razemdlabialoleki.waw.pl\/wp-content\/uploads\/2018\/07\/IMG_20180703_174134-762x430.jpg 762w\" sizes=\"auto, (max-width: 3968px) 100vw, 3968px\" \/><\/p>\n<p><img loading=\"lazy\" decoding=\"async\" class=\"size-full wp-image-5670\" src=\"http:\/\/razemdlabialoleki.waw.pl\/wp-content\/uploads\/2018\/07\/IMG_20180703_174118.jpg\" alt=\"\" width=\"3968\" height=\"2240\" srcset=\"http:\/\/razemdlabialoleki.waw.pl\/wp-content\/uploads\/2018\/07\/IMG_20180703_174118.jpg 3968w, http:\/\/razemdlabialoleki.waw.pl\/wp-content\/uploads\/2018\/07\/IMG_20180703_174118-300x169.jpg 300w, http:\/\/razemdlabialoleki.waw.pl\/wp-content\/uploads\/2018\/07\/IMG_20180703_174118-768x434.jpg 768w, http:\/\/razemdlabialoleki.waw.pl\/wp-content\/uploads\/2018\/07\/IMG_20180703_174118-1024x578.jpg 1024w, http:\/\/razemdlabialoleki.waw.pl\/wp-content\/uploads\/2018\/07\/IMG_20180703_174118-110x62.jpg 110w, http:\/\/razemdlabialoleki.waw.pl\/wp-content\/uploads\/2018\/07\/IMG_20180703_174118-420x237.jpg 420w, http:\/\/razemdlabialoleki.waw.pl\/wp-content\/uploads\/2018\/07\/IMG_20180703_174118-762x430.jpg 762w\" sizes=\"auto, (max-width: 3968px) 100vw, 3968px\" \/><\/p>\n<p><img loading=\"lazy\" decoding=\"async\" class=\"aligncenter size-full wp-image-5677\" src=\"http:\/\/razemdlabialoleki.waw.pl\/wp-content\/uploads\/2018\/07\/Screenshot_3.jpg\" alt=\"\" width=\"618\" height=\"1129\" srcset=\"http:\/\/razemdlabialoleki.waw.pl\/wp-content\/uploads\/2018\/07\/Screenshot_3.jpg 618w, http:\/\/razemdlabialoleki.waw.pl\/wp-content\/uploads\/2018\/07\/Screenshot_3-164x300.jpg 164w, http:\/\/razemdlabialoleki.waw.pl\/wp-content\/uploads\/2018\/07\/Screenshot_3-561x1024.jpg 561w, http:\/\/razemdlabialoleki.waw.pl\/wp-content\/uploads\/2018\/07\/Screenshot_3-60x110.jpg 60w, http:\/\/razemdlabialoleki.waw.pl\/wp-content\/uploads\/2018\/07\/Screenshot_3-230x420.jpg 230w, http:\/\/razemdlabialoleki.waw.pl\/wp-content\/uploads\/2018\/07\/Screenshot_3-235x430.jpg 235w\" sizes=\"auto, (max-width: 618px) 100vw, 618px\" \/><\/p>\n<p><img loading=\"lazy\" decoding=\"async\" class=\"size-full wp-image-5672\" src=\"http:\/\/razemdlabialoleki.waw.pl\/wp-content\/uploads\/2018\/07\/IMG_20180703_174609.jpg\" alt=\"\" width=\"3968\" height=\"2240\" srcset=\"http:\/\/razemdlabialoleki.waw.pl\/wp-content\/uploads\/2018\/07\/IMG_20180703_174609.jpg 3968w, http:\/\/razemdlabialoleki.waw.pl\/wp-content\/uploads\/2018\/07\/IMG_20180703_174609-300x169.jpg 300w, http:\/\/razemdlabialoleki.waw.pl\/wp-content\/uploads\/2018\/07\/IMG_20180703_174609-768x434.jpg 768w, http:\/\/razemdlabialoleki.waw.pl\/wp-content\/uploads\/2018\/07\/IMG_20180703_174609-1024x578.jpg 1024w, http:\/\/razemdlabialoleki.waw.pl\/wp-content\/uploads\/2018\/07\/IMG_20180703_174609-110x62.jpg 110w, http:\/\/razemdlabialoleki.waw.pl\/wp-content\/uploads\/2018\/07\/IMG_20180703_174609-420x237.jpg 420w, http:\/\/razemdlabialoleki.waw.pl\/wp-content\/uploads\/2018\/07\/IMG_20180703_174609-762x430.jpg 762w\" sizes=\"auto, (max-width: 3968px) 100vw, 3968px\" \/><\/p>\n","protected":false},"excerpt":{"rendered":"<p>3 lipca odby\u0142o si\u0119 posiedzenie Komisji Ochrony \u015arodowiska. Niestety po raz kolejny nie pojawi\u0142 si\u0119 nikt z Zarz\u0105du Dzielnicy (w zarz\u0105dzie s\u0105 trzy osoby i nawet okres urlopowy nie jest wyt\u0142umaczeniem dla absencji burmistrz\u00f3w). Za sprawy ochrony \u015brodowiska w dzielnicy odpowiada wiceburmistrz Adamkiewicz reprezentuj\u0105cy IMB, ani on, ani radni z ramienia klubu IMB nie brali [&hellip;]<\/p>\n","protected":false},"author":2,"featured_media":5674,"comment_status":"closed","ping_status":"closed","sticky":false,"template":"","format":"standard","meta":{"ngg_post_thumbnail":0,"footnotes":""},"categories":[26,28,25],"tags":[],"class_list":["post-5667","post","type-post","status-publish","format-standard","has-post-thumbnail","hentry","category-klub-radnych","category-ochrona-srodowiska","category-samorzad"],"_links":{"self":[{"href":"http:\/\/razemdlabialoleki.waw.pl\/index.php?rest_route=\/wp\/v2\/posts\/5667","targetHints":{"allow":["GET"]}}],"collection":[{"href":"http:\/\/razemdlabialoleki.waw.pl\/index.php?rest_route=\/wp\/v2\/posts"}],"about":[{"href":"http:\/\/razemdlabialoleki.waw.pl\/index.php?rest_route=\/wp\/v2\/types\/post"}],"author":[{"embeddable":true,"href":"http:\/\/razemdlabialoleki.waw.pl\/index.php?rest_route=\/wp\/v2\/users\/2"}],"replies":[{"embeddable":true,"href":"http:\/\/razemdlabialoleki.waw.pl\/index.php?rest_route=%2Fwp%2Fv2%2Fcomments&post=5667"}],"version-history":[{"count":5,"href":"http:\/\/razemdlabialoleki.waw.pl\/index.php?rest_route=\/wp\/v2\/posts\/5667\/revisions"}],"predecessor-version":[{"id":5679,"href":"http:\/\/razemdlabialoleki.waw.pl\/index.php?rest_route=\/wp\/v2\/posts\/5667\/revisions\/5679"}],"wp:featuredmedia":[{"embeddable":true,"href":"http:\/\/razemdlabialoleki.waw.pl\/index.php?rest_route=\/wp\/v2\/media\/5674"}],"wp:attachment":[{"href":"http:\/\/razemdlabialoleki.waw.pl\/index.php?rest_route=%2Fwp%2Fv2%2Fmedia&parent=5667"}],"wp:term":[{"taxonomy":"category","embeddable":true,"href":"http:\/\/razemdlabialoleki.waw.pl\/index.php?rest_route=%2Fwp%2Fv2%2Fcategories&post=5667"},{"taxonomy":"post_tag","embeddable":true,"href":"http:\/\/razemdlabialoleki.waw.pl\/index.php?rest_route=%2Fwp%2Fv2%2Ftags&post=5667"}],"curies":[{"name":"wp","href":"https:\/\/api.w.org\/{rel}","templated":true}]}}