{"id":5661,"date":"2018-07-01T08:09:56","date_gmt":"2018-07-01T07:09:56","guid":{"rendered":"http:\/\/razemdlabialoleki.waw.pl\/?p=5661"},"modified":"2018-07-07T08:19:19","modified_gmt":"2018-07-07T07:19:19","slug":"szlachetne-zdrowie-nikt-sie-nie-dowie-jako-smakujesz-az-sie-zepsujesz","status":"publish","type":"post","link":"http:\/\/razemdlabialoleki.waw.pl\/?p=5661","title":{"rendered":"Szlachetne zdrowie, nikt si\u0119 nie dowie jako smakujesz\u2026 a\u017c si\u0119 zepsujesz\u2026"},"content":{"rendered":"<p align=\"JUSTIFY\" style=\"text-align: justify;\"><span style=\"font-size: small;\">Ju\u017c Jan Kochanowski wiedzia\u0142, jak wielk\u0105 warto\u015bci\u0105 jest zdrowie. I chocia\u017c przez wieki utwierdzali\u015bmy si\u0119 w przekonaniu, \u017ce lepiej zapobiega\u0107 ni\u017c leczy\u0107, to w dalszym ci\u0105gu idea profilaktyki zdrowotnej z trudem implementowana jest w naszym \u017cyciu publicznym. Tym bardziej, ciesz\u0105 inicjatywy podejmowane na gruncie lokalnym i wsp\u00f3\u0142praca mi\u0119dzysektorowa, kt\u00f3ra ju\u017c w kilku miastach przynios\u0142a bardzo wymierne efekty. <\/span><\/p>\n<p align=\"JUSTIFY\" style=\"text-align: justify;\"><span style=\"font-size: small;\">W maju tego roku odby\u0142a si\u0119 konferencja Fundacji Medicover \u201eElektroniczny System Medycyny Szkolnej \u2013 programy profilaktyczne w dobie XXI w. skierowane do dzieci i m\u0142odzie\u017cy, rodziny &#8211; konferencja dla jednostek samorz\u0105du terytorialnego, Departament\u00f3w Zdrowia jednostek samorz\u0105du terytorialnego, piel\u0119gniarek szkolnych, POZ\u201d. Uczestnicy spotkania mieli szans\u0119 pozna\u0107 dobre praktyki w zakresie implementacji program\u00f3w profilaktyki zdrowotnej w\u015br\u00f3d dzieci i m\u0142odzie\u017cy szkolnej trzech miast: Lublina, Wroc\u0142awia i Gdyni. Dzi\u0119ki wroc\u0142awskiemu programowi \u201eUcze\u0144 w formie\u201d, kt\u00f3rego jednym z za\u0142o\u017ce\u0144 by\u0142y badania przesiewowe w kierunku wykrywania nadwagi i oty\u0142o\u015bci, zaobserwowano spadek nadmiernej masy cia\u0142a z 14,70 do 11,96% (por\u00f3wnuj\u0105c edycj\u0119 2012\/2013 i 2016\/2017). W Gdyni w wyniku tr\u00f3jstronnego porozumienia rusza pilota\u017cowy projekt, dotycz\u0105cy wprowadzenia rozwi\u0105zania informatycznego ESMS. Celem projektu b\u0119dzie wypracowanie sp\u00f3jnej polityki zdrowotnej. Dzi\u0119ki tej analizie, w kolejnym kroku nast\u0105pi dopasowanie program\u00f3w do zdiagnozowanych potrzeb szk\u00f3\u0142 oraz wzro\u015bnie \u015bwiadomo\u015b\u0107 samorz\u0105du, kt\u00f3ry w odpowiedzialny spos\u00f3b mo\u017ce wydatkowa\u0107 bud\u017cet. Czy warto podejmowa\u0107 takie dzia\u0142ania? Patrz\u0105c na wzrost wydatk\u00f3w na ochron\u0119 zdrowia w Polsce, kt\u00f3ry wynosi 12% (2016 vs 2015) odpowied\u017a wydaje si\u0119 oczywista. Nadwaga i oty\u0142o\u015b\u0107, z\u0142e nawyki \u017cywieniowe oraz ma\u0142a aktywno\u015b\u0107 fizyczna to wed\u0142ug WHO jedne z siedmiu g\u0142\u00f3wnych czynnik\u00f3w wp\u0142ywaj\u0105cych na ubytek zdrowia w Polsce, zwi\u0119kszaj\u0105cych ryzyko chor\u00f3b przewlek\u0142ych.<\/span><\/p>\n<p align=\"JUSTIFY\" style=\"text-align: justify;\"><span style=\"font-size: small;\">A jak wygl\u0105da Warszawa wobec wy\u017cej wspomnianych miast? W warszawskich dzielnicach od 12 lat realizowany jest program \u201eWiem co jem\u201d. Na prze\u0142omie tych lat dzieci ze szk\u00f3\u0142 i przedszkoli mog\u0142y uczestniczy\u0107 w warsztatach m.in. o aktywno\u015bci fizycznej i \u017cywieniu (przyk\u0142adowo: Jak przygotowa\u0107 dobre \u015bniadanie?). Przeprowadzono te\u017c szereg spotka\u0144 z rodzicami (przyk\u0142adowo: Cukier na cenzurowanym) jak i dyrektorami szk\u00f3\u0142 oraz przedszkoli. Jednak dla osi\u0105gni\u0119cia lepszych rezultat\u00f3w dzia\u0142ania te powinny by\u0107 uzupe\u0142niane o badania przesiewowe w\u015br\u00f3d uczni\u00f3w, daj\u0105ce realny obraz problem\u00f3w oraz mo\u017cliwo\u015bci lepszego dopasowania dzia\u0142a\u0144 i program\u00f3w do potrzeb danej populacji uczni\u00f3w, grupy wiekowej, czy plac\u00f3wki. Wiedza o stanie zdrowia dzieci i m\u0142odzie\u017cy pozwoli na \u015bwiadomy wp\u0142yw na popraw\u0119 stanu zdrowia przysz\u0142ych pokole\u0144. Jednak jest to d\u0142ugookresowy proces, wymagaj\u0105cy analiz, dobrania w\u0142a\u015bciwych rozwi\u0105za\u0144, ewaluacji i wsp\u00f3\u0142pracy odpowiednich organ\u00f3w na szczeblu warszawskim.<\/span><\/p>\n<p style=\"text-align: justify;\"><strong><a name=\"_GoBack\"><\/a><\/strong><span style=\"font-size: small;\"><strong>W 2017 roku kilka szk\u00f3\u0142 z Bia\u0142o\u0142\u0119ki wzi\u0119\u0142o udzia\u0142 w profilaktycznym Programie PoZdro! w kierunku zapobieganiu chorobom cywilizacyjnym. Wyniki s\u0105 zatrwa\u017caj\u0105ce. G\u0142\u00f3wne nieprawid\u0142owo\u015bci w\u015br\u00f3d przebadanych uczni\u00f3w to: wada postawy cia\u0142a (u ponad 70% uczni\u00f3w), s\u0142aba wydolno\u015b\u0107 fizyczna (co 4 ucze\u0144) oraz nadwaga (u oko\u0142o 20% przebadanych dzieci). Wyniki te s\u0105 podstaw\u0105 do dalszych krok\u00f3w, kt\u00f3re przy wsparciu samorz\u0105du powinny podj\u0105\u0107 szko\u0142y.<\/strong> <\/span><\/p>\n<p align=\"JUSTIFY\" style=\"text-align: justify;\"><span style=\"font-size: small;\">Nie bez powodu Archibald Joseph Cronin stwierdzi\u0142, \u017ce \u201eUncja \u015brodk\u00f3w zapobiegawczych jest lepsza od tony \u015brodk\u00f3w leczniczych\u201d a z pewno\u015bci\u0105 ta\u0144sza\u2026 Dlatego wraz ze Stowarzyszeniem Razem dla Bia\u0142o\u0142\u0119ki b\u0119dziemy kontynuowa\u0107 nasze dotychczasowe aktywno\u015bci w kierunku profilaktyki zdrowotnej i zabiega\u0107 o zaimplementowanie globalnych dzia\u0142a\u0144 w tym zakresie.<\/span><\/p>\n<p align=\"RIGHT\" style=\"text-align: justify;\"><span style=\"font-size: small;\"><br \/>\nEwa Gajewska<br \/>\n<\/span><span style=\"font-size: small;\">Radna Dzielnicy Bia\u0142o\u0142\u0119ka<br \/>\n<\/span><span style=\"font-size: small;\">Klub Radnych Razem dla Bia\u0142o\u0142\u0119ki<\/span><\/p>\n","protected":false},"excerpt":{"rendered":"<p>Ju\u017c Jan Kochanowski wiedzia\u0142, jak wielk\u0105 warto\u015bci\u0105 jest zdrowie. I chocia\u017c przez wieki utwierdzali\u015bmy si\u0119 w przekonaniu, \u017ce lepiej zapobiega\u0107 ni\u017c leczy\u0107, to w dalszym ci\u0105gu idea profilaktyki zdrowotnej z trudem implementowana jest w naszym \u017cyciu publicznym. Tym bardziej, ciesz\u0105 inicjatywy podejmowane na gruncie lokalnym i wsp\u00f3\u0142praca mi\u0119dzysektorowa, kt\u00f3ra ju\u017c w kilku miastach przynios\u0142a bardzo [&hellip;]<\/p>\n","protected":false},"author":2,"featured_media":5663,"comment_status":"closed","ping_status":"closed","sticky":false,"template":"","format":"standard","meta":{"ngg_post_thumbnail":0,"footnotes":""},"categories":[10],"tags":[],"class_list":["post-5661","post","type-post","status-publish","format-standard","has-post-thumbnail","hentry","category-akcja-spoleczna"],"_links":{"self":[{"href":"http:\/\/razemdlabialoleki.waw.pl\/index.php?rest_route=\/wp\/v2\/posts\/5661","targetHints":{"allow":["GET"]}}],"collection":[{"href":"http:\/\/razemdlabialoleki.waw.pl\/index.php?rest_route=\/wp\/v2\/posts"}],"about":[{"href":"http:\/\/razemdlabialoleki.waw.pl\/index.php?rest_route=\/wp\/v2\/types\/post"}],"author":[{"embeddable":true,"href":"http:\/\/razemdlabialoleki.waw.pl\/index.php?rest_route=\/wp\/v2\/users\/2"}],"replies":[{"embeddable":true,"href":"http:\/\/razemdlabialoleki.waw.pl\/index.php?rest_route=%2Fwp%2Fv2%2Fcomments&post=5661"}],"version-history":[{"count":4,"href":"http:\/\/razemdlabialoleki.waw.pl\/index.php?rest_route=\/wp\/v2\/posts\/5661\/revisions"}],"predecessor-version":[{"id":5666,"href":"http:\/\/razemdlabialoleki.waw.pl\/index.php?rest_route=\/wp\/v2\/posts\/5661\/revisions\/5666"}],"wp:featuredmedia":[{"embeddable":true,"href":"http:\/\/razemdlabialoleki.waw.pl\/index.php?rest_route=\/wp\/v2\/media\/5663"}],"wp:attachment":[{"href":"http:\/\/razemdlabialoleki.waw.pl\/index.php?rest_route=%2Fwp%2Fv2%2Fmedia&parent=5661"}],"wp:term":[{"taxonomy":"category","embeddable":true,"href":"http:\/\/razemdlabialoleki.waw.pl\/index.php?rest_route=%2Fwp%2Fv2%2Fcategories&post=5661"},{"taxonomy":"post_tag","embeddable":true,"href":"http:\/\/razemdlabialoleki.waw.pl\/index.php?rest_route=%2Fwp%2Fv2%2Ftags&post=5661"}],"curies":[{"name":"wp","href":"https:\/\/api.w.org\/{rel}","templated":true}]}}