{"id":5651,"date":"2018-07-04T13:53:52","date_gmt":"2018-07-04T12:53:52","guid":{"rendered":"http:\/\/razemdlabialoleki.waw.pl\/?p=5651"},"modified":"2024-01-14T14:33:55","modified_gmt":"2024-01-14T13:33:55","slug":"centrum-edukacyjno-kulturalne-cek-na-bialolece-szansa-dla-naszej-dzielnicy","status":"publish","type":"post","link":"http:\/\/razemdlabialoleki.waw.pl\/?p=5651","title":{"rendered":"Centrum Edukacyjno-Kulturalne (CEK) na Bia\u0142o\u0142\u0119ce szans\u0105 dla naszej dzielnicy."},"content":{"rendered":"<p>Powszechnie wiadomo, jak wygl\u0105da dost\u0119pno\u015b\u0107 do plac\u00f3wek o\u015bwiatowych dla mieszka\u0144c\u00f3w Bia\u0142o\u0142\u0119ki, a w szczeg\u00f3lno\u015bci szk\u00f3\u0142 ponadpodstawowych. Na tak du\u017c\u0105 i dynamicznie rozwijaj\u0105c\u0105 si\u0119 dzielnic\u0119 w obecnej chwili mamy tylko jedno liceum og\u00f3lnokszta\u0142c\u0105ce. R\u00f3wnie\u017c ilo\u015b\u0107 oraz umiejscowienie plac\u00f3wek prowadz\u0105cych dzia\u0142alno\u015b\u0107 kulturaln\u0105 jest naszej opinii dalece niewystarczaj\u0105ca.&nbsp;Widoczne s\u0105 go\u0142ym okiem dysproporcje pomi\u0119dzy inwestycjami&nbsp; o\u015bwiatowymi i kulturalnymi, a rzeczywistymi potrzebami mieszka\u0144c\u00f3w.&nbsp;<\/p>\n<p>Dlatego te\u017c z\u0142o\u017cyli\u015bmy projekt stanowiska&nbsp; i wnioskujemy o budow\u0119&nbsp;Centrum Edukacyjno-Kulturalnego na Bia\u0142o\u0142\u0119ce na terenie wyznaczonym ulicami Ekspresow\u0105, Modli\u0144sk\u0105 i P\u0142ochoci\u0144sk\u0105. W zwi\u0105zku z blisko\u015bci\u0105 Trasy Mostu P\u00f3\u0142nocnego oraz planowanym tramwajem wzd\u0142u\u017c ul. Modli\u0144skiej uwa\u017camy, \u017ce jest to idealne miejsce na powstanie kompleksu, kt\u00f3ry z powodzeniem m\u00f3g\u0142by s\u0142u\u017cy\u0107 nie tylko mieszka\u0144com Bia\u0142o\u0142\u0119ki, ale r\u00f3wnie\u017c i okolicznych dzielnic. Powierzchnia oko\u0142o 8 ha pozwoli na zaprojektowanie Centrum Edukacyjno-Kulturalnego, w sk\u0142ad kt\u00f3rego wszed\u0142by zar\u00f3wno zesp\u00f3\u0142 szk\u00f3\u0142 ponadpodstawowych wraz z pe\u0142nowymiarow\u0105 hal\u0105 sportow\u0105 i niezb\u0119dn\u0105 infrastruktur\u0105 oraz o\u015brodek kultury z wielofunkcyjn\u0105 sal\u0105 widowiskow\u0105, i niezb\u0119dnymi pracowniami, salami tematycznymi, wielofunkcyjnymi pomieszczeniami, z kt\u00f3rych mog\u0142yby korzysta\u0107 r\u00f3wnie\u017c r\u00f3\u017cne grupy odbiorc\u00f3w, np. seniorzy, organizacje pozarz\u0105dowe, organizacje m\u0142odzie\u017cowe.&nbsp;Tego typu wielofunkcyjny obiekt sta\u0142by si\u0119 prawdziwym sercem kulturalnym naszej dzielnicy. Jednocze\u015bnie uwa\u017camy, \u017ce kompleks ten powinien by\u0107 uzupe\u0142niony o amfiteatr, kt\u00f3ry by\u0142by doskona\u0142\u0105 baz\u0105 do organizacji wydarze\u0144 plenerowych zar\u00f3wno lokalnych jak i o charakterze ponad dzielnicowym. Nie bez znaczenia jest r\u00f3wnie\u017c istniej\u0105ca na tym terenie ziele\u0144, kt\u00f3ra mog\u0142aby znakomicie podnie\u015b\u0107 walory ca\u0142ego kompleksu, jak r\u00f3wnie\u017c stanowi\u0107 element otaczaj\u0105cego Centrum parku. Ca\u0142o\u015b\u0107 terenu powinna zosta\u0107 obj\u0119ta konkursem architektoniczno-urbanistycznym, a powsta\u0142y zesp\u00f3\u0142 obiekt\u00f3w poza ewidentnymi walorami u\u017cytkowymi sta\u0142by si\u0119 niew\u0105tpliwie architektoniczn\u0105 wizyt\u00f3wk\u0105 naszej dzielnicy i pocz\u0105tkiem rewitalizacji tej cz\u0119\u015bci Bia\u0142o\u0142\u0119ki.<\/p>\n<p>Ca\u0142o\u015b\u0107 projektu stanowiska ws utworzenia Centrum Edukacyjno-Kulturalnego na Bia\u0142o\u0142\u0119ce przedstawiamy poni\u017cej.<\/p>\n<p><img loading=\"lazy\" decoding=\"async\" class=\"aligncenter size-full wp-image-5653\" src=\"http:\/\/razemdlabialoleki.waw.pl\/wp-content\/uploads\/2018\/07\/20cekgeodezyjna20180704zlozone-1.jpg\" alt=\"\" width=\"1800\" height=\"2544\" srcset=\"http:\/\/razemdlabialoleki.waw.pl\/wp-content\/uploads\/2018\/07\/20cekgeodezyjna20180704zlozone-1.jpg 1800w, http:\/\/razemdlabialoleki.waw.pl\/wp-content\/uploads\/2018\/07\/20cekgeodezyjna20180704zlozone-1-212x300.jpg 212w, http:\/\/razemdlabialoleki.waw.pl\/wp-content\/uploads\/2018\/07\/20cekgeodezyjna20180704zlozone-1-768x1085.jpg 768w, http:\/\/razemdlabialoleki.waw.pl\/wp-content\/uploads\/2018\/07\/20cekgeodezyjna20180704zlozone-1-725x1024.jpg 725w, http:\/\/razemdlabialoleki.waw.pl\/wp-content\/uploads\/2018\/07\/20cekgeodezyjna20180704zlozone-1-78x110.jpg 78w, http:\/\/razemdlabialoleki.waw.pl\/wp-content\/uploads\/2018\/07\/20cekgeodezyjna20180704zlozone-1-297x420.jpg 297w, http:\/\/razemdlabialoleki.waw.pl\/wp-content\/uploads\/2018\/07\/20cekgeodezyjna20180704zlozone-1-304x430.jpg 304w\" sizes=\"auto, (max-width: 1800px) 100vw, 1800px\" \/> <img loading=\"lazy\" decoding=\"async\" class=\"aligncenter size-full wp-image-5654\" src=\"http:\/\/razemdlabialoleki.waw.pl\/wp-content\/uploads\/2018\/07\/20cekgeodezyjna20180704zlozone-2.jpg\" alt=\"\" width=\"1800\" height=\"2544\" srcset=\"http:\/\/razemdlabialoleki.waw.pl\/wp-content\/uploads\/2018\/07\/20cekgeodezyjna20180704zlozone-2.jpg 1800w, http:\/\/razemdlabialoleki.waw.pl\/wp-content\/uploads\/2018\/07\/20cekgeodezyjna20180704zlozone-2-212x300.jpg 212w, http:\/\/razemdlabialoleki.waw.pl\/wp-content\/uploads\/2018\/07\/20cekgeodezyjna20180704zlozone-2-768x1085.jpg 768w, http:\/\/razemdlabialoleki.waw.pl\/wp-content\/uploads\/2018\/07\/20cekgeodezyjna20180704zlozone-2-725x1024.jpg 725w, http:\/\/razemdlabialoleki.waw.pl\/wp-content\/uploads\/2018\/07\/20cekgeodezyjna20180704zlozone-2-78x110.jpg 78w, http:\/\/razemdlabialoleki.waw.pl\/wp-content\/uploads\/2018\/07\/20cekgeodezyjna20180704zlozone-2-297x420.jpg 297w, http:\/\/razemdlabialoleki.waw.pl\/wp-content\/uploads\/2018\/07\/20cekgeodezyjna20180704zlozone-2-304x430.jpg 304w\" sizes=\"auto, (max-width: 1800px) 100vw, 1800px\" \/> <img loading=\"lazy\" decoding=\"async\" class=\"aligncenter size-full wp-image-5655\" src=\"http:\/\/razemdlabialoleki.waw.pl\/wp-content\/uploads\/2018\/07\/20cekgeodezyjna20180704zlozone-3.jpg\" alt=\"\" width=\"1800\" height=\"2544\" srcset=\"http:\/\/razemdlabialoleki.waw.pl\/wp-content\/uploads\/2018\/07\/20cekgeodezyjna20180704zlozone-3.jpg 1800w, http:\/\/razemdlabialoleki.waw.pl\/wp-content\/uploads\/2018\/07\/20cekgeodezyjna20180704zlozone-3-212x300.jpg 212w, http:\/\/razemdlabialoleki.waw.pl\/wp-content\/uploads\/2018\/07\/20cekgeodezyjna20180704zlozone-3-768x1085.jpg 768w, http:\/\/razemdlabialoleki.waw.pl\/wp-content\/uploads\/2018\/07\/20cekgeodezyjna20180704zlozone-3-725x1024.jpg 725w, http:\/\/razemdlabialoleki.waw.pl\/wp-content\/uploads\/2018\/07\/20cekgeodezyjna20180704zlozone-3-78x110.jpg 78w, http:\/\/razemdlabialoleki.waw.pl\/wp-content\/uploads\/2018\/07\/20cekgeodezyjna20180704zlozone-3-297x420.jpg 297w, http:\/\/razemdlabialoleki.waw.pl\/wp-content\/uploads\/2018\/07\/20cekgeodezyjna20180704zlozone-3-304x430.jpg 304w\" sizes=\"auto, (max-width: 1800px) 100vw, 1800px\" \/> <img loading=\"lazy\" decoding=\"async\" class=\"aligncenter size-full wp-image-5656\" src=\"http:\/\/razemdlabialoleki.waw.pl\/wp-content\/uploads\/2018\/07\/20cekgeodezyjna20180704zlozone-4.jpg\" alt=\"\" width=\"1800\" height=\"2544\" srcset=\"http:\/\/razemdlabialoleki.waw.pl\/wp-content\/uploads\/2018\/07\/20cekgeodezyjna20180704zlozone-4.jpg 1800w, http:\/\/razemdlabialoleki.waw.pl\/wp-content\/uploads\/2018\/07\/20cekgeodezyjna20180704zlozone-4-212x300.jpg 212w, http:\/\/razemdlabialoleki.waw.pl\/wp-content\/uploads\/2018\/07\/20cekgeodezyjna20180704zlozone-4-768x1085.jpg 768w, http:\/\/razemdlabialoleki.waw.pl\/wp-content\/uploads\/2018\/07\/20cekgeodezyjna20180704zlozone-4-725x1024.jpg 725w, http:\/\/razemdlabialoleki.waw.pl\/wp-content\/uploads\/2018\/07\/20cekgeodezyjna20180704zlozone-4-78x110.jpg 78w, http:\/\/razemdlabialoleki.waw.pl\/wp-content\/uploads\/2018\/07\/20cekgeodezyjna20180704zlozone-4-297x420.jpg 297w, http:\/\/razemdlabialoleki.waw.pl\/wp-content\/uploads\/2018\/07\/20cekgeodezyjna20180704zlozone-4-304x430.jpg 304w\" sizes=\"auto, (max-width: 1800px) 100vw, 1800px\" \/><\/p>\n<h6>(zdj\u0119cie: Google Maps)<\/h6>\n","protected":false},"excerpt":{"rendered":"<p>Powszechnie wiadomo, jak wygl\u0105da dost\u0119pno\u015b\u0107 do plac\u00f3wek o\u015bwiatowych dla mieszka\u0144c\u00f3w Bia\u0142o\u0142\u0119ki, a w szczeg\u00f3lno\u015bci szk\u00f3\u0142 ponadpodstawowych. Na tak du\u017c\u0105 i dynamicznie rozwijaj\u0105c\u0105 si\u0119 dzielnic\u0119 w obecnej chwili mamy tylko jedno liceum og\u00f3lnokszta\u0142c\u0105ce. R\u00f3wnie\u017c ilo\u015b\u0107 oraz umiejscowienie plac\u00f3wek prowadz\u0105cych dzia\u0142alno\u015b\u0107 kulturaln\u0105 jest naszej opinii dalece niewystarczaj\u0105ca.&nbsp;Widoczne s\u0105 go\u0142ym okiem dysproporcje pomi\u0119dzy inwestycjami&nbsp; o\u015bwiatowymi i kulturalnymi, a [&hellip;]<\/p>\n","protected":false},"author":1,"featured_media":5652,"comment_status":"closed","ping_status":"closed","sticky":false,"template":"","format":"standard","meta":{"ngg_post_thumbnail":0,"footnotes":""},"categories":[27],"tags":[],"class_list":["post-5651","post","type-post","status-publish","format-standard","has-post-thumbnail","hentry","category-inwestycje"],"_links":{"self":[{"href":"http:\/\/razemdlabialoleki.waw.pl\/index.php?rest_route=\/wp\/v2\/posts\/5651","targetHints":{"allow":["GET"]}}],"collection":[{"href":"http:\/\/razemdlabialoleki.waw.pl\/index.php?rest_route=\/wp\/v2\/posts"}],"about":[{"href":"http:\/\/razemdlabialoleki.waw.pl\/index.php?rest_route=\/wp\/v2\/types\/post"}],"author":[{"embeddable":true,"href":"http:\/\/razemdlabialoleki.waw.pl\/index.php?rest_route=\/wp\/v2\/users\/1"}],"replies":[{"embeddable":true,"href":"http:\/\/razemdlabialoleki.waw.pl\/index.php?rest_route=%2Fwp%2Fv2%2Fcomments&post=5651"}],"version-history":[{"count":2,"href":"http:\/\/razemdlabialoleki.waw.pl\/index.php?rest_route=\/wp\/v2\/posts\/5651\/revisions"}],"predecessor-version":[{"id":5659,"href":"http:\/\/razemdlabialoleki.waw.pl\/index.php?rest_route=\/wp\/v2\/posts\/5651\/revisions\/5659"}],"wp:featuredmedia":[{"embeddable":true,"href":"http:\/\/razemdlabialoleki.waw.pl\/index.php?rest_route=\/wp\/v2\/media\/5652"}],"wp:attachment":[{"href":"http:\/\/razemdlabialoleki.waw.pl\/index.php?rest_route=%2Fwp%2Fv2%2Fmedia&parent=5651"}],"wp:term":[{"taxonomy":"category","embeddable":true,"href":"http:\/\/razemdlabialoleki.waw.pl\/index.php?rest_route=%2Fwp%2Fv2%2Fcategories&post=5651"},{"taxonomy":"post_tag","embeddable":true,"href":"http:\/\/razemdlabialoleki.waw.pl\/index.php?rest_route=%2Fwp%2Fv2%2Ftags&post=5651"}],"curies":[{"name":"wp","href":"https:\/\/api.w.org\/{rel}","templated":true}]}}