{"id":5640,"date":"2018-06-20T17:27:11","date_gmt":"2018-06-20T16:27:11","guid":{"rendered":"http:\/\/razemdlabialoleki.waw.pl\/?p=5640"},"modified":"2024-01-14T14:34:09","modified_gmt":"2024-01-14T13:34:09","slug":"budzet-partycypacyjny-2019","status":"publish","type":"post","link":"http:\/\/razemdlabialoleki.waw.pl\/?p=5640","title":{"rendered":"Bud\u017cet Partycypacyjny 2019"},"content":{"rendered":"<p style=\"text-align: justify;\"><strong>Serdecznie zapraszamy do g\u0142osowania na projekty zg\u0142oszone przez cz\u0142onk\u00f3w naszego stowarzyszenia do tegorocznej edycji Bud\u017cetu Partycypacyjnego.<\/strong><\/p>\n<p><strong>OBSZAR 1<\/strong><\/p>\n<p style=\"text-align: justify;\"><a href=\"https:\/\/app.twojbudzet.um.warszawa.pl\/projekt\/13322\" target=\"_blank\" rel=\"noopener\">101 &#8211; Modernizacja i rozbudowa placu zabaw przy ul. Odkrytej (przy skateparku\/miasteczku ruchu drogowego)<\/a><br \/>\n<a href=\"https:\/\/app.twojbudzet.um.warszawa.pl\/projekt\/13323\" target=\"_blank\" rel=\"noopener\">102 &#8211; Stworzenie zielonego skweru rekreacyjno-sportowego<\/a><br \/>\n<a href=\"https:\/\/app.twojbudzet.um.warszawa.pl\/projekt\/13423\" target=\"_blank\" rel=\"noopener\">103 &#8211; Utworzenie wybiegu dla ps\u00f3w przy ul. Stefanika<\/a><br \/>\n<a href=\"https:\/\/app.twojbudzet.um.warszawa.pl\/projekt\/13342\" target=\"_blank\" rel=\"noopener\">105 &#8211; Wybudowanie chodnika przed blokiem \u015awiatowida 57<\/a><br \/>\n<a href=\"https:\/\/app.twojbudzet.um.warszawa.pl\/projekt\/14134\" target=\"_blank\" rel=\"noopener\">573 &#8211; Zabawa bez barier &#8211; stworzenie integracyjnego placu zabaw w parku Picassa<\/a><br \/>\n<a href=\"https:\/\/app.twojbudzet.um.warszawa.pl\/projekt\/14090\" target=\"_blank\" rel=\"noopener\">619 &#8211; T\u0119\u017cnia solankowa w Parku Picassa &#8211; mini uzdrowisko<\/a><br \/>\n<a href=\"https:\/\/app.twojbudzet.um.warszawa.pl\/projekt\/14093\" target=\"_blank\" rel=\"noopener\">621 &#8211; Altanki i grill w parku Picassa<\/a><br \/>\n<a href=\"https:\/\/app.twojbudzet.um.warszawa.pl\/projekt\/14102\" target=\"_blank\" rel=\"noopener\">622 &#8211; Poprawa bezpiecze\u0144stwa przej\u015bcia dla pieszych &#8211; &#8220;kocie oczka&#8221; &#8211; na ul. \u015awiderskiej<\/a><br \/>\n<a href=\"https:\/\/app.twojbudzet.um.warszawa.pl\/projekt\/15076\" target=\"_blank\" rel=\"noopener\">1290 &#8211; Modernizacja naszych szkolnych boisk<\/a><br \/>\n<a href=\"https:\/\/app.twojbudzet.um.warszawa.pl\/projekt\/15633\" target=\"_blank\" rel=\"noopener\">1367 &#8211; Plac Zabaw Dla Doros\u0142ych<\/a><br \/>\n<a href=\"https:\/\/app.twojbudzet.um.warszawa.pl\/projekt\/14870\" target=\"_blank\" rel=\"noopener\">1611 &#8211; Odkryj z nami moc warzyw &#8211; warsztaty kulinarne dla dzieci<\/a><br \/>\n<a href=\"https:\/\/app.twojbudzet.um.warszawa.pl\/projekt\/14133\" target=\"_blank\" rel=\"noopener\">1675 &#8211; Zdrowy Senior \u2013 spotkania edukacyjne i nordic walking<\/a><br \/>\n<a href=\"https:\/\/app.twojbudzet.um.warszawa.pl\/projekt\/16060\" target=\"_blank\" rel=\"noopener\">1841 &#8211; Plansz\u00f3wki na kocyku \u2013 cykl letnich spotka\u0144 z grami planszowymi na terenie Bia\u0142o\u0142\u0119ki<\/a><br \/>\n<a href=\"https:\/\/app.twojbudzet.um.warszawa.pl\/projekt\/16066\" target=\"_blank\" rel=\"noopener\">1856 &#8211; &#8220;Bia\u0142o\u0142\u0119ka kwitn\u0105ca\u201d \u2013 nasadzenia kwiat\u00f3w i krzew\u00f3w kwitn\u0105cych w przestrzeni publicznej Dzielnicy<\/a><br \/>\n<a href=\"https:\/\/app.twojbudzet.um.warszawa.pl\/projekt\/15973\" target=\"_blank\" rel=\"noopener\">1871 &#8211; Dziecko z cukrzyc\u0105 w przedszkolu i szkole &#8211; szkolenia dla wychowawc\u00f3w przedszkoli, nauczycieli szk\u00f3\u0142 podstawowych <\/a><br \/>\n<a href=\"https:\/\/app.twojbudzet.um.warszawa.pl\/projekt\/16172\" target=\"_blank\" rel=\"noopener\">2066 &#8211; &#8220;Mieszkam na Bia\u0142o\u0142\u0119ce&#8221; &#8211; kampania promuj\u0105ca Dzielnic\u0119 z udzia\u0142em jej znanych mieszka\u0144c\u00f3w + nagranie piosenki o Bia\u0142o\u0142\u0119ce<\/a><br \/>\n<a href=\"https:\/\/app.twojbudzet.um.warszawa.pl\/projekt\/16259\" target=\"_blank\" rel=\"noopener\">2241 &#8211; Zobacz mnie bezpieczne, aktywne przej\u015bcia dla pieszych &#8211; szko\u0142y 355, 342 na ulicach Topolowej\/Strumykowej i My\u015bliborskiej\/Botewa<\/a><br \/>\n<a href=\"https:\/\/app.twojbudzet.um.warszawa.pl\/projekt\/16281\" target=\"_blank\" rel=\"noopener\">2262 &#8211; Nowe latarnie na Aluzyjnej<\/a><br \/>\n<a href=\"https:\/\/app.twojbudzet.um.warszawa.pl\/projekt\/16281\" target=\"_blank\" rel=\"noopener\">2273 &#8211; Wiata przystankowa na D\u0105br\u00f3wce Wi\u015blanej &#8211; ul. Aluzyjna<\/a><br \/>\n<a href=\"https:\/\/app.twojbudzet.um.warszawa.pl\/projekt\/16296\" target=\"_blank\" rel=\"noopener\">2279 &#8211; Modernizacja ulicy na Nowodworach &#8211; ul. Rucia\u0144ska<\/a><br \/>\n<a href=\"https:\/\/app.twojbudzet.um.warszawa.pl\/projekt\/16297\" target=\"_blank\" rel=\"noopener\">2280 &#8211; Miejsce spotka\u0144 (altana z grillem) przy Mehoffera<\/a><br \/>\n<a href=\"https:\/\/app.twojbudzet.um.warszawa.pl\/projekt\/16308\" target=\"_blank\" rel=\"noopener\">2292 &#8211; Do\u015bwietlenie drogi wewn\u0119trznej i chodnika na wysoko\u015bci parkingu poprzez dobudow\u0119 dw\u00f3ch latarni<\/a><br \/>\n<a href=\"https:\/\/app.twojbudzet.um.warszawa.pl\/projekt\/16314\" target=\"_blank\" rel=\"noopener\">2297 &#8211; Stacja serwisowa rower\u00f3w i parking rowerowy przy mo\u015bcie Sk\u0142odowskiej-Curie<\/a><br \/>\n<a href=\"https:\/\/app.twojbudzet.um.warszawa.pl\/projekt\/16327\" target=\"_blank\" rel=\"noopener\">2311 &#8211; Pla\u017ca na Bia\u0142o\u0142\u0119ce II (strefa sportu nad Wis\u0142\u0105 na Bia\u0142o\u0142\u0119ce) &#8211; rozbudowa<\/a><br \/>\n<a href=\"https:\/\/app.twojbudzet.um.warszawa.pl\/projekt\/16328\" target=\"_blank\" rel=\"noopener\">2312 &#8211; Rozbudowa doj\u015bcia do promu nad Wis\u0142\u0105<\/a><br \/>\n<a href=\"https:\/\/app.twojbudzet.um.warszawa.pl\/projekt\/16334\" target=\"_blank\" rel=\"noopener\">2318 &#8211; Si\u0142ownie plenerowe na Tarchominie i K\u0119pie Tarchomi\u0144skiej<\/a><br \/>\n<a href=\"https:\/\/app.twojbudzet.um.warszawa.pl\/projekt\/16341\" target=\"_blank\" rel=\"noopener\">2325 &#8211; O\u015bwietlenie ledowe na Nowodworach<\/a><br \/>\n<a href=\"https:\/\/app.twojbudzet.um.warszawa.pl\/projekt\/16359\" target=\"_blank\" rel=\"noopener\">2344 &#8211; O\u015bwietlenie wa\u0142u wi\u015blanego ekologicznymi latarniami led<\/a><\/p>\n<p style=\"text-align: justify;\"><strong>OBSZAR 2<\/strong><\/p>\n<p style=\"text-align: justify;\"><a href=\"https:\/\/app.twojbudzet.um.warszawa.pl\/projekt\/13570\" target=\"_blank\" rel=\"noopener\">106 &#8211; Pierwszy pumptrack na Bia\u0142o\u0142\u0119ce &#8211; tor rowerowy<\/a><br \/>\n<a href=\"https:\/\/app.twojbudzet.um.warszawa.pl\/projekt\/14351\" target=\"_blank\" rel=\"noopener\">324 &#8211; Do\u015bwietlenie przej\u015b\u0107 dla pieszych na ulicy Klasyk\u00f3w<\/a><br \/>\n<a href=\"https:\/\/app.twojbudzet.um.warszawa.pl\/projekt\/14558\" target=\"_blank\" rel=\"noopener\">406 &#8211; Monta\u017c lustra drogowego przy skrzy\u017cowaniu ulic Fletniowej i Mehoffera<\/a><br \/>\n<a href=\"https:\/\/app.twojbudzet.um.warszawa.pl\/projekt\/14566\" target=\"_blank\" rel=\"noopener\">411 &#8211; Remont chodnika ulica Mehoffera od ul. Fletniowej do tor\u00f3w kolejowych<\/a><br \/>\n<a href=\"https:\/\/app.twojbudzet.um.warszawa.pl\/projekt\/14954\" target=\"_blank\" rel=\"noopener\">682 &#8211; Chodnik, dwa przej\u015bcia dla pieszych z do\u015bwietleniem i progi zwalniaj\u0105ce na Wa\u0142uszewskiej<\/a><br \/>\n<a href=\"https:\/\/app.twojbudzet.um.warszawa.pl\/projekt\/15156\" target=\"_blank\" rel=\"noopener\">767 &#8211; Monta\u017c du\u017cego lustra drogowego na skrzy\u017cowaniu ulic Wa\u0142uszewskiej i O\u0142\u00f3wkowej<\/a><br \/>\n<a href=\"https:\/\/app.twojbudzet.um.warszawa.pl\/projekt\/15166\" target=\"_blank\" rel=\"noopener\">813 &#8211; \u201eWa\u0142uszewska \u2013 raj dla pieska\u201d \u2013 utworzenie wybiegu dla ps\u00f3w przy ul. Wa\u0142uszewskiej<\/a><br \/>\n<a href=\"https:\/\/app.twojbudzet.um.warszawa.pl\/projekt\/15436\" target=\"_blank\" rel=\"noopener\">1003 &#8211; Plansz\u00f3wki na kocyku \u2013 cykl letnich spotka\u0144 z grami planszowymi na terenie Bia\u0142o\u0142\u0119ki<\/a><br \/>\n<a href=\"https:\/\/app.twojbudzet.um.warszawa.pl\/projekt\/15441\" target=\"_blank\" rel=\"noopener\">1019 &#8211; \u201eBia\u0142o\u0142\u0119ka kwitn\u0105ca\u201d \u2013 nasadzenia kwiat\u00f3w i krzew\u00f3w kwitn\u0105cych w przestrzeni publicznej Dzielnicy<\/a><br \/>\n<a href=\"https:\/\/app.twojbudzet.um.warszawa.pl\/projekt\/15450\" target=\"_blank\" rel=\"noopener\">1025 &#8211; &#8220;Bezpieczny spacer!&#8221; &#8211; budowa chodnika przy ul. Wa\u0142uszewskiej (od ul. O\u0142\u00f3wkowej do ul. Bohater\u00f3w)<\/a><br \/>\n<a href=\"https:\/\/app.twojbudzet.um.warszawa.pl\/projekt\/15455\" target=\"_blank\" rel=\"noopener\">1042 &#8211; Doposa\u017cenie terenu rekreacyjnego przy ul. Polnych Kwiat\u00f3w<\/a><br \/>\n<a href=\"https:\/\/app.twojbudzet.um.warszawa.pl\/projekt\/16071\" target=\"_blank\" rel=\"noopener\">2059 &#8211; &#8220;Mieszkam na Bia\u0142o\u0142\u0119ce&#8221; &#8211; kampania promuj\u0105ca Dzielnic\u0119 z udzia\u0142em jej znanych mieszka\u0144c\u00f3w + nagranie piosenki o Bia\u0142o\u0142\u0119ce<\/a><\/p>\n<p style=\"text-align: justify;\"><strong>OBSZAR 3<\/strong><\/p>\n<p style=\"text-align: justify;\"><a href=\"https:\/\/app.twojbudzet.um.warszawa.pl\/projekt\/16114\" target=\"_blank\" rel=\"noopener\">1939 &#8211; \u201eBia\u0142o\u0142\u0119ka kwitn\u0105ca\u201d \u2013 nasadzenia krzew\u00f3w kwitn\u0105cych w przestrzeni publicznej Dzielnicy<\/a><br \/>\n<a href=\"https:\/\/app.twojbudzet.um.warszawa.pl\/projekt\/16124\" target=\"_blank\" rel=\"noopener\">1960 &#8211; Plansz\u00f3wki na kocyku \u2013 cykl letnich spotka\u0144 z grami planszowymi na terenie Bia\u0142o\u0142\u0119ki<\/a><br \/>\n<a href=\"https:\/\/app.twojbudzet.um.warszawa.pl\/projekt\/16177\" target=\"_blank\" rel=\"noopener\">2076 &#8211; &#8220;Mieszkam na Bia\u0142o\u0142\u0119ce&#8221; &#8211; kampania promuj\u0105ca Dzielnic\u0119 z udzia\u0142em jej znanych mieszka\u0144c\u00f3w + nagranie piosenki o Bia\u0142o\u0142\u0119ce<\/a><\/p>\n","protected":false},"excerpt":{"rendered":"<p>Serdecznie zapraszamy do g\u0142osowania na projekty zg\u0142oszone przez cz\u0142onk\u00f3w naszego stowarzyszenia do tegorocznej edycji Bud\u017cetu Partycypacyjnego. OBSZAR 1 101 &#8211; Modernizacja i rozbudowa placu zabaw przy ul. Odkrytej (przy skateparku\/miasteczku ruchu drogowego) 102 &#8211; Stworzenie zielonego skweru rekreacyjno-sportowego 103 &#8211; Utworzenie wybiegu dla ps\u00f3w przy ul. Stefanika 105 &#8211; Wybudowanie chodnika przed blokiem \u015awiatowida 57 [&hellip;]<\/p>\n","protected":false},"author":2,"featured_media":5642,"comment_status":"closed","ping_status":"closed","sticky":false,"template":"","format":"standard","meta":{"ngg_post_thumbnail":0,"footnotes":""},"categories":[27,28],"tags":[],"class_list":["post-5640","post","type-post","status-publish","format-standard","has-post-thumbnail","hentry","category-inwestycje","category-ochrona-srodowiska"],"_links":{"self":[{"href":"http:\/\/razemdlabialoleki.waw.pl\/index.php?rest_route=\/wp\/v2\/posts\/5640","targetHints":{"allow":["GET"]}}],"collection":[{"href":"http:\/\/razemdlabialoleki.waw.pl\/index.php?rest_route=\/wp\/v2\/posts"}],"about":[{"href":"http:\/\/razemdlabialoleki.waw.pl\/index.php?rest_route=\/wp\/v2\/types\/post"}],"author":[{"embeddable":true,"href":"http:\/\/razemdlabialoleki.waw.pl\/index.php?rest_route=\/wp\/v2\/users\/2"}],"replies":[{"embeddable":true,"href":"http:\/\/razemdlabialoleki.waw.pl\/index.php?rest_route=%2Fwp%2Fv2%2Fcomments&post=5640"}],"version-history":[{"count":4,"href":"http:\/\/razemdlabialoleki.waw.pl\/index.php?rest_route=\/wp\/v2\/posts\/5640\/revisions"}],"predecessor-version":[{"id":5645,"href":"http:\/\/razemdlabialoleki.waw.pl\/index.php?rest_route=\/wp\/v2\/posts\/5640\/revisions\/5645"}],"wp:featuredmedia":[{"embeddable":true,"href":"http:\/\/razemdlabialoleki.waw.pl\/index.php?rest_route=\/wp\/v2\/media\/5642"}],"wp:attachment":[{"href":"http:\/\/razemdlabialoleki.waw.pl\/index.php?rest_route=%2Fwp%2Fv2%2Fmedia&parent=5640"}],"wp:term":[{"taxonomy":"category","embeddable":true,"href":"http:\/\/razemdlabialoleki.waw.pl\/index.php?rest_route=%2Fwp%2Fv2%2Fcategories&post=5640"},{"taxonomy":"post_tag","embeddable":true,"href":"http:\/\/razemdlabialoleki.waw.pl\/index.php?rest_route=%2Fwp%2Fv2%2Ftags&post=5640"}],"curies":[{"name":"wp","href":"https:\/\/api.w.org\/{rel}","templated":true}]}}