{"id":5630,"date":"2018-06-18T09:32:31","date_gmt":"2018-06-18T08:32:31","guid":{"rendered":"http:\/\/razemdlabialoleki.waw.pl\/?p=5630"},"modified":"2024-01-14T14:34:16","modified_gmt":"2024-01-14T13:34:16","slug":"zapisy-na-warsztaty-wizazu-i-stylizacji-pt-odkryj-swoje-piekno-uwierz-w-siebie","status":"publish","type":"post","link":"http:\/\/razemdlabialoleki.waw.pl\/?p=5630","title":{"rendered":"Zapisy na warsztaty wiza\u017cu i stylizacji pt. &#8220;Odkryj swoje pi\u0119kno, uwierz w siebie&#8221;."},"content":{"rendered":"<p><em>Szanowne Panie;<\/em><\/p>\n<p>W ramach zadania &#8220;Animacja \u017cycia kulturalnego oraz upowszechnianie kultury w r\u00f3\u017cnych dziedzinach i formach artystycznych, a tak\u017ce popularyzacja historii i dziedzictwa kulturowego wspieraj\u0105ce rozw\u00f3j i integruj\u0105ce \u015brodowisko lokalne Dzielnicy Bia\u0142o\u0142\u0119ka finansowanego ze \u015brodk\u00f3w publicznych&#8221;<\/p>\n<p>Stowarzyszenie Razem dla Bia\u0142o\u0142\u0119ki zaprasza<br \/>\nw dniach 30.06 &#8211; 01.07 br. na warsztaty wiza\u017cu i stylizacji pt. &#8220;Odkryj swoje pi\u0119kno, uwierz w siebie&#8221;, w sali przy parafii pw. \u015aw. Mateusza Aposto\u0142a i Ewangelisty przy ul. Ostr\u00f3dzkiej 172.<\/p>\n<p>Projekt wsp\u00f3\u0142finansowany przez m.st Warszawa.<\/p>\n<p>Zaj\u0119cia b\u0119d\u0105 podzielone na trzy bloki tematyczne:<br \/>\n<strong>SOBOTA 30 czerwca br.<\/strong><br \/>\n1. 10:00 &#8211; 13:15 Dob\u00f3r kolor\u00f3w do typu urody &#8211; analiza kolorystyczna (3 godziny);<\/p>\n<p>2. 13:45 &#8211; 17:00 Warsztaty makija\u017cu (3 godziny);<\/p>\n<p><strong>NIEDZIELA 01 lipca&nbsp; br.&nbsp;<\/strong><br \/>\n3. 10:00 &#8211; 14:30 Analiza sylwetki, dob\u00f3r garderoby, style w ubieraniu si\u0119, kreowanie w\u0142asnego stylu (4 godziny).<\/p>\n<p>Kolejne warsztaty odb\u0119d\u0105 si\u0119 29-30 wrze\u015bnia. Zapisy b\u0119d\u0105 dost\u0119pne od 17 wrze\u015bnia. Serdecznie zapraszamy do obserwowania naszej strony.<\/p>\n<p>&#8211;<\/p>\n","protected":false},"excerpt":{"rendered":"<p>Szanowne Panie; W ramach zadania &#8220;Animacja \u017cycia kulturalnego oraz upowszechnianie kultury w r\u00f3\u017cnych dziedzinach i formach artystycznych, a tak\u017ce popularyzacja historii i dziedzictwa kulturowego wspieraj\u0105ce rozw\u00f3j i integruj\u0105ce \u015brodowisko lokalne Dzielnicy Bia\u0142o\u0142\u0119ka finansowanego ze \u015brodk\u00f3w publicznych&#8221; Stowarzyszenie Razem dla Bia\u0142o\u0142\u0119ki zaprasza w dniach 30.06 &#8211; 01.07 br. na warsztaty wiza\u017cu i stylizacji pt. &#8220;Odkryj swoje [&hellip;]<\/p>\n","protected":false},"author":1,"featured_media":5029,"comment_status":"closed","ping_status":"closed","sticky":false,"template":"","format":"standard","meta":{"ngg_post_thumbnail":0,"footnotes":""},"categories":[14],"tags":[],"class_list":["post-5630","post","type-post","status-publish","format-standard","has-post-thumbnail","hentry","category-kobiety-razem-dla-bialoleki"],"_links":{"self":[{"href":"http:\/\/razemdlabialoleki.waw.pl\/index.php?rest_route=\/wp\/v2\/posts\/5630","targetHints":{"allow":["GET"]}}],"collection":[{"href":"http:\/\/razemdlabialoleki.waw.pl\/index.php?rest_route=\/wp\/v2\/posts"}],"about":[{"href":"http:\/\/razemdlabialoleki.waw.pl\/index.php?rest_route=\/wp\/v2\/types\/post"}],"author":[{"embeddable":true,"href":"http:\/\/razemdlabialoleki.waw.pl\/index.php?rest_route=\/wp\/v2\/users\/1"}],"replies":[{"embeddable":true,"href":"http:\/\/razemdlabialoleki.waw.pl\/index.php?rest_route=%2Fwp%2Fv2%2Fcomments&post=5630"}],"version-history":[{"count":4,"href":"http:\/\/razemdlabialoleki.waw.pl\/index.php?rest_route=\/wp\/v2\/posts\/5630\/revisions"}],"predecessor-version":[{"id":5647,"href":"http:\/\/razemdlabialoleki.waw.pl\/index.php?rest_route=\/wp\/v2\/posts\/5630\/revisions\/5647"}],"wp:featuredmedia":[{"embeddable":true,"href":"http:\/\/razemdlabialoleki.waw.pl\/index.php?rest_route=\/wp\/v2\/media\/5029"}],"wp:attachment":[{"href":"http:\/\/razemdlabialoleki.waw.pl\/index.php?rest_route=%2Fwp%2Fv2%2Fmedia&parent=5630"}],"wp:term":[{"taxonomy":"category","embeddable":true,"href":"http:\/\/razemdlabialoleki.waw.pl\/index.php?rest_route=%2Fwp%2Fv2%2Fcategories&post=5630"},{"taxonomy":"post_tag","embeddable":true,"href":"http:\/\/razemdlabialoleki.waw.pl\/index.php?rest_route=%2Fwp%2Fv2%2Ftags&post=5630"}],"curies":[{"name":"wp","href":"https:\/\/api.w.org\/{rel}","templated":true}]}}