{"id":5495,"date":"2018-06-14T18:16:47","date_gmt":"2018-06-14T17:16:47","guid":{"rendered":"http:\/\/razemdlabialoleki.waw.pl\/?p=5495"},"modified":"2018-06-18T08:59:43","modified_gmt":"2018-06-18T07:59:43","slug":"bialoleka-smogiem-warszawy","status":"publish","type":"post","link":"http:\/\/razemdlabialoleki.waw.pl\/?p=5495","title":{"rendered":"Bia\u0142o\u0142\u0119ka Smogiem Warszawy"},"content":{"rendered":"<p style=\"text-align: justify;\">Sezon grzewczy za nami, uci\u0105\u017cliwo\u015bci jakby mniej wi\u0119c sk\u0105d nagle temat smogu. Ot\u00f3\u017c chc\u0105c nie chc\u0105c, w tym szczeg\u00f3lnym roku &#8211; i wcale nie mam tu na my\u015bli 100-lecia odzyskania niepodleg\u0142o\u015bci &#8211; pojawiaj\u0105 si\u0119 r\u00f3\u017cni kandydaci, kt\u00f3rzy wyci\u0105gaj\u0105 jak kr\u00f3liki z kapelusza cudowne pomys\u0142y na rozwi\u0105zanie codziennych bol\u0105czek Warszawiak\u00f3w. Jednym z takich problem\u00f3w jest w\u0142a\u015bnie smog. C\u00f3\u017c nam zatem proponuj\u0105 kandydaci oficjalnie przecie\u017c nie prowadz\u0105cy jeszcze kampanii. Ot\u00f3\u017c pan Trzaskowski proponuje ziele\u0144. Ziele\u0144 tu, ziele\u0144 tam. Pi\u0119knie. Jak to ma si\u0119 do notorycznych wycinek np. na Bia\u0142o\u0142\u0119ce? Moim zdaniem nie bardzo. Szumnie zapowiadany ju\u017c jaki\u015b czasu temu miejski program &#8220;Zielone ulice Warszawy&#8221; te\u017c jako\u015b rodzi si\u0119 w b\u00f3lach i nagle teraz ma by\u0107 lepiej. Jako\u015b trudno w to uwierzy\u0107. Z drugiej strony mamy propozycj\u0119 pana Jakiego. Propozycja pos\u0142a, kt\u00f3ry sam g\u0142osowa\u0142 przeciwko ustawie antysmogowej (sic!) jest taka, \u017ce w pierwszym roku swojej ewentualnej kadencji zlikwiduje wszystkie miejskie &#8220;kopciuchy&#8221;. Do tego bon antysmogowy i uwaga &#8211; bezwzgl\u0119dna walka z trucicielami. Doprawdy trudno uwierzy\u0107 w te zapewnienia, a w szczeg\u00f3lno\u015bci w deklaracje likwidacji &#8220;kopciuch\u00f3w&#8221; w rok. &nbsp;Czas, procedury, finansowanie, decyzje&#8230;<\/p>\n<p style=\"text-align: justify;\"><strong>Mieszka\u0144c\u00f3w mniej interesuj\u0105 szumne zapowiedzi, kt\u00f3re zazwyczaj znikaj\u0105 wraz z opadaj\u0105cym powyborczym kurzem. Czekaj\u0105 na kompleksowe dzia\u0142ania i realne wsparcie. Czekaj\u0105 mieszka\u0144cy Bia\u0142o\u0142\u0119ki, kt\u00f3rzy z powodu mizerii w dost\u0119pie do miejskiej sieci c.o. s\u0105 skazani na indywidualne \u017ar\u00f3d\u0142a ogrzewania, a tym samym&nbsp; niestety wbrew swej woli przyczyniaj\u0105 si\u0119 do zwi\u0119kszenia emisji szkodliwych py\u0142\u00f3w. Czekaj\u0105 te\u017c bia\u0142o\u0142\u0119czanie na rozw\u00f3j komunikacji miejskiej, a w szczeg\u00f3lno\u015bci transportu szynowego bo to mo\u017ce wydanie pom\u00f3c w walce ze smogiem. O tym i o innych oczekiwaniach mieszka\u0144c\u00f3w mia\u0142em zaszczyt m\u00f3wi\u0107 podczas konferencji, kt\u00f3ra odby\u0142a si\u0119 w grudniu ubieg\u0142ego roku w Sejmie. Mam nadziej\u0119, \u017ce decydenci i obecni kandydaci zamiast wi\u0119cej obiecywa\u0107 zaczn\u0105 wi\u0119cej dzia\u0142a\u0107. Czego i Pa\u0144stwu, i sobie \u017cycz\u0119 nie tylko w tematyce smogu.<\/strong><\/p>\n<p style=\"text-align: justify;\">Jan Mackiewicz<br \/>\nPrezes Stowarzyszenia Razem dla Bia\u0142o\u0142\u0119ki<\/p>\n<p><a href=\"https:\/\/www.youtube.com\/watch?v=7AGembLPYRQ\" target=\"_blank\" rel=\"noopener\"><img loading=\"lazy\" decoding=\"async\" class=\"aligncenter size-full wp-image-5626\" src=\"http:\/\/razemdlabialoleki.waw.pl\/wp-content\/uploads\/2018\/06\/smog-1.jpg\" alt=\"\" width=\"635\" height=\"453\" srcset=\"http:\/\/razemdlabialoleki.waw.pl\/wp-content\/uploads\/2018\/06\/smog-1.jpg 635w, http:\/\/razemdlabialoleki.waw.pl\/wp-content\/uploads\/2018\/06\/smog-1-300x214.jpg 300w, http:\/\/razemdlabialoleki.waw.pl\/wp-content\/uploads\/2018\/06\/smog-1-110x78.jpg 110w, http:\/\/razemdlabialoleki.waw.pl\/wp-content\/uploads\/2018\/06\/smog-1-420x300.jpg 420w, http:\/\/razemdlabialoleki.waw.pl\/wp-content\/uploads\/2018\/06\/smog-1-603x430.jpg 603w\" sizes=\"auto, (max-width: 635px) 100vw, 635px\" \/><\/a><\/p>\n<p style=\"text-align: center;\">(kliknij w zdj\u0119cie aby odtworzy\u0107)<\/p>\n","protected":false},"excerpt":{"rendered":"<p>Sezon grzewczy za nami, uci\u0105\u017cliwo\u015bci jakby mniej wi\u0119c sk\u0105d nagle temat smogu. Ot\u00f3\u017c chc\u0105c nie chc\u0105c, w tym szczeg\u00f3lnym roku &#8211; i wcale nie mam tu na my\u015bli 100-lecia odzyskania niepodleg\u0142o\u015bci &#8211; pojawiaj\u0105 si\u0119 r\u00f3\u017cni kandydaci, kt\u00f3rzy wyci\u0105gaj\u0105 jak kr\u00f3liki z kapelusza cudowne pomys\u0142y na rozwi\u0105zanie codziennych bol\u0105czek Warszawiak\u00f3w. Jednym z takich problem\u00f3w jest w\u0142a\u015bnie [&hellip;]<\/p>\n","protected":false},"author":2,"featured_media":5496,"comment_status":"closed","ping_status":"closed","sticky":false,"template":"","format":"standard","meta":{"ngg_post_thumbnail":0,"footnotes":""},"categories":[28],"tags":[],"class_list":["post-5495","post","type-post","status-publish","format-standard","has-post-thumbnail","hentry","category-ochrona-srodowiska"],"_links":{"self":[{"href":"http:\/\/razemdlabialoleki.waw.pl\/index.php?rest_route=\/wp\/v2\/posts\/5495","targetHints":{"allow":["GET"]}}],"collection":[{"href":"http:\/\/razemdlabialoleki.waw.pl\/index.php?rest_route=\/wp\/v2\/posts"}],"about":[{"href":"http:\/\/razemdlabialoleki.waw.pl\/index.php?rest_route=\/wp\/v2\/types\/post"}],"author":[{"embeddable":true,"href":"http:\/\/razemdlabialoleki.waw.pl\/index.php?rest_route=\/wp\/v2\/users\/2"}],"replies":[{"embeddable":true,"href":"http:\/\/razemdlabialoleki.waw.pl\/index.php?rest_route=%2Fwp%2Fv2%2Fcomments&post=5495"}],"version-history":[{"count":3,"href":"http:\/\/razemdlabialoleki.waw.pl\/index.php?rest_route=\/wp\/v2\/posts\/5495\/revisions"}],"predecessor-version":[{"id":5627,"href":"http:\/\/razemdlabialoleki.waw.pl\/index.php?rest_route=\/wp\/v2\/posts\/5495\/revisions\/5627"}],"wp:featuredmedia":[{"embeddable":true,"href":"http:\/\/razemdlabialoleki.waw.pl\/index.php?rest_route=\/wp\/v2\/media\/5496"}],"wp:attachment":[{"href":"http:\/\/razemdlabialoleki.waw.pl\/index.php?rest_route=%2Fwp%2Fv2%2Fmedia&parent=5495"}],"wp:term":[{"taxonomy":"category","embeddable":true,"href":"http:\/\/razemdlabialoleki.waw.pl\/index.php?rest_route=%2Fwp%2Fv2%2Fcategories&post=5495"},{"taxonomy":"post_tag","embeddable":true,"href":"http:\/\/razemdlabialoleki.waw.pl\/index.php?rest_route=%2Fwp%2Fv2%2Ftags&post=5495"}],"curies":[{"name":"wp","href":"https:\/\/api.w.org\/{rel}","templated":true}]}}