{"id":5133,"date":"2018-05-14T09:31:44","date_gmt":"2018-05-14T08:31:44","guid":{"rendered":"http:\/\/razemdlabialoleki.waw.pl\/?p=5133"},"modified":"2024-01-14T14:35:42","modified_gmt":"2024-01-14T13:35:42","slug":"5133","status":"publish","type":"post","link":"http:\/\/razemdlabialoleki.waw.pl\/?p=5133","title":{"rendered":"Odkryj swoje pi\u0119kno, uwierz w siebie"},"content":{"rendered":"<p><em>Szanowne Panie;<\/em><\/p>\n<p>W ramach zadania &#8220;Animacja \u017cycia kulturalnego oraz upowszechnianie kultury w r\u00f3\u017cnych dziedzinach i formach artystycznych, a tak\u017ce popularyzacja historii i dziedzictwa kulturowego wspieraj\u0105ce rozw\u00f3j i integruj\u0105ce \u015brodowisko lokalne Dzielnicy Bia\u0142o\u0142\u0119ka finansowanego ze \u015brodk\u00f3w publicznych&#8221;<\/p>\n<p>Stowarzyszenie Razem dla Bia\u0142o\u0142\u0119ki zaprasza<br \/>\nw dniach 26-27 maja br. na warsztaty wiza\u017cu i stylizacji pt. &#8220;Odkryj swoje pi\u0119kno, uwierz w siebie&#8221;, w sali przy parafii pw. \u015aw. Mateusza Aposto\u0142a i Ewangelisty przy ul. Ostr\u00f3dzkiej 172<\/p>\n<p>Zaj\u0119cia b\u0119d\u0105 podzielone na trzy bloki tematyczne:<br \/>\n<strong>SOBOTA 26 maja br.<\/strong><br \/>\n1. 10:00 &#8211; 13:15 Dob\u00f3r kolor\u00f3w do typu urody &#8211; analiza kolorystyczna (3 godziny);<\/p>\n<p>2. 13:45 &#8211; 17:00 Warsztaty makija\u017cu (3 godziny);<\/p>\n<p><strong>NIEDZIELA 27 maja br. ( UWAGA ZMIANA GODZINY)<\/strong><br \/>\n3. 10:00 &#8211; 14:30 Analiza sylwetki, dob\u00f3r garderoby, style w ubieraniu si\u0119, kreowanie w\u0142asnego stylu (4 godziny).<\/p>\n<p>Mo\u017cna zapisa\u0107 si\u0119 na ca\u0142y warsztat lub na jedn\u0105 cz\u0119\u015b\u0107.<br \/>\nPotwierdzenie udzia\u0142u otrzymaj\u0105 Panie w oddzielnym mailu do dnia 23 maja br.<\/p>\n<p><span style=\"color: #ff0000;\"><strong>ZAPISY WSTRZYMANE Z POWODU BRAKU MIEJSC.<\/strong><\/span><\/p>\n","protected":false},"excerpt":{"rendered":"<p>Szanowne Panie; W ramach zadania &#8220;Animacja \u017cycia kulturalnego oraz upowszechnianie kultury w r\u00f3\u017cnych dziedzinach i formach artystycznych, a tak\u017ce popularyzacja historii i dziedzictwa kulturowego wspieraj\u0105ce rozw\u00f3j i integruj\u0105ce \u015brodowisko lokalne Dzielnicy Bia\u0142o\u0142\u0119ka finansowanego ze \u015brodk\u00f3w publicznych&#8221; Stowarzyszenie Razem dla Bia\u0142o\u0142\u0119ki zaprasza w dniach 26-27 maja br. na warsztaty wiza\u017cu i stylizacji pt. &#8220;Odkryj swoje pi\u0119kno, [&hellip;]<\/p>\n","protected":false},"author":1,"featured_media":5029,"comment_status":"closed","ping_status":"closed","sticky":false,"template":"","format":"standard","meta":{"ngg_post_thumbnail":0,"footnotes":""},"categories":[14],"tags":[],"class_list":["post-5133","post","type-post","status-publish","format-standard","has-post-thumbnail","hentry","category-kobiety-razem-dla-bialoleki"],"_links":{"self":[{"href":"http:\/\/razemdlabialoleki.waw.pl\/index.php?rest_route=\/wp\/v2\/posts\/5133","targetHints":{"allow":["GET"]}}],"collection":[{"href":"http:\/\/razemdlabialoleki.waw.pl\/index.php?rest_route=\/wp\/v2\/posts"}],"about":[{"href":"http:\/\/razemdlabialoleki.waw.pl\/index.php?rest_route=\/wp\/v2\/types\/post"}],"author":[{"embeddable":true,"href":"http:\/\/razemdlabialoleki.waw.pl\/index.php?rest_route=\/wp\/v2\/users\/1"}],"replies":[{"embeddable":true,"href":"http:\/\/razemdlabialoleki.waw.pl\/index.php?rest_route=%2Fwp%2Fv2%2Fcomments&post=5133"}],"version-history":[{"count":4,"href":"http:\/\/razemdlabialoleki.waw.pl\/index.php?rest_route=\/wp\/v2\/posts\/5133\/revisions"}],"predecessor-version":[{"id":5298,"href":"http:\/\/razemdlabialoleki.waw.pl\/index.php?rest_route=\/wp\/v2\/posts\/5133\/revisions\/5298"}],"wp:featuredmedia":[{"embeddable":true,"href":"http:\/\/razemdlabialoleki.waw.pl\/index.php?rest_route=\/wp\/v2\/media\/5029"}],"wp:attachment":[{"href":"http:\/\/razemdlabialoleki.waw.pl\/index.php?rest_route=%2Fwp%2Fv2%2Fmedia&parent=5133"}],"wp:term":[{"taxonomy":"category","embeddable":true,"href":"http:\/\/razemdlabialoleki.waw.pl\/index.php?rest_route=%2Fwp%2Fv2%2Fcategories&post=5133"},{"taxonomy":"post_tag","embeddable":true,"href":"http:\/\/razemdlabialoleki.waw.pl\/index.php?rest_route=%2Fwp%2Fv2%2Ftags&post=5133"}],"curies":[{"name":"wp","href":"https:\/\/api.w.org\/{rel}","templated":true}]}}