{"id":5114,"date":"2018-05-13T20:10:50","date_gmt":"2018-05-13T19:10:50","guid":{"rendered":"http:\/\/razemdlabialoleki.waw.pl\/?p=5114"},"modified":"2018-05-13T20:52:57","modified_gmt":"2018-05-13T19:52:57","slug":"park-na-brzezinach-wideo","status":"publish","type":"post","link":"http:\/\/razemdlabialoleki.waw.pl\/?p=5114","title":{"rendered":"Park na Brzezinach [WIDEO]"},"content":{"rendered":"<p style=\"text-align: justify;\">Serdecznie zapraszamy do obejrzenia&nbsp;<a href=\"https:\/\/warszawa.tvp.pl\/37188508\/13052018\" target=\"_blank\" rel=\"noopener\">reporta\u017cu<\/a> (materia\u0142 od 4&#8242; 25&#8221;) w sprawie <a href=\"https:\/\/www.facebook.com\/Park-na-Brzezinach-1734881849937738\/\" target=\"_blank\" rel=\"noopener\">Parku na Brzezinach<\/a>.<\/p>\n<p style=\"text-align: justify;\">W <a href=\"https:\/\/warszawa.tvp.pl\/37188508\/13052018\" target=\"_blank\" rel=\"noopener\">Telewizyjnym Kurierze Warszawskim<\/a> o tym, dlaczego sprzeciwiamy si\u0119 planom sprzeda\u017cy dzia\u0142ki, na kt\u00f3rej mieszka\u0144cy chc\u0105 utworzenia projektu w ramach bud\u017cetu partycypacyjnego pod nazw\u0105 <a href=\"https:\/\/app.twojbudzet.um.warszawa.pl\/projekt\/16303?user=\" target=\"_blank\" rel=\"&quot;noopener\">\u201ePark odpoczynku\u201d<\/a>. Jednocze\u015bnie prosimy o wsparcie i podpisanie <a href=\"https:\/\/www.petycjeonline.com\/petycja_w_sprawie_zielonego_skweru_przy_ulicy_echa_lene_i_zbyszka_z_bogdaca_w_warszawie_-_park_odpoczynku_na_brzezinach\" target=\"_blank\" rel=\"noopener\">petycji.<\/a><\/p>\n<p style=\"text-align: justify;\"><strong>Wszystkim zaanga\u017cowanym w projekt serdecznie dzi\u0119kujemy. Razem dla Parku na Brzezinach.<\/strong><\/p>\n<p><img loading=\"lazy\" decoding=\"async\" class=\"aligncenter size-large wp-image-5116\" src=\"http:\/\/razemdlabialoleki.waw.pl\/wp-content\/uploads\/2018\/05\/32313312_1756348934457696_6215445700314923008_o-1024x768.jpg\" alt=\"\" width=\"640\" height=\"480\" srcset=\"http:\/\/razemdlabialoleki.waw.pl\/wp-content\/uploads\/2018\/05\/32313312_1756348934457696_6215445700314923008_o-1024x768.jpg 1024w, http:\/\/razemdlabialoleki.waw.pl\/wp-content\/uploads\/2018\/05\/32313312_1756348934457696_6215445700314923008_o-300x225.jpg 300w, http:\/\/razemdlabialoleki.waw.pl\/wp-content\/uploads\/2018\/05\/32313312_1756348934457696_6215445700314923008_o-768x576.jpg 768w, http:\/\/razemdlabialoleki.waw.pl\/wp-content\/uploads\/2018\/05\/32313312_1756348934457696_6215445700314923008_o-110x83.jpg 110w, http:\/\/razemdlabialoleki.waw.pl\/wp-content\/uploads\/2018\/05\/32313312_1756348934457696_6215445700314923008_o-420x315.jpg 420w, http:\/\/razemdlabialoleki.waw.pl\/wp-content\/uploads\/2018\/05\/32313312_1756348934457696_6215445700314923008_o-573x430.jpg 573w, http:\/\/razemdlabialoleki.waw.pl\/wp-content\/uploads\/2018\/05\/32313312_1756348934457696_6215445700314923008_o.jpg 2016w\" sizes=\"auto, (max-width: 640px) 100vw, 640px\" \/><\/p>\n<p><img loading=\"lazy\" decoding=\"async\" class=\"aligncenter size-full wp-image-5124\" src=\"http:\/\/razemdlabialoleki.waw.pl\/wp-content\/uploads\/2018\/05\/4.jpg\" alt=\"\" width=\"999\" height=\"498\" srcset=\"http:\/\/razemdlabialoleki.waw.pl\/wp-content\/uploads\/2018\/05\/4.jpg 999w, http:\/\/razemdlabialoleki.waw.pl\/wp-content\/uploads\/2018\/05\/4-300x150.jpg 300w, http:\/\/razemdlabialoleki.waw.pl\/wp-content\/uploads\/2018\/05\/4-768x383.jpg 768w, http:\/\/razemdlabialoleki.waw.pl\/wp-content\/uploads\/2018\/05\/4-110x55.jpg 110w, http:\/\/razemdlabialoleki.waw.pl\/wp-content\/uploads\/2018\/05\/4-420x209.jpg 420w, http:\/\/razemdlabialoleki.waw.pl\/wp-content\/uploads\/2018\/05\/4-770x384.jpg 770w\" sizes=\"auto, (max-width: 999px) 100vw, 999px\" \/><\/p>\n<p><img loading=\"lazy\" decoding=\"async\" class=\"aligncenter  wp-image-5130\" src=\"http:\/\/razemdlabialoleki.waw.pl\/wp-content\/uploads\/2018\/05\/IMG-20180513-WA0025-1024x556.jpg\" alt=\"\" width=\"992\" height=\"539\" srcset=\"http:\/\/razemdlabialoleki.waw.pl\/wp-content\/uploads\/2018\/05\/IMG-20180513-WA0025-1024x556.jpg 1024w, http:\/\/razemdlabialoleki.waw.pl\/wp-content\/uploads\/2018\/05\/IMG-20180513-WA0025-300x163.jpg 300w, http:\/\/razemdlabialoleki.waw.pl\/wp-content\/uploads\/2018\/05\/IMG-20180513-WA0025-768x417.jpg 768w, http:\/\/razemdlabialoleki.waw.pl\/wp-content\/uploads\/2018\/05\/IMG-20180513-WA0025-110x60.jpg 110w, http:\/\/razemdlabialoleki.waw.pl\/wp-content\/uploads\/2018\/05\/IMG-20180513-WA0025-420x228.jpg 420w, http:\/\/razemdlabialoleki.waw.pl\/wp-content\/uploads\/2018\/05\/IMG-20180513-WA0025-770x418.jpg 770w, http:\/\/razemdlabialoleki.waw.pl\/wp-content\/uploads\/2018\/05\/IMG-20180513-WA0025.jpg 1351w\" sizes=\"auto, (max-width: 992px) 100vw, 992px\" \/><\/p>\n<p><img loading=\"lazy\" decoding=\"async\" class=\"aligncenter size-full wp-image-5122\" src=\"http:\/\/razemdlabialoleki.waw.pl\/wp-content\/uploads\/2018\/05\/2.jpg\" alt=\"\" width=\"993\" height=\"497\" srcset=\"http:\/\/razemdlabialoleki.waw.pl\/wp-content\/uploads\/2018\/05\/2.jpg 993w, http:\/\/razemdlabialoleki.waw.pl\/wp-content\/uploads\/2018\/05\/2-300x150.jpg 300w, http:\/\/razemdlabialoleki.waw.pl\/wp-content\/uploads\/2018\/05\/2-768x384.jpg 768w, http:\/\/razemdlabialoleki.waw.pl\/wp-content\/uploads\/2018\/05\/2-110x55.jpg 110w, http:\/\/razemdlabialoleki.waw.pl\/wp-content\/uploads\/2018\/05\/2-420x210.jpg 420w, http:\/\/razemdlabialoleki.waw.pl\/wp-content\/uploads\/2018\/05\/2-770x385.jpg 770w\" sizes=\"auto, (max-width: 993px) 100vw, 993px\" \/><\/p>\n<p><img loading=\"lazy\" decoding=\"async\" class=\"aligncenter size-full wp-image-5128\" src=\"http:\/\/razemdlabialoleki.waw.pl\/wp-content\/uploads\/2018\/05\/8.jpg\" alt=\"\" width=\"994\" height=\"493\" srcset=\"http:\/\/razemdlabialoleki.waw.pl\/wp-content\/uploads\/2018\/05\/8.jpg 994w, http:\/\/razemdlabialoleki.waw.pl\/wp-content\/uploads\/2018\/05\/8-300x149.jpg 300w, http:\/\/razemdlabialoleki.waw.pl\/wp-content\/uploads\/2018\/05\/8-768x381.jpg 768w, http:\/\/razemdlabialoleki.waw.pl\/wp-content\/uploads\/2018\/05\/8-110x55.jpg 110w, http:\/\/razemdlabialoleki.waw.pl\/wp-content\/uploads\/2018\/05\/8-420x208.jpg 420w, http:\/\/razemdlabialoleki.waw.pl\/wp-content\/uploads\/2018\/05\/8-770x382.jpg 770w\" sizes=\"auto, (max-width: 994px) 100vw, 994px\" \/><\/p>\n<p><img loading=\"lazy\" decoding=\"async\" class=\"aligncenter size-large wp-image-5115\" src=\"http:\/\/razemdlabialoleki.waw.pl\/wp-content\/uploads\/2018\/05\/32256252_1756349027791020_5748430593138360320_o-1024x768.jpg\" alt=\"\" width=\"640\" height=\"480\" srcset=\"http:\/\/razemdlabialoleki.waw.pl\/wp-content\/uploads\/2018\/05\/32256252_1756349027791020_5748430593138360320_o-1024x768.jpg 1024w, http:\/\/razemdlabialoleki.waw.pl\/wp-content\/uploads\/2018\/05\/32256252_1756349027791020_5748430593138360320_o-300x225.jpg 300w, http:\/\/razemdlabialoleki.waw.pl\/wp-content\/uploads\/2018\/05\/32256252_1756349027791020_5748430593138360320_o-768x576.jpg 768w, http:\/\/razemdlabialoleki.waw.pl\/wp-content\/uploads\/2018\/05\/32256252_1756349027791020_5748430593138360320_o-110x83.jpg 110w, http:\/\/razemdlabialoleki.waw.pl\/wp-content\/uploads\/2018\/05\/32256252_1756349027791020_5748430593138360320_o-420x315.jpg 420w, http:\/\/razemdlabialoleki.waw.pl\/wp-content\/uploads\/2018\/05\/32256252_1756349027791020_5748430593138360320_o-573x430.jpg 573w, http:\/\/razemdlabialoleki.waw.pl\/wp-content\/uploads\/2018\/05\/32256252_1756349027791020_5748430593138360320_o.jpg 2016w\" sizes=\"auto, (max-width: 640px) 100vw, 640px\" \/><\/p>\n<p><img loading=\"lazy\" decoding=\"async\" class=\"aligncenter size-large wp-image-5117\" src=\"http:\/\/razemdlabialoleki.waw.pl\/wp-content\/uploads\/2018\/05\/32313686_1756348914457698_3871919502744616960_o-1024x768.jpg\" alt=\"\" width=\"640\" height=\"480\" srcset=\"http:\/\/razemdlabialoleki.waw.pl\/wp-content\/uploads\/2018\/05\/32313686_1756348914457698_3871919502744616960_o-1024x768.jpg 1024w, http:\/\/razemdlabialoleki.waw.pl\/wp-content\/uploads\/2018\/05\/32313686_1756348914457698_3871919502744616960_o-300x225.jpg 300w, http:\/\/razemdlabialoleki.waw.pl\/wp-content\/uploads\/2018\/05\/32313686_1756348914457698_3871919502744616960_o-768x576.jpg 768w, http:\/\/razemdlabialoleki.waw.pl\/wp-content\/uploads\/2018\/05\/32313686_1756348914457698_3871919502744616960_o-110x83.jpg 110w, http:\/\/razemdlabialoleki.waw.pl\/wp-content\/uploads\/2018\/05\/32313686_1756348914457698_3871919502744616960_o-420x315.jpg 420w, http:\/\/razemdlabialoleki.waw.pl\/wp-content\/uploads\/2018\/05\/32313686_1756348914457698_3871919502744616960_o-573x430.jpg 573w, http:\/\/razemdlabialoleki.waw.pl\/wp-content\/uploads\/2018\/05\/32313686_1756348914457698_3871919502744616960_o.jpg 2016w\" sizes=\"auto, (max-width: 640px) 100vw, 640px\" \/><\/p>\n<p><img loading=\"lazy\" decoding=\"async\" class=\"aligncenter size-large wp-image-5118\" src=\"http:\/\/razemdlabialoleki.waw.pl\/wp-content\/uploads\/2018\/05\/32350027_1756348904457699_5950879185214898176_o-1024x768.jpg\" alt=\"\" width=\"640\" height=\"480\" srcset=\"http:\/\/razemdlabialoleki.waw.pl\/wp-content\/uploads\/2018\/05\/32350027_1756348904457699_5950879185214898176_o-1024x768.jpg 1024w, http:\/\/razemdlabialoleki.waw.pl\/wp-content\/uploads\/2018\/05\/32350027_1756348904457699_5950879185214898176_o-300x225.jpg 300w, http:\/\/razemdlabialoleki.waw.pl\/wp-content\/uploads\/2018\/05\/32350027_1756348904457699_5950879185214898176_o-768x576.jpg 768w, http:\/\/razemdlabialoleki.waw.pl\/wp-content\/uploads\/2018\/05\/32350027_1756348904457699_5950879185214898176_o-110x83.jpg 110w, http:\/\/razemdlabialoleki.waw.pl\/wp-content\/uploads\/2018\/05\/32350027_1756348904457699_5950879185214898176_o-420x315.jpg 420w, http:\/\/razemdlabialoleki.waw.pl\/wp-content\/uploads\/2018\/05\/32350027_1756348904457699_5950879185214898176_o-573x430.jpg 573w, http:\/\/razemdlabialoleki.waw.pl\/wp-content\/uploads\/2018\/05\/32350027_1756348904457699_5950879185214898176_o.jpg 2016w\" sizes=\"auto, (max-width: 640px) 100vw, 640px\" \/><\/p>\n","protected":false},"excerpt":{"rendered":"<p>Serdecznie zapraszamy do obejrzenia&nbsp;reporta\u017cu (materia\u0142 od 4&#8242; 25&#8221;) w sprawie Parku na Brzezinach. W Telewizyjnym Kurierze Warszawskim o tym, dlaczego sprzeciwiamy si\u0119 planom sprzeda\u017cy dzia\u0142ki, na kt\u00f3rej mieszka\u0144cy chc\u0105 utworzenia projektu w ramach bud\u017cetu partycypacyjnego pod nazw\u0105 \u201ePark odpoczynku\u201d. Jednocze\u015bnie prosimy o wsparcie i podpisanie petycji. Wszystkim zaanga\u017cowanym w projekt serdecznie dzi\u0119kujemy. Razem dla Parku [&hellip;]<\/p>\n","protected":false},"author":2,"featured_media":5043,"comment_status":"closed","ping_status":"closed","sticky":false,"template":"","format":"standard","meta":{"ngg_post_thumbnail":0,"footnotes":""},"categories":[10,26,28],"tags":[],"class_list":["post-5114","post","type-post","status-publish","format-standard","has-post-thumbnail","hentry","category-akcja-spoleczna","category-klub-radnych","category-ochrona-srodowiska"],"_links":{"self":[{"href":"http:\/\/razemdlabialoleki.waw.pl\/index.php?rest_route=\/wp\/v2\/posts\/5114","targetHints":{"allow":["GET"]}}],"collection":[{"href":"http:\/\/razemdlabialoleki.waw.pl\/index.php?rest_route=\/wp\/v2\/posts"}],"about":[{"href":"http:\/\/razemdlabialoleki.waw.pl\/index.php?rest_route=\/wp\/v2\/types\/post"}],"author":[{"embeddable":true,"href":"http:\/\/razemdlabialoleki.waw.pl\/index.php?rest_route=\/wp\/v2\/users\/2"}],"replies":[{"embeddable":true,"href":"http:\/\/razemdlabialoleki.waw.pl\/index.php?rest_route=%2Fwp%2Fv2%2Fcomments&post=5114"}],"version-history":[{"count":3,"href":"http:\/\/razemdlabialoleki.waw.pl\/index.php?rest_route=\/wp\/v2\/posts\/5114\/revisions"}],"predecessor-version":[{"id":5120,"href":"http:\/\/razemdlabialoleki.waw.pl\/index.php?rest_route=\/wp\/v2\/posts\/5114\/revisions\/5120"}],"wp:featuredmedia":[{"embeddable":true,"href":"http:\/\/razemdlabialoleki.waw.pl\/index.php?rest_route=\/wp\/v2\/media\/5043"}],"wp:attachment":[{"href":"http:\/\/razemdlabialoleki.waw.pl\/index.php?rest_route=%2Fwp%2Fv2%2Fmedia&parent=5114"}],"wp:term":[{"taxonomy":"category","embeddable":true,"href":"http:\/\/razemdlabialoleki.waw.pl\/index.php?rest_route=%2Fwp%2Fv2%2Fcategories&post=5114"},{"taxonomy":"post_tag","embeddable":true,"href":"http:\/\/razemdlabialoleki.waw.pl\/index.php?rest_route=%2Fwp%2Fv2%2Ftags&post=5114"}],"curies":[{"name":"wp","href":"https:\/\/api.w.org\/{rel}","templated":true}]}}