{"id":5110,"date":"2018-05-10T20:45:42","date_gmt":"2018-05-10T19:45:42","guid":{"rendered":"http:\/\/razemdlabialoleki.waw.pl\/?p=5110"},"modified":"2018-05-10T20:45:42","modified_gmt":"2018-05-10T19:45:42","slug":"park-na-brzezinach-2","status":"publish","type":"post","link":"http:\/\/razemdlabialoleki.waw.pl\/?p=5110","title":{"rendered":"Park na Brzezinach"},"content":{"rendered":"<p style=\"text-align: justify;\">W tym roku po raz kolejny jeste\u015bmy \u015bwiadkami kiedy projektodawcy w trakcie weryfikacji dowiaduj\u0105 si\u0119 o zmianach plan\u00f3w wobec dzia\u0142ek, na kt\u00f3rych zaplanowali swoje projekty. Niestety nasza dzielnica na naszych oczach zmienia si\u0119 w mniej przyjazn\u0105 i betonow\u0105 przestrze\u0144, a niebawem Zielona Bia\u0142o\u0142\u0119ka pozostanie zielona tylko z nazwy. Na prze\u0142omie lat 2009 \u2013 2014 w naszej dzielnicy wyci\u0119to ponad 17 tysi\u0119cy drzew, a nasadzono oko\u0142o 4 tysi\u0105ce (\u0179r\u00f3d\u0142o: Odpowied\u017a na Interpelacj\u0119 nr 1043). Grudniowa wycinka drzew wzd\u0142u\u017c Kana\u0142u \u017bera\u0144skiego niestety tylko pog\u0142\u0119bia te dysproporcje. Dlatego te\u017c, coraz cz\u0119\u015bciej mieszka\u0144cy chc\u0105c zrekompensowa\u0107 straty sk\u0142adaj\u0105 \u201ezielone\u201d projekty do Bud\u017cetu Partycypacyjnego.<\/p>\n<p style=\"text-align: justify;\">Z obstrukcj\u0105 urz\u0119dnicz\u0105 spotka\u0142a si\u0119 autorka tegorocznego projektu &nbsp;\u201ePark odpoczynku\u201d, kt\u00f3rego za\u0142o\u017ceniem jest rewitalizacja terenu pomi\u0119dzy ulicami Echa le\u015bne i Zbyszka z Bogda\u0144ca. <strong>\u201eGdyby drogi na Brzezinach by\u0142y tak szerokie by mo\u017cna by\u0142o na nich zaprojektowa\u0107 \u015bcie\u017cki rowerowe, to ten projekt by nie powsta\u0142. A s\u0105, do tej pory, takie w\u0105skie miejsca na drogach, \u017ce nawet kr\u00f3tkie autobusy maj\u0105 problem ze skr\u0119tem w prawo. Gdyby chodniki na Brzezinach by\u0142y szerokie, z trawnikami na kt\u00f3rych rosn\u0105 drzewa, to ten projekt by nie powsta\u0142. A poniewa\u017c mieszka\u0144cy Brzezin nie maj\u0105 gdzie bezpiecznie je\u017adzi\u0107 na rowerze, biega\u0107 i spacerowa\u0107, to napisa\u0142am ten projekt, a mieszka\u0144cy go podpisali\u201d \u2013 m\u00f3wi autorka projektu.<\/strong> Jedna z funkcji MPZP dla tego obszaru dopuszcza urz\u0105dzenie zielonego skweru. Nie godz\u0105c si\u0119 jednak na sprzeda\u017c dzia\u0142ki pod kolejn\u0105 inwestycj\u0119 w tym regionie Pani Weronika zwr\u00f3ci\u0142a si\u0119 o wsparcie do wszystkich radnych dzielnicy Bia\u0142o\u0142\u0119ka.<\/p>\n<p style=\"text-align: justify;\"><strong>\u201eW dniu 17 kwietnia wys\u0142a\u0142am maila do wszystkich Radnych Dzielnicy Bia\u0142o\u0142\u0119ka (posiadaj\u0105cych maile na stronie Urz\u0119du Dzielnicy) z pro\u015bb\u0105 o pomoc w obronie projektu \u201ePark odpoczynku\u201d. Pierwsi i jako jedyni zareagowali Radni z Klubu Razem dla Bia\u0142o\u0142\u0119ki, kt\u00f3rzy do dzi\u015b wspieraj\u0105 mnie w moich dzia\u0142aniach\u201d &#8211; m\u00f3wi Pani Weronika.<\/strong> Jako Klub Radnych oraz Stowarzyszenie Razem dla Bia\u0142o\u0142\u0119ki, podj\u0119li\u015bmy natychmiastowe dzia\u0142ania. Swoje kroki rozpocz\u0119li\u015bmy od stworzenia petycji do w\u0142adz dzielnicy Bia\u0142o\u0142\u0119ka, w kt\u00f3rej apelujemy o zaniechanie sprzeda\u017cy tej dzia\u0142ki. Jako Klub Radnych Razem dla Bia\u0142o\u0142\u0119ki z\u0142o\u017cyli\u015bmy wniosek o sesj\u0119 nadzwyczajn\u0105 ze stanowiskiem w sprawie Utworzenia \u201eParku odpoczynku\u201d na Brzezinach, kt\u00f3ra zosta\u0142a zwo\u0142ana na dzie\u0144 16 maja. Dodatkowo razem z autork\u0105 projektu nag\u0142a\u015bniamy problem w mediach, gdzie przekonujemy o konieczno\u015bci powstania \u201eParku odpoczynku\u201d. Chc\u0105c wzmocni\u0107 nasze starania wys\u0142ali\u015bmy pismo do Zast\u0119pcy Prezydenta m.st. Micha\u0142a Olszewskiego, w kt\u00f3rym prosimy o przychylenie si\u0119 do g\u0142osu lokalnej spo\u0142eczno\u015bci i przeznaczenie tej dzia\u0142ki na park. Niestety w dniu 8 maja Pani Weronika dosta\u0142a informacj\u0119, \u017ce projekt zosta\u0142 zweryfikowany negatywnie, gdy\u017c trwa procedura sprzeda\u017cy dzia\u0142ki. Wczoraj, to jest w dniu 9 maja, pojawi\u0142a si\u0119 informacja, \u017ce Zarz\u0105d Dzielnicy Bia\u0142o\u0142\u0119ka rezygnuje z zamiaru sprzeda\u017cy dzia\u0142ki. Jednak dop\u00f3ki nie b\u0119dzie to potwierdzona informacja i nie otrzymamy realnego zapewnienia b\u0119dziemy kontynuowa\u0107 swoje dzia\u0142ania i nadal prosimy o podpisywanie petycji.<\/p>\n<p style=\"text-align: justify;\"><strong>Mam jednak nadziej\u0119, \u017ce Rada Dzielnicy Bia\u0142o\u0142\u0119ka jednomy\u015blnie poprze zaproponowane przez nas stanowisko i opowie si\u0119 za stworzeniem tego parku, a tym samym, damy impuls do zmiany decyzji przez W\u0142odarzy. Wierz\u0119, \u017ce g\u0142os mieszka\u0144c\u00f3w w postaci petycji b\u0119dzie r\u00f3wnie\u017c mia\u0142 na to wp\u0142yw.<\/strong><\/p>\n<p style=\"text-align: right;\">Ewa Gajewska<br \/>\nRadna Dzielnicy Bia\u0142o\u0142\u0119ka<br \/>\nKlub Radnych Razem dla Bia\u0142o\u0142\u0119ki<br \/>\nbialoleka.egajewska@gmail.com<\/p>\n","protected":false},"excerpt":{"rendered":"<p>W tym roku po raz kolejny jeste\u015bmy \u015bwiadkami kiedy projektodawcy w trakcie weryfikacji dowiaduj\u0105 si\u0119 o zmianach plan\u00f3w wobec dzia\u0142ek, na kt\u00f3rych zaplanowali swoje projekty. Niestety nasza dzielnica na naszych oczach zmienia si\u0119 w mniej przyjazn\u0105 i betonow\u0105 przestrze\u0144, a niebawem Zielona Bia\u0142o\u0142\u0119ka pozostanie zielona tylko z nazwy. Na prze\u0142omie lat 2009 \u2013 2014 w [&hellip;]<\/p>\n","protected":false},"author":2,"featured_media":5043,"comment_status":"closed","ping_status":"closed","sticky":false,"template":"","format":"standard","meta":{"ngg_post_thumbnail":0,"footnotes":""},"categories":[27,26,28],"tags":[],"class_list":["post-5110","post","type-post","status-publish","format-standard","has-post-thumbnail","hentry","category-inwestycje","category-klub-radnych","category-ochrona-srodowiska"],"_links":{"self":[{"href":"http:\/\/razemdlabialoleki.waw.pl\/index.php?rest_route=\/wp\/v2\/posts\/5110","targetHints":{"allow":["GET"]}}],"collection":[{"href":"http:\/\/razemdlabialoleki.waw.pl\/index.php?rest_route=\/wp\/v2\/posts"}],"about":[{"href":"http:\/\/razemdlabialoleki.waw.pl\/index.php?rest_route=\/wp\/v2\/types\/post"}],"author":[{"embeddable":true,"href":"http:\/\/razemdlabialoleki.waw.pl\/index.php?rest_route=\/wp\/v2\/users\/2"}],"replies":[{"embeddable":true,"href":"http:\/\/razemdlabialoleki.waw.pl\/index.php?rest_route=%2Fwp%2Fv2%2Fcomments&post=5110"}],"version-history":[{"count":2,"href":"http:\/\/razemdlabialoleki.waw.pl\/index.php?rest_route=\/wp\/v2\/posts\/5110\/revisions"}],"predecessor-version":[{"id":5112,"href":"http:\/\/razemdlabialoleki.waw.pl\/index.php?rest_route=\/wp\/v2\/posts\/5110\/revisions\/5112"}],"wp:featuredmedia":[{"embeddable":true,"href":"http:\/\/razemdlabialoleki.waw.pl\/index.php?rest_route=\/wp\/v2\/media\/5043"}],"wp:attachment":[{"href":"http:\/\/razemdlabialoleki.waw.pl\/index.php?rest_route=%2Fwp%2Fv2%2Fmedia&parent=5110"}],"wp:term":[{"taxonomy":"category","embeddable":true,"href":"http:\/\/razemdlabialoleki.waw.pl\/index.php?rest_route=%2Fwp%2Fv2%2Fcategories&post=5110"},{"taxonomy":"post_tag","embeddable":true,"href":"http:\/\/razemdlabialoleki.waw.pl\/index.php?rest_route=%2Fwp%2Fv2%2Ftags&post=5110"}],"curies":[{"name":"wp","href":"https:\/\/api.w.org\/{rel}","templated":true}]}}