{"id":5052,"date":"2018-05-07T06:41:12","date_gmt":"2018-05-07T05:41:12","guid":{"rendered":"http:\/\/razemdlabialoleki.waw.pl\/?p=5052"},"modified":"2018-05-13T19:59:00","modified_gmt":"2018-05-13T18:59:00","slug":"odkryj-swoje-piekno-uwierz-w-siebie-10","status":"publish","type":"post","link":"http:\/\/razemdlabialoleki.waw.pl\/?p=5052","title":{"rendered":"Odkryj swoje pi\u0119kno, uwierz w siebie"},"content":{"rendered":"<p style=\"text-align: justify;\">W ramach zadania &#8220;Animacja \u017cycia kulturalnego oraz upowszechnianie kultury w r\u00f3\u017cnych dziedzinach i formach artystycznych, a tak\u017ce popularyzacja historii i dziedzictwa kulturowego wspieraj\u0105ce rozw\u00f3j i integruj\u0105ce \u015brodowisko lokalne Dzielnicy Bia\u0142o\u0142\u0119ka finansowanego ze \u015brodk\u00f3w publicznych&#8221;<\/p>\n<p style=\"text-align: justify;\">Stowarzyszenie Razem dla Bia\u0142o\u0142\u0119ki zaprasza na <strong>warsztaty wiza\u017cu i stylizacji pt. &#8220;Odkryj swoje pi\u0119kno, uwierz w siebie&#8221;.<\/strong><\/p>\n<p style=\"text-align: justify;\">Warsztaty b\u0119d\u0105 odbywa\u0107 si\u0119 w 8 wybranych weekend\u00f3w w okresie maj-grudzie\u0144 2018. Mo\u017cna zapisa\u0107 si\u0119 na ca\u0142y warsztat, na jedn\u0105 lub dwie cz\u0119\u015bci jeden raz.<\/p>\n<p style=\"text-align: justify;\">Zaj\u0119cia b\u0119d\u0105 podzielone na trzy bloki tematyczne:<\/p>\n<p style=\"text-align: justify;\"><strong>SOBOTA <\/strong><\/p>\n<ol style=\"text-align: justify;\">\n<li><strong> 10:00 &#8211; 13:15 Dob\u00f3r kolor\u00f3w do typu urody &#8211; analiza kolorystyczna (3 godziny);<\/strong><\/li>\n<li><strong> 13:45 &#8211; 17:00 Warsztaty makija\u017cu (3 godziny); <\/strong><\/li>\n<\/ol>\n<p style=\"text-align: justify;\"><strong>NIEDZIELA <\/strong><\/p>\n<ol style=\"text-align: justify;\" start=\"3\">\n<li><strong> 10:00 &#8211; 14:30 Analiza sylwetki, dob\u00f3r garderoby, style w ubieraniu si\u0119, kreowanie w\u0142asnego stylu (4 godziny). <\/strong><\/li>\n<\/ol>\n<p style=\"text-align: justify;\">UWAGA !!!<\/p>\n<pre><strong>Wyj\u0105tkowo 20 maja w niedziel\u0119 zaj\u0119cia odb\u0119d\u0105 si\u0119 w godzinach 12.00-16.30<\/strong><\/pre>\n<p style=\"text-align: justify;\"><strong>Rejestracja zako\u0144czona. Brak wolnych miejsc. Niebawem rusz\u0105 zapisy na kolejne warsztaty.<\/strong><\/p>\n<p style=\"text-align: justify;\">Potwierdzenie udzia\u0142u otrzymaj\u0105 Panie w oddzielnym mailu.<\/p>\n<p style=\"text-align: justify;\">Najbli\u017csze terminy warsztat\u00f3w to :<\/p>\n<p style=\"text-align: justify;\">19-20 maja, w \u015bwietlicy \u015brodowiskowej Towarzystwa Przyjaci\u00f3\u0142 Dzieci przy Placu \u015awiatowida 3<\/p>\n<p style=\"text-align: justify;\">Udzia\u0142 w zaj\u0119ciach jest bezp\u0142atny, dzi\u0119ki wsp\u00f3\u0142finansowaniu ze \u015brodk\u00f3w publicznych Urz\u0119du Miasta.<\/p>\n","protected":false},"excerpt":{"rendered":"<p>W ramach zadania &#8220;Animacja \u017cycia kulturalnego oraz upowszechnianie kultury w r\u00f3\u017cnych dziedzinach i formach artystycznych, a tak\u017ce popularyzacja historii i dziedzictwa kulturowego wspieraj\u0105ce rozw\u00f3j i integruj\u0105ce \u015brodowisko lokalne Dzielnicy Bia\u0142o\u0142\u0119ka finansowanego ze \u015brodk\u00f3w publicznych&#8221; Stowarzyszenie Razem dla Bia\u0142o\u0142\u0119ki zaprasza na warsztaty wiza\u017cu i stylizacji pt. &#8220;Odkryj swoje pi\u0119kno, uwierz w siebie&#8221;. Warsztaty b\u0119d\u0105 odbywa\u0107 si\u0119 [&hellip;]<\/p>\n","protected":false},"author":2,"featured_media":5029,"comment_status":"closed","ping_status":"closed","sticky":false,"template":"","format":"standard","meta":{"ngg_post_thumbnail":0,"footnotes":""},"categories":[10],"tags":[],"class_list":["post-5052","post","type-post","status-publish","format-standard","has-post-thumbnail","hentry","category-akcja-spoleczna"],"_links":{"self":[{"href":"http:\/\/razemdlabialoleki.waw.pl\/index.php?rest_route=\/wp\/v2\/posts\/5052","targetHints":{"allow":["GET"]}}],"collection":[{"href":"http:\/\/razemdlabialoleki.waw.pl\/index.php?rest_route=\/wp\/v2\/posts"}],"about":[{"href":"http:\/\/razemdlabialoleki.waw.pl\/index.php?rest_route=\/wp\/v2\/types\/post"}],"author":[{"embeddable":true,"href":"http:\/\/razemdlabialoleki.waw.pl\/index.php?rest_route=\/wp\/v2\/users\/2"}],"replies":[{"embeddable":true,"href":"http:\/\/razemdlabialoleki.waw.pl\/index.php?rest_route=%2Fwp%2Fv2%2Fcomments&post=5052"}],"version-history":[{"count":4,"href":"http:\/\/razemdlabialoleki.waw.pl\/index.php?rest_route=\/wp\/v2\/posts\/5052\/revisions"}],"predecessor-version":[{"id":5113,"href":"http:\/\/razemdlabialoleki.waw.pl\/index.php?rest_route=\/wp\/v2\/posts\/5052\/revisions\/5113"}],"wp:featuredmedia":[{"embeddable":true,"href":"http:\/\/razemdlabialoleki.waw.pl\/index.php?rest_route=\/wp\/v2\/media\/5029"}],"wp:attachment":[{"href":"http:\/\/razemdlabialoleki.waw.pl\/index.php?rest_route=%2Fwp%2Fv2%2Fmedia&parent=5052"}],"wp:term":[{"taxonomy":"category","embeddable":true,"href":"http:\/\/razemdlabialoleki.waw.pl\/index.php?rest_route=%2Fwp%2Fv2%2Fcategories&post=5052"},{"taxonomy":"post_tag","embeddable":true,"href":"http:\/\/razemdlabialoleki.waw.pl\/index.php?rest_route=%2Fwp%2Fv2%2Ftags&post=5052"}],"curies":[{"name":"wp","href":"https:\/\/api.w.org\/{rel}","templated":true}]}}