{"id":5036,"date":"2018-05-06T12:04:59","date_gmt":"2018-05-06T11:04:59","guid":{"rendered":"http:\/\/razemdlabialoleki.waw.pl\/?p=5036"},"modified":"2018-05-06T12:06:20","modified_gmt":"2018-05-06T11:06:20","slug":"park-odpoczynku-park-na-brzezinach-audycja","status":"publish","type":"post","link":"http:\/\/razemdlabialoleki.waw.pl\/?p=5036","title":{"rendered":"Park odpoczynku &#8211; Park na Brzezinach [AUDYCJA]"},"content":{"rendered":"<p style=\"text-align: justify;\">Szanowni Pa\u0144stwo, serdecznie zapraszamy do ods\u0142uchania <a href=\"http:\/\/audycje.tokfm.pl\/podcast\/Park-Odpoczynku-na-warszawskiej-Bialolece-i-problemy-z-budzetem-obywatelskim-Pomoc-dla-Syryjczykow-czyli-co-jest-najbardziej-potrzebne\/61997\" target=\"_blank\" rel=\"noopener\">audycji<\/a> w sprawie <a href=\"https:\/\/www.facebook.com\/Park-na-Brzezinach-1734881849937738\/\" target=\"_blank\" rel=\"noopener\">Parku na Brzezinach<\/a>.<\/p>\n<p style=\"text-align: justify;\">W <a class=\"profileLink\" href=\"https:\/\/www.facebook.com\/tokfm\/?fref=mentions\" data-hovercard=\"\/ajax\/hovercard\/page.php?id=76134197129&amp;extragetparams=%7B%22fref%22%3A%22mentions%22%7D\" data-hovercard-prefer-more-content-show=\"1\">Radio TOK FM<\/a> o tym, dlaczego sprzeciwiamy si\u0119 planom sprzeda\u017cy dzia\u0142ki, na kt\u00f3rej mieszka\u0144cy chc\u0105 utworzenia projektu w ramach bud\u017cetu partycypacyjnego pod nazw\u0105 <a href=\"https:\/\/app.twojbudzet.um.warszawa.pl\/projekt\/16303?user=\" target=\"_blank\" rel=\"&quot;noopener\">&#8220;Park odpoczynku&#8221;<\/a>. Jednocze\u015bnie prosimy o podpisanie <a href=\"https:\/\/www.petycjeonline.com\/petycja_w_sprawie_zielonego_skweru_przy_ulicy_echa_lene_i_zbyszka_z_bogdaca_w_warszawie_-_park_odpoczynku_na_brzezinach\" target=\"_blank\" rel=\"noopener\">petycji.<\/a><\/p>\n<p style=\"text-align: justify;\">Wszystkim zaanga\u017cowanym projekt serdecznie dzi\u0119kujemy. Razem dla Parku na Brzezinach.<\/p>\n<p><img loading=\"lazy\" decoding=\"async\" class=\"aligncenter size-large wp-image-5038\" src=\"http:\/\/razemdlabialoleki.waw.pl\/wp-content\/uploads\/2018\/05\/31901881_2019548118309162_1576276284944678912_o-1024x576.jpg\" alt=\"\" width=\"640\" height=\"360\" srcset=\"http:\/\/razemdlabialoleki.waw.pl\/wp-content\/uploads\/2018\/05\/31901881_2019548118309162_1576276284944678912_o-1024x576.jpg 1024w, http:\/\/razemdlabialoleki.waw.pl\/wp-content\/uploads\/2018\/05\/31901881_2019548118309162_1576276284944678912_o-300x169.jpg 300w, http:\/\/razemdlabialoleki.waw.pl\/wp-content\/uploads\/2018\/05\/31901881_2019548118309162_1576276284944678912_o-768x432.jpg 768w, http:\/\/razemdlabialoleki.waw.pl\/wp-content\/uploads\/2018\/05\/31901881_2019548118309162_1576276284944678912_o-110x62.jpg 110w, http:\/\/razemdlabialoleki.waw.pl\/wp-content\/uploads\/2018\/05\/31901881_2019548118309162_1576276284944678912_o-420x236.jpg 420w, http:\/\/razemdlabialoleki.waw.pl\/wp-content\/uploads\/2018\/05\/31901881_2019548118309162_1576276284944678912_o-764x430.jpg 764w, http:\/\/razemdlabialoleki.waw.pl\/wp-content\/uploads\/2018\/05\/31901881_2019548118309162_1576276284944678912_o.jpg 2048w\" sizes=\"auto, (max-width: 640px) 100vw, 640px\" \/> <img loading=\"lazy\" decoding=\"async\" class=\"aligncenter size-large wp-image-5039\" src=\"http:\/\/razemdlabialoleki.waw.pl\/wp-content\/uploads\/2018\/05\/31924594_2019548234975817_1430223418078265344_o-1024x576.jpg\" alt=\"\" width=\"640\" height=\"360\" srcset=\"http:\/\/razemdlabialoleki.waw.pl\/wp-content\/uploads\/2018\/05\/31924594_2019548234975817_1430223418078265344_o-1024x576.jpg 1024w, http:\/\/razemdlabialoleki.waw.pl\/wp-content\/uploads\/2018\/05\/31924594_2019548234975817_1430223418078265344_o-300x169.jpg 300w, http:\/\/razemdlabialoleki.waw.pl\/wp-content\/uploads\/2018\/05\/31924594_2019548234975817_1430223418078265344_o-768x432.jpg 768w, http:\/\/razemdlabialoleki.waw.pl\/wp-content\/uploads\/2018\/05\/31924594_2019548234975817_1430223418078265344_o-110x62.jpg 110w, http:\/\/razemdlabialoleki.waw.pl\/wp-content\/uploads\/2018\/05\/31924594_2019548234975817_1430223418078265344_o-420x236.jpg 420w, http:\/\/razemdlabialoleki.waw.pl\/wp-content\/uploads\/2018\/05\/31924594_2019548234975817_1430223418078265344_o-764x430.jpg 764w, http:\/\/razemdlabialoleki.waw.pl\/wp-content\/uploads\/2018\/05\/31924594_2019548234975817_1430223418078265344_o.jpg 2048w\" sizes=\"auto, (max-width: 640px) 100vw, 640px\" \/> <img loading=\"lazy\" decoding=\"async\" class=\"aligncenter size-large wp-image-5040\" src=\"http:\/\/razemdlabialoleki.waw.pl\/wp-content\/uploads\/2018\/05\/31932394_2019548164975824_4600537490212782080_o-1024x576.jpg\" alt=\"\" width=\"640\" height=\"360\" srcset=\"http:\/\/razemdlabialoleki.waw.pl\/wp-content\/uploads\/2018\/05\/31932394_2019548164975824_4600537490212782080_o-1024x576.jpg 1024w, http:\/\/razemdlabialoleki.waw.pl\/wp-content\/uploads\/2018\/05\/31932394_2019548164975824_4600537490212782080_o-300x169.jpg 300w, http:\/\/razemdlabialoleki.waw.pl\/wp-content\/uploads\/2018\/05\/31932394_2019548164975824_4600537490212782080_o-768x432.jpg 768w, http:\/\/razemdlabialoleki.waw.pl\/wp-content\/uploads\/2018\/05\/31932394_2019548164975824_4600537490212782080_o-110x62.jpg 110w, http:\/\/razemdlabialoleki.waw.pl\/wp-content\/uploads\/2018\/05\/31932394_2019548164975824_4600537490212782080_o-420x236.jpg 420w, http:\/\/razemdlabialoleki.waw.pl\/wp-content\/uploads\/2018\/05\/31932394_2019548164975824_4600537490212782080_o-764x430.jpg 764w, http:\/\/razemdlabialoleki.waw.pl\/wp-content\/uploads\/2018\/05\/31932394_2019548164975824_4600537490212782080_o.jpg 2048w\" sizes=\"auto, (max-width: 640px) 100vw, 640px\" \/> <img loading=\"lazy\" decoding=\"async\" class=\"aligncenter size-large wp-image-5041\" src=\"http:\/\/razemdlabialoleki.waw.pl\/wp-content\/uploads\/2018\/05\/31956123_2019548188309155_8217135472271425536_o-1024x576.jpg\" alt=\"\" width=\"640\" height=\"360\" srcset=\"http:\/\/razemdlabialoleki.waw.pl\/wp-content\/uploads\/2018\/05\/31956123_2019548188309155_8217135472271425536_o-1024x576.jpg 1024w, http:\/\/razemdlabialoleki.waw.pl\/wp-content\/uploads\/2018\/05\/31956123_2019548188309155_8217135472271425536_o-300x169.jpg 300w, http:\/\/razemdlabialoleki.waw.pl\/wp-content\/uploads\/2018\/05\/31956123_2019548188309155_8217135472271425536_o-768x432.jpg 768w, http:\/\/razemdlabialoleki.waw.pl\/wp-content\/uploads\/2018\/05\/31956123_2019548188309155_8217135472271425536_o-110x62.jpg 110w, http:\/\/razemdlabialoleki.waw.pl\/wp-content\/uploads\/2018\/05\/31956123_2019548188309155_8217135472271425536_o-420x236.jpg 420w, http:\/\/razemdlabialoleki.waw.pl\/wp-content\/uploads\/2018\/05\/31956123_2019548188309155_8217135472271425536_o-764x430.jpg 764w, http:\/\/razemdlabialoleki.waw.pl\/wp-content\/uploads\/2018\/05\/31956123_2019548188309155_8217135472271425536_o.jpg 2048w\" sizes=\"auto, (max-width: 640px) 100vw, 640px\" \/> <img loading=\"lazy\" decoding=\"async\" class=\"aligncenter size-large wp-image-5042\" src=\"http:\/\/razemdlabialoleki.waw.pl\/wp-content\/uploads\/2018\/05\/31958950_2019548281642479_3518147337245425664_o-1024x576.jpg\" alt=\"\" width=\"640\" height=\"360\" srcset=\"http:\/\/razemdlabialoleki.waw.pl\/wp-content\/uploads\/2018\/05\/31958950_2019548281642479_3518147337245425664_o-1024x576.jpg 1024w, http:\/\/razemdlabialoleki.waw.pl\/wp-content\/uploads\/2018\/05\/31958950_2019548281642479_3518147337245425664_o-300x169.jpg 300w, http:\/\/razemdlabialoleki.waw.pl\/wp-content\/uploads\/2018\/05\/31958950_2019548281642479_3518147337245425664_o-768x432.jpg 768w, http:\/\/razemdlabialoleki.waw.pl\/wp-content\/uploads\/2018\/05\/31958950_2019548281642479_3518147337245425664_o-110x62.jpg 110w, http:\/\/razemdlabialoleki.waw.pl\/wp-content\/uploads\/2018\/05\/31958950_2019548281642479_3518147337245425664_o-420x236.jpg 420w, http:\/\/razemdlabialoleki.waw.pl\/wp-content\/uploads\/2018\/05\/31958950_2019548281642479_3518147337245425664_o-764x430.jpg 764w, http:\/\/razemdlabialoleki.waw.pl\/wp-content\/uploads\/2018\/05\/31958950_2019548281642479_3518147337245425664_o.jpg 2048w\" sizes=\"auto, (max-width: 640px) 100vw, 640px\" \/> <img loading=\"lazy\" decoding=\"async\" class=\"aligncenter size-large wp-image-5043\" src=\"http:\/\/razemdlabialoleki.waw.pl\/wp-content\/uploads\/2018\/05\/31961052_2019548071642500_8793212409117409280_o-1024x576.jpg\" alt=\"\" width=\"640\" height=\"360\" srcset=\"http:\/\/razemdlabialoleki.waw.pl\/wp-content\/uploads\/2018\/05\/31961052_2019548071642500_8793212409117409280_o-1024x576.jpg 1024w, http:\/\/razemdlabialoleki.waw.pl\/wp-content\/uploads\/2018\/05\/31961052_2019548071642500_8793212409117409280_o-300x169.jpg 300w, http:\/\/razemdlabialoleki.waw.pl\/wp-content\/uploads\/2018\/05\/31961052_2019548071642500_8793212409117409280_o-768x432.jpg 768w, http:\/\/razemdlabialoleki.waw.pl\/wp-content\/uploads\/2018\/05\/31961052_2019548071642500_8793212409117409280_o-1536x864.jpg 1536w, http:\/\/razemdlabialoleki.waw.pl\/wp-content\/uploads\/2018\/05\/31961052_2019548071642500_8793212409117409280_o-110x62.jpg 110w, http:\/\/razemdlabialoleki.waw.pl\/wp-content\/uploads\/2018\/05\/31961052_2019548071642500_8793212409117409280_o-420x236.jpg 420w, http:\/\/razemdlabialoleki.waw.pl\/wp-content\/uploads\/2018\/05\/31961052_2019548071642500_8793212409117409280_o-764x430.jpg 764w, http:\/\/razemdlabialoleki.waw.pl\/wp-content\/uploads\/2018\/05\/31961052_2019548071642500_8793212409117409280_o.jpg 2048w\" sizes=\"auto, (max-width: 640px) 100vw, 640px\" \/><\/p>\n<p><em>Foto:<\/em><a href=\"https:\/\/www.facebook.com\/InformatorDzielnicaBialoleka\/\" target=\"_blank\" rel=\"noopener\"><em>Informator Dzielnicy Bia\u0142o\u0142\u0119ka<\/em><\/a><\/p>\n","protected":false},"excerpt":{"rendered":"<p>Szanowni Pa\u0144stwo, serdecznie zapraszamy do ods\u0142uchania audycji w sprawie Parku na Brzezinach. W Radio TOK FM o tym, dlaczego sprzeciwiamy si\u0119 planom sprzeda\u017cy dzia\u0142ki, na kt\u00f3rej mieszka\u0144cy chc\u0105 utworzenia projektu w ramach bud\u017cetu partycypacyjnego pod nazw\u0105 &#8220;Park odpoczynku&#8221;. Jednocze\u015bnie prosimy o podpisanie petycji. Wszystkim zaanga\u017cowanym projekt serdecznie dzi\u0119kujemy. Razem dla Parku na Brzezinach. Foto:Informator Dzielnicy [&hellip;]<\/p>\n","protected":false},"author":2,"featured_media":5037,"comment_status":"closed","ping_status":"closed","sticky":false,"template":"","format":"standard","meta":{"ngg_post_thumbnail":0,"footnotes":""},"categories":[10,26,28],"tags":[],"class_list":["post-5036","post","type-post","status-publish","format-standard","has-post-thumbnail","hentry","category-akcja-spoleczna","category-klub-radnych","category-ochrona-srodowiska"],"_links":{"self":[{"href":"http:\/\/razemdlabialoleki.waw.pl\/index.php?rest_route=\/wp\/v2\/posts\/5036","targetHints":{"allow":["GET"]}}],"collection":[{"href":"http:\/\/razemdlabialoleki.waw.pl\/index.php?rest_route=\/wp\/v2\/posts"}],"about":[{"href":"http:\/\/razemdlabialoleki.waw.pl\/index.php?rest_route=\/wp\/v2\/types\/post"}],"author":[{"embeddable":true,"href":"http:\/\/razemdlabialoleki.waw.pl\/index.php?rest_route=\/wp\/v2\/users\/2"}],"replies":[{"embeddable":true,"href":"http:\/\/razemdlabialoleki.waw.pl\/index.php?rest_route=%2Fwp%2Fv2%2Fcomments&post=5036"}],"version-history":[{"count":8,"href":"http:\/\/razemdlabialoleki.waw.pl\/index.php?rest_route=\/wp\/v2\/posts\/5036\/revisions"}],"predecessor-version":[{"id":5051,"href":"http:\/\/razemdlabialoleki.waw.pl\/index.php?rest_route=\/wp\/v2\/posts\/5036\/revisions\/5051"}],"wp:featuredmedia":[{"embeddable":true,"href":"http:\/\/razemdlabialoleki.waw.pl\/index.php?rest_route=\/wp\/v2\/media\/5037"}],"wp:attachment":[{"href":"http:\/\/razemdlabialoleki.waw.pl\/index.php?rest_route=%2Fwp%2Fv2%2Fmedia&parent=5036"}],"wp:term":[{"taxonomy":"category","embeddable":true,"href":"http:\/\/razemdlabialoleki.waw.pl\/index.php?rest_route=%2Fwp%2Fv2%2Fcategories&post=5036"},{"taxonomy":"post_tag","embeddable":true,"href":"http:\/\/razemdlabialoleki.waw.pl\/index.php?rest_route=%2Fwp%2Fv2%2Ftags&post=5036"}],"curies":[{"name":"wp","href":"https:\/\/api.w.org\/{rel}","templated":true}]}}