{"id":5031,"date":"2018-05-02T07:45:30","date_gmt":"2018-05-02T06:45:30","guid":{"rendered":"http:\/\/razemdlabialoleki.waw.pl\/?p=5031"},"modified":"2018-05-02T07:45:30","modified_gmt":"2018-05-02T06:45:30","slug":"razem-dla-bialoleki-3","status":"publish","type":"post","link":"http:\/\/razemdlabialoleki.waw.pl\/?p=5031","title":{"rendered":"RAZEM DLA BIA\u0141O\u0141\u0118KI"},"content":{"rendered":"<p style=\"text-align: justify;\"><span class=\"_5yl5\">Z przyjemno\u015bci\u0105 przedstawiamy Pa\u0144stwu nasz\u0105 stron\u0119 kt\u00f3ra ukaza\u0142a si\u0119 w bie\u017c\u0105cym wydaniu gazety <a href=\"http:\/\/tustolica.pl\/bia\" target=\"_blank\" rel=\"noopener\">Tu Bia\u0142o\u0142\u0119ka<\/a>. Zach\u0119camy do <a href=\"http:\/\/razemdlabialoleki.waw.pl\/wp-content\/uploads\/2018\/05\/PCEOL32004s006.pdf\" target=\"_blank\" rel=\"noopener\">lektury<\/a> i ju\u017c teraz zapraszamy na kolejne wydanie w drugiej po\u0142owie maja.<\/p>\n<p><img loading=\"lazy\" decoding=\"async\" class=\"aligncenter size-large wp-image-5033\" src=\"http:\/\/razemdlabialoleki.waw.pl\/wp-content\/uploads\/2018\/05\/PCEOL32004s006-1-758x1024.jpg\" alt=\"\" width=\"640\" height=\"865\" srcset=\"http:\/\/razemdlabialoleki.waw.pl\/wp-content\/uploads\/2018\/05\/PCEOL32004s006-1-758x1024.jpg 758w, http:\/\/razemdlabialoleki.waw.pl\/wp-content\/uploads\/2018\/05\/PCEOL32004s006-1-222x300.jpg 222w, http:\/\/razemdlabialoleki.waw.pl\/wp-content\/uploads\/2018\/05\/PCEOL32004s006-1-768x1037.jpg 768w, http:\/\/razemdlabialoleki.waw.pl\/wp-content\/uploads\/2018\/05\/PCEOL32004s006-1-81x110.jpg 81w, http:\/\/razemdlabialoleki.waw.pl\/wp-content\/uploads\/2018\/05\/PCEOL32004s006-1-311x420.jpg 311w, http:\/\/razemdlabialoleki.waw.pl\/wp-content\/uploads\/2018\/05\/PCEOL32004s006-1-318x430.jpg 318w\" sizes=\"auto, (max-width: 640px) 100vw, 640px\" \/><br \/>\n<\/span><\/p>\n","protected":false},"excerpt":{"rendered":"<p>Z przyjemno\u015bci\u0105 przedstawiamy Pa\u0144stwu nasz\u0105 stron\u0119 kt\u00f3ra ukaza\u0142a si\u0119 w bie\u017c\u0105cym wydaniu gazety Tu Bia\u0142o\u0142\u0119ka. Zach\u0119camy do lektury i ju\u017c teraz zapraszamy na kolejne wydanie w drugiej po\u0142owie maja.<\/p>\n","protected":false},"author":2,"featured_media":4975,"comment_status":"closed","ping_status":"closed","sticky":false,"template":"","format":"standard","meta":{"ngg_post_thumbnail":0,"footnotes":""},"categories":[27],"tags":[],"class_list":["post-5031","post","type-post","status-publish","format-standard","has-post-thumbnail","hentry","category-inwestycje"],"_links":{"self":[{"href":"http:\/\/razemdlabialoleki.waw.pl\/index.php?rest_route=\/wp\/v2\/posts\/5031","targetHints":{"allow":["GET"]}}],"collection":[{"href":"http:\/\/razemdlabialoleki.waw.pl\/index.php?rest_route=\/wp\/v2\/posts"}],"about":[{"href":"http:\/\/razemdlabialoleki.waw.pl\/index.php?rest_route=\/wp\/v2\/types\/post"}],"author":[{"embeddable":true,"href":"http:\/\/razemdlabialoleki.waw.pl\/index.php?rest_route=\/wp\/v2\/users\/2"}],"replies":[{"embeddable":true,"href":"http:\/\/razemdlabialoleki.waw.pl\/index.php?rest_route=%2Fwp%2Fv2%2Fcomments&post=5031"}],"version-history":[{"count":1,"href":"http:\/\/razemdlabialoleki.waw.pl\/index.php?rest_route=\/wp\/v2\/posts\/5031\/revisions"}],"predecessor-version":[{"id":5034,"href":"http:\/\/razemdlabialoleki.waw.pl\/index.php?rest_route=\/wp\/v2\/posts\/5031\/revisions\/5034"}],"wp:featuredmedia":[{"embeddable":true,"href":"http:\/\/razemdlabialoleki.waw.pl\/index.php?rest_route=\/wp\/v2\/media\/4975"}],"wp:attachment":[{"href":"http:\/\/razemdlabialoleki.waw.pl\/index.php?rest_route=%2Fwp%2Fv2%2Fmedia&parent=5031"}],"wp:term":[{"taxonomy":"category","embeddable":true,"href":"http:\/\/razemdlabialoleki.waw.pl\/index.php?rest_route=%2Fwp%2Fv2%2Fcategories&post=5031"},{"taxonomy":"post_tag","embeddable":true,"href":"http:\/\/razemdlabialoleki.waw.pl\/index.php?rest_route=%2Fwp%2Fv2%2Ftags&post=5031"}],"curies":[{"name":"wp","href":"https:\/\/api.w.org\/{rel}","templated":true}]}}