{"id":4988,"date":"2018-04-24T20:50:01","date_gmt":"2018-04-24T19:50:01","guid":{"rendered":"http:\/\/razemdlabialoleki.waw.pl\/?p=4988"},"modified":"2018-04-24T20:55:03","modified_gmt":"2018-04-24T19:55:03","slug":"razem-dla-bialoleki-bez-barier-2","status":"publish","type":"post","link":"http:\/\/razemdlabialoleki.waw.pl\/?p=4988","title":{"rendered":"Razem dla Bia\u0142o\u0142\u0119ki bez barier"},"content":{"rendered":"<p style=\"text-align: justify;\">Klub Radnych Razem dla Bia\u0142o\u0142\u0119ki przeprowadzi\u0142 konsultacje z mieszka\u0144cami w zakresie barier architektonicznych, w tym z osobami poruszaj\u0105cymi si\u0119 na w\u00f3zkach inwalidzkich. <strong>W efekcie powsta\u0142a lista barier w rejonach zamieszkanych i u\u017cytkowanych przez osoby z dysfunkcj\u0105 ruchu.<\/strong> Przez co przedstawiony wykaz powinien stanowi\u0107 priorytet inwestycyjny, by poruszanie si\u0119 po osiedlu\/dzielnicy\/mie\u015bcie by\u0142o zwyczajnie mo\u017cliwe.<\/p>\n<p style=\"text-align: justify;\">Poni\u017csza lista wskazana przez mieszka\u0144c\u00f3w jako uci\u0105\u017cliwo\u015bci to niezb\u0119dne minimum. Eliminacja tych barier u\u0142atwi poruszanie si\u0119 osobom mieszkaj\u0105cym we wskazanych lokalizacjach. Jednocze\u015bnie zak\u0142adamy, \u017ce w ramach nowych inwestycji na terenie dzielnicy i miasta przewiduje si\u0119 rozwi\u0105zania przyjazne i bezpieczne dla wszystkich ich u\u017cytkownik\u00f3w. <strong>Dzi\u0119kujemy wszystkim mieszka\u0144com za po\u015bwi\u0119cony czas i zaanga\u017cowanie.<\/strong> <strong>Zr\u00f3bmy to Razem dla Bia\u0142o\u0142\u0119ki bez barier.<\/strong><\/p>\n<p><img loading=\"lazy\" decoding=\"async\" class=\"aligncenter size-large wp-image-4989\" src=\"http:\/\/razemdlabialoleki.waw.pl\/wp-content\/uploads\/2018\/04\/int3_klub04_180423bariery_architektoniczne-1-724x1024.jpg\" alt=\"\" width=\"640\" height=\"905\" srcset=\"http:\/\/razemdlabialoleki.waw.pl\/wp-content\/uploads\/2018\/04\/int3_klub04_180423bariery_architektoniczne-1-724x1024.jpg 724w, http:\/\/razemdlabialoleki.waw.pl\/wp-content\/uploads\/2018\/04\/int3_klub04_180423bariery_architektoniczne-1-212x300.jpg 212w, http:\/\/razemdlabialoleki.waw.pl\/wp-content\/uploads\/2018\/04\/int3_klub04_180423bariery_architektoniczne-1-768x1086.jpg 768w, http:\/\/razemdlabialoleki.waw.pl\/wp-content\/uploads\/2018\/04\/int3_klub04_180423bariery_architektoniczne-1-78x110.jpg 78w, http:\/\/razemdlabialoleki.waw.pl\/wp-content\/uploads\/2018\/04\/int3_klub04_180423bariery_architektoniczne-1-297x420.jpg 297w, http:\/\/razemdlabialoleki.waw.pl\/wp-content\/uploads\/2018\/04\/int3_klub04_180423bariery_architektoniczne-1-304x430.jpg 304w, http:\/\/razemdlabialoleki.waw.pl\/wp-content\/uploads\/2018\/04\/int3_klub04_180423bariery_architektoniczne-1.jpg 1653w\" sizes=\"auto, (max-width: 640px) 100vw, 640px\" \/><\/p>\n<p><img loading=\"lazy\" decoding=\"async\" class=\"aligncenter size-large wp-image-4990\" src=\"http:\/\/razemdlabialoleki.waw.pl\/wp-content\/uploads\/2018\/04\/int3_klub04_180423bariery_architektoniczne-2-724x1024.jpg\" alt=\"\" width=\"640\" height=\"905\" srcset=\"http:\/\/razemdlabialoleki.waw.pl\/wp-content\/uploads\/2018\/04\/int3_klub04_180423bariery_architektoniczne-2-724x1024.jpg 724w, http:\/\/razemdlabialoleki.waw.pl\/wp-content\/uploads\/2018\/04\/int3_klub04_180423bariery_architektoniczne-2-212x300.jpg 212w, http:\/\/razemdlabialoleki.waw.pl\/wp-content\/uploads\/2018\/04\/int3_klub04_180423bariery_architektoniczne-2-768x1086.jpg 768w, http:\/\/razemdlabialoleki.waw.pl\/wp-content\/uploads\/2018\/04\/int3_klub04_180423bariery_architektoniczne-2-78x110.jpg 78w, http:\/\/razemdlabialoleki.waw.pl\/wp-content\/uploads\/2018\/04\/int3_klub04_180423bariery_architektoniczne-2-297x420.jpg 297w, http:\/\/razemdlabialoleki.waw.pl\/wp-content\/uploads\/2018\/04\/int3_klub04_180423bariery_architektoniczne-2-304x430.jpg 304w, http:\/\/razemdlabialoleki.waw.pl\/wp-content\/uploads\/2018\/04\/int3_klub04_180423bariery_architektoniczne-2.jpg 1653w\" sizes=\"auto, (max-width: 640px) 100vw, 640px\" \/> <img loading=\"lazy\" decoding=\"async\" class=\"aligncenter size-large wp-image-4991\" src=\"http:\/\/razemdlabialoleki.waw.pl\/wp-content\/uploads\/2018\/04\/int3_klub04_180423bariery_architektoniczne-3-724x1024.jpg\" alt=\"\" width=\"640\" height=\"905\" srcset=\"http:\/\/razemdlabialoleki.waw.pl\/wp-content\/uploads\/2018\/04\/int3_klub04_180423bariery_architektoniczne-3-724x1024.jpg 724w, http:\/\/razemdlabialoleki.waw.pl\/wp-content\/uploads\/2018\/04\/int3_klub04_180423bariery_architektoniczne-3-212x300.jpg 212w, http:\/\/razemdlabialoleki.waw.pl\/wp-content\/uploads\/2018\/04\/int3_klub04_180423bariery_architektoniczne-3-768x1086.jpg 768w, http:\/\/razemdlabialoleki.waw.pl\/wp-content\/uploads\/2018\/04\/int3_klub04_180423bariery_architektoniczne-3-78x110.jpg 78w, http:\/\/razemdlabialoleki.waw.pl\/wp-content\/uploads\/2018\/04\/int3_klub04_180423bariery_architektoniczne-3-297x420.jpg 297w, http:\/\/razemdlabialoleki.waw.pl\/wp-content\/uploads\/2018\/04\/int3_klub04_180423bariery_architektoniczne-3-304x430.jpg 304w, http:\/\/razemdlabialoleki.waw.pl\/wp-content\/uploads\/2018\/04\/int3_klub04_180423bariery_architektoniczne-3.jpg 1653w\" sizes=\"auto, (max-width: 640px) 100vw, 640px\" \/><\/p>\n","protected":false},"excerpt":{"rendered":"<p>Klub Radnych Razem dla Bia\u0142o\u0142\u0119ki przeprowadzi\u0142 konsultacje z mieszka\u0144cami w zakresie barier architektonicznych, w tym z osobami poruszaj\u0105cymi si\u0119 na w\u00f3zkach inwalidzkich. W efekcie powsta\u0142a lista barier w rejonach zamieszkanych i u\u017cytkowanych przez osoby z dysfunkcj\u0105 ruchu. Przez co przedstawiony wykaz powinien stanowi\u0107 priorytet inwestycyjny, by poruszanie si\u0119 po osiedlu\/dzielnicy\/mie\u015bcie by\u0142o zwyczajnie mo\u017cliwe. Poni\u017csza lista [&hellip;]<\/p>\n","protected":false},"author":2,"featured_media":4992,"comment_status":"closed","ping_status":"closed","sticky":false,"template":"","format":"standard","meta":{"ngg_post_thumbnail":0,"footnotes":""},"categories":[10,27,26,30],"tags":[],"class_list":["post-4988","post","type-post","status-publish","format-standard","has-post-thumbnail","hentry","category-akcja-spoleczna","category-inwestycje","category-klub-radnych","category-komunikacja"],"_links":{"self":[{"href":"http:\/\/razemdlabialoleki.waw.pl\/index.php?rest_route=\/wp\/v2\/posts\/4988","targetHints":{"allow":["GET"]}}],"collection":[{"href":"http:\/\/razemdlabialoleki.waw.pl\/index.php?rest_route=\/wp\/v2\/posts"}],"about":[{"href":"http:\/\/razemdlabialoleki.waw.pl\/index.php?rest_route=\/wp\/v2\/types\/post"}],"author":[{"embeddable":true,"href":"http:\/\/razemdlabialoleki.waw.pl\/index.php?rest_route=\/wp\/v2\/users\/2"}],"replies":[{"embeddable":true,"href":"http:\/\/razemdlabialoleki.waw.pl\/index.php?rest_route=%2Fwp%2Fv2%2Fcomments&post=4988"}],"version-history":[{"count":3,"href":"http:\/\/razemdlabialoleki.waw.pl\/index.php?rest_route=\/wp\/v2\/posts\/4988\/revisions"}],"predecessor-version":[{"id":4995,"href":"http:\/\/razemdlabialoleki.waw.pl\/index.php?rest_route=\/wp\/v2\/posts\/4988\/revisions\/4995"}],"wp:featuredmedia":[{"embeddable":true,"href":"http:\/\/razemdlabialoleki.waw.pl\/index.php?rest_route=\/wp\/v2\/media\/4992"}],"wp:attachment":[{"href":"http:\/\/razemdlabialoleki.waw.pl\/index.php?rest_route=%2Fwp%2Fv2%2Fmedia&parent=4988"}],"wp:term":[{"taxonomy":"category","embeddable":true,"href":"http:\/\/razemdlabialoleki.waw.pl\/index.php?rest_route=%2Fwp%2Fv2%2Fcategories&post=4988"},{"taxonomy":"post_tag","embeddable":true,"href":"http:\/\/razemdlabialoleki.waw.pl\/index.php?rest_route=%2Fwp%2Fv2%2Ftags&post=4988"}],"curies":[{"name":"wp","href":"https:\/\/api.w.org\/{rel}","templated":true}]}}