{"id":4980,"date":"2018-04-23T18:40:20","date_gmt":"2018-04-23T17:40:20","guid":{"rendered":"http:\/\/razemdlabialoleki.waw.pl\/?p=4980"},"modified":"2018-04-23T19:07:43","modified_gmt":"2018-04-23T18:07:43","slug":"park-na-brzezinach-decyzja-negatywna","status":"publish","type":"post","link":"http:\/\/razemdlabialoleki.waw.pl\/?p=4980","title":{"rendered":"Park na Brzezinach &#8211; decyzja negatywna?"},"content":{"rendered":"<p style=\"text-align: justify;\">To bardzo smutne. G\u0142osami urz\u0119dnik\u00f3w wspieranych przez przedstawiciela <a class=\"profileLink\" href=\"https:\/\/www.facebook.com\/InicjatywaMieszkancowBialoleki\/?fref=mentions\" data-hovercard=\"\/ajax\/hovercard\/page.php?id=122532707804067&amp;extragetparams=%7B%22fref%22%3A%22mentions%22%7D\" data-hovercard-prefer-more-content-show=\"1\">Inicjatywa Mieszka\u0144c\u00f3w Bia\u0142o\u0142\u0119ki (IMB)<\/a>, Zesp\u00f3\u0142 do Spraw Bud\u017cetu Partycypacyjnego podtrzyma\u0142 negatywn\u0105 weryfikacj\u0119 projektu <strong>\u201ePark odpoczynku\u201d<\/strong>, kt\u00f3rego za\u0142o\u017ceniem jest rewitalizacja dzia\u0142ki o powierzchni 0,8 ha zlokalizowanej pomi\u0119dzy ulicami Echa Le\u015bne i Zbyszka z Bogda\u0144ca. W MPZP s\u0105 zapisy, kt\u00f3re pozwoli\u0142by na realizacj\u0119 takiego projektu. Niestety w\u0142a\u015bcicielem dzia\u0142ki, na kt\u00f3rej zlokalizowano projekt jest Miasto Sto\u0142eczne Warszawa. Grunt ten W\u0142odarze zaplanowali do sprzeda\u017cy. Mieszka\u0144cy s\u0105 zbulwersowani zapowiadaj\u0105 protesty i zbieraj\u0105 podpisy pod petycj\u0105, w kt\u00f3rej wyra\u017c\u0105 sw\u00f3j sprzeciw.<\/p>\n<p style=\"text-align: justify;\"><strong>Prosimy o podpisanie petycji: <a href=\"https:\/\/www.petycjeonline.com\/petycja_w_sprawie_zielonego_skweru_przy_ulicy_echa_lene_i_zbyszka_z_bogdaca_w_warszawie_-_park_odpoczynku_na_brzezinach\" target=\"_blank\" rel=\"noopener\">pod linkiem.<\/a> I jednocze\u015bnie polecamy <a href=\"https:\/\/www.facebook.com\/korowaj\/videos\/1751529984905547\/?t=1\" target=\"_blank\" rel=\"noopener\">nagranie<\/a> z dzisiejszego spotkania.<\/strong><\/p>\n<p>Mali mieszka\u0144cy Bia\u0142o\u0142\u0119ki r\u00f3wnie\u017c wyrazili opini\u0119 na temat parku&#8230; koniecznie zapoznajcie si\u0119 z nagraniem.<\/p>\n<p>&nbsp;<\/p>\n<p><a href=\"https:\/\/www.facebook.com\/korowaj\/videos\/1751529984905547\/?t=1\" target=\"_blank\" rel=\"noopener\"><img loading=\"lazy\" decoding=\"async\" class=\"aligncenter size-full wp-image-4986\" src=\"http:\/\/razemdlabialoleki.waw.pl\/wp-content\/uploads\/2018\/04\/Bez-nazwy-1.jpg\" alt=\"\" width=\"589\" height=\"327\" srcset=\"http:\/\/razemdlabialoleki.waw.pl\/wp-content\/uploads\/2018\/04\/Bez-nazwy-1.jpg 589w, http:\/\/razemdlabialoleki.waw.pl\/wp-content\/uploads\/2018\/04\/Bez-nazwy-1-300x167.jpg 300w, http:\/\/razemdlabialoleki.waw.pl\/wp-content\/uploads\/2018\/04\/Bez-nazwy-1-110x61.jpg 110w, http:\/\/razemdlabialoleki.waw.pl\/wp-content\/uploads\/2018\/04\/Bez-nazwy-1-420x233.jpg 420w, http:\/\/razemdlabialoleki.waw.pl\/wp-content\/uploads\/2018\/04\/Bez-nazwy-1-248x138.jpg 248w\" sizes=\"auto, (max-width: 589px) 100vw, 589px\" \/><\/a><\/p>\n","protected":false},"excerpt":{"rendered":"<p>To bardzo smutne. G\u0142osami urz\u0119dnik\u00f3w wspieranych przez przedstawiciela Inicjatywa Mieszka\u0144c\u00f3w Bia\u0142o\u0142\u0119ki (IMB), Zesp\u00f3\u0142 do Spraw Bud\u017cetu Partycypacyjnego podtrzyma\u0142 negatywn\u0105 weryfikacj\u0119 projektu \u201ePark odpoczynku\u201d, kt\u00f3rego za\u0142o\u017ceniem jest rewitalizacja dzia\u0142ki o powierzchni 0,8 ha zlokalizowanej pomi\u0119dzy ulicami Echa Le\u015bne i Zbyszka z Bogda\u0144ca. W MPZP s\u0105 zapisy, kt\u00f3re pozwoli\u0142by na realizacj\u0119 takiego projektu. Niestety w\u0142a\u015bcicielem dzia\u0142ki, na [&hellip;]<\/p>\n","protected":false},"author":2,"featured_media":4981,"comment_status":"closed","ping_status":"closed","sticky":false,"template":"","format":"standard","meta":{"ngg_post_thumbnail":0,"footnotes":""},"categories":[10,26,28],"tags":[],"class_list":["post-4980","post","type-post","status-publish","format-standard","has-post-thumbnail","hentry","category-akcja-spoleczna","category-klub-radnych","category-ochrona-srodowiska"],"_links":{"self":[{"href":"http:\/\/razemdlabialoleki.waw.pl\/index.php?rest_route=\/wp\/v2\/posts\/4980","targetHints":{"allow":["GET"]}}],"collection":[{"href":"http:\/\/razemdlabialoleki.waw.pl\/index.php?rest_route=\/wp\/v2\/posts"}],"about":[{"href":"http:\/\/razemdlabialoleki.waw.pl\/index.php?rest_route=\/wp\/v2\/types\/post"}],"author":[{"embeddable":true,"href":"http:\/\/razemdlabialoleki.waw.pl\/index.php?rest_route=\/wp\/v2\/users\/2"}],"replies":[{"embeddable":true,"href":"http:\/\/razemdlabialoleki.waw.pl\/index.php?rest_route=%2Fwp%2Fv2%2Fcomments&post=4980"}],"version-history":[{"count":4,"href":"http:\/\/razemdlabialoleki.waw.pl\/index.php?rest_route=\/wp\/v2\/posts\/4980\/revisions"}],"predecessor-version":[{"id":4987,"href":"http:\/\/razemdlabialoleki.waw.pl\/index.php?rest_route=\/wp\/v2\/posts\/4980\/revisions\/4987"}],"wp:featuredmedia":[{"embeddable":true,"href":"http:\/\/razemdlabialoleki.waw.pl\/index.php?rest_route=\/wp\/v2\/media\/4981"}],"wp:attachment":[{"href":"http:\/\/razemdlabialoleki.waw.pl\/index.php?rest_route=%2Fwp%2Fv2%2Fmedia&parent=4980"}],"wp:term":[{"taxonomy":"category","embeddable":true,"href":"http:\/\/razemdlabialoleki.waw.pl\/index.php?rest_route=%2Fwp%2Fv2%2Fcategories&post=4980"},{"taxonomy":"post_tag","embeddable":true,"href":"http:\/\/razemdlabialoleki.waw.pl\/index.php?rest_route=%2Fwp%2Fv2%2Ftags&post=4980"}],"curies":[{"name":"wp","href":"https:\/\/api.w.org\/{rel}","templated":true}]}}