{"id":4925,"date":"2018-04-21T20:06:46","date_gmt":"2018-04-21T19:06:46","guid":{"rendered":"http:\/\/razemdlabialoleki.waw.pl\/?p=4925"},"modified":"2018-04-23T07:31:10","modified_gmt":"2018-04-23T06:31:10","slug":"iv-konferencja-oswoic-autyzm-fotorelacja","status":"publish","type":"post","link":"http:\/\/razemdlabialoleki.waw.pl\/?p=4925","title":{"rendered":"IV Konferencja &#8220;Oswoi\u0107 Autyzm&#8221;"},"content":{"rendered":"<p id=\"seo_h1_tag\" class=\"_5gmx\" style=\"text-align: justify;\" data-testid=\"event-permalink-event-name\">IV Konferencja &#8220;Oswoi\u0107 Autyzm&#8221; za nami. Dzi\u0119kujemy, \u017ce byli Pa\u0144stwo z nami. To by\u0142 wspania\u0142y czas \ud83d\ude00 Niebawem przedstawimy pe\u0142n\u0105 fotorelacj\u0119.<\/p>\n<p>&nbsp; &nbsp;&nbsp;&nbsp;&nbsp;&nbsp;&nbsp; &nbsp;<img loading=\"lazy\" decoding=\"async\" class=\"aligncenter size-large wp-image-4903\" src=\"http:\/\/razemdlabialoleki.waw.pl\/wp-content\/uploads\/2018\/04\/IMG-20180421-WA0062-1024x578.jpg\" alt=\"\" width=\"640\" height=\"361\" srcset=\"http:\/\/razemdlabialoleki.waw.pl\/wp-content\/uploads\/2018\/04\/IMG-20180421-WA0062-1024x578.jpg 1024w, http:\/\/razemdlabialoleki.waw.pl\/wp-content\/uploads\/2018\/04\/IMG-20180421-WA0062-300x169.jpg 300w, http:\/\/razemdlabialoleki.waw.pl\/wp-content\/uploads\/2018\/04\/IMG-20180421-WA0062-768x433.jpg 768w, http:\/\/razemdlabialoleki.waw.pl\/wp-content\/uploads\/2018\/04\/IMG-20180421-WA0062-1536x867.jpg 1536w, http:\/\/razemdlabialoleki.waw.pl\/wp-content\/uploads\/2018\/04\/IMG-20180421-WA0062-110x62.jpg 110w, http:\/\/razemdlabialoleki.waw.pl\/wp-content\/uploads\/2018\/04\/IMG-20180421-WA0062-420x237.jpg 420w, http:\/\/razemdlabialoleki.waw.pl\/wp-content\/uploads\/2018\/04\/IMG-20180421-WA0062-762x430.jpg 762w, http:\/\/razemdlabialoleki.waw.pl\/wp-content\/uploads\/2018\/04\/IMG-20180421-WA0062.jpg 1600w\" sizes=\"auto, (max-width: 640px) 100vw, 640px\" \/><\/p>\n<p>&nbsp;<\/p>\n","protected":false},"excerpt":{"rendered":"<p>IV Konferencja &#8220;Oswoi\u0107 Autyzm&#8221; za nami. Dzi\u0119kujemy, \u017ce byli Pa\u0144stwo z nami. To by\u0142 wspania\u0142y czas \ud83d\ude00 Niebawem przedstawimy pe\u0142n\u0105 fotorelacj\u0119. &nbsp; &nbsp;&nbsp;&nbsp;&nbsp;&nbsp;&nbsp; &nbsp; &nbsp;<\/p>\n","protected":false},"author":2,"featured_media":4903,"comment_status":"closed","ping_status":"closed","sticky":false,"template":"","format":"standard","meta":{"ngg_post_thumbnail":0,"footnotes":""},"categories":[10],"tags":[],"class_list":["post-4925","post","type-post","status-publish","format-standard","has-post-thumbnail","hentry","category-akcja-spoleczna"],"_links":{"self":[{"href":"http:\/\/razemdlabialoleki.waw.pl\/index.php?rest_route=\/wp\/v2\/posts\/4925","targetHints":{"allow":["GET"]}}],"collection":[{"href":"http:\/\/razemdlabialoleki.waw.pl\/index.php?rest_route=\/wp\/v2\/posts"}],"about":[{"href":"http:\/\/razemdlabialoleki.waw.pl\/index.php?rest_route=\/wp\/v2\/types\/post"}],"author":[{"embeddable":true,"href":"http:\/\/razemdlabialoleki.waw.pl\/index.php?rest_route=\/wp\/v2\/users\/2"}],"replies":[{"embeddable":true,"href":"http:\/\/razemdlabialoleki.waw.pl\/index.php?rest_route=%2Fwp%2Fv2%2Fcomments&post=4925"}],"version-history":[{"count":7,"href":"http:\/\/razemdlabialoleki.waw.pl\/index.php?rest_route=\/wp\/v2\/posts\/4925\/revisions"}],"predecessor-version":[{"id":4967,"href":"http:\/\/razemdlabialoleki.waw.pl\/index.php?rest_route=\/wp\/v2\/posts\/4925\/revisions\/4967"}],"wp:featuredmedia":[{"embeddable":true,"href":"http:\/\/razemdlabialoleki.waw.pl\/index.php?rest_route=\/wp\/v2\/media\/4903"}],"wp:attachment":[{"href":"http:\/\/razemdlabialoleki.waw.pl\/index.php?rest_route=%2Fwp%2Fv2%2Fmedia&parent=4925"}],"wp:term":[{"taxonomy":"category","embeddable":true,"href":"http:\/\/razemdlabialoleki.waw.pl\/index.php?rest_route=%2Fwp%2Fv2%2Fcategories&post=4925"},{"taxonomy":"post_tag","embeddable":true,"href":"http:\/\/razemdlabialoleki.waw.pl\/index.php?rest_route=%2Fwp%2Fv2%2Ftags&post=4925"}],"curies":[{"name":"wp","href":"https:\/\/api.w.org\/{rel}","templated":true}]}}