{"id":4843,"date":"2018-04-20T21:50:59","date_gmt":"2018-04-20T20:50:59","guid":{"rendered":"http:\/\/razemdlabialoleki.waw.pl\/?p=4843"},"modified":"2018-04-20T22:03:04","modified_gmt":"2018-04-20T21:03:04","slug":"tak-dla-parku-na-brzezinach-petycja","status":"publish","type":"post","link":"http:\/\/razemdlabialoleki.waw.pl\/?p=4843","title":{"rendered":"TAK dla &#8220;Parku odpoczynku&#8221; na Brzezinach [PETYCJA]"},"content":{"rendered":"<p style=\"text-align: center;\"><strong><a href=\"https:\/\/www.petycjeonline.com\/petycja_w_sprawie_zielonego_skweru_przy_ulicy_echa_lene_i_zbyszka_z_bogdaca_w_warszawie_-_park_odpoczynku_na_brzezinach\" target=\"_blank\" rel=\"noopener\">Petycja<\/a> w sprawie zielonego skweru przy ulicy Echa Le\u015bne i Zbyszka z Bogda\u0144ca w Warszawie <\/strong><strong>&#8211; Park odpoczynku na Brzezinach<\/strong><\/p>\n<p style=\"text-align: right;\">Sz. P. Ilona Soja-Koz\u0142owska<br \/>\nBurmistrz Dzielnicy Bia\u0142o\u0142\u0119ki m.st. Warszawy<br \/>\nul. Modli\u0144ska 197<br \/>\n03-122 Warszawa<\/p>\n<p>Szanowna Pani Burmistrz,<\/p>\n<p>Apelujemy do w\u0142adz Dzielnicy o <strong>rezygnacj\u0119 z plan\u00f3w sprzeda\u017cy zielonego terenu u zbiegu ulic Echa Le\u015bne i Zbyszka z Bogda\u0144ca<\/strong> (dzia\u0142ka nr 33 obr\u0119b 40706).<\/p>\n<p>Pozostawiaj\u0105c dzia\u0142k\u0119 na sprzeda\u017c wi\u0105za\u0142oby si\u0119 to z wycink\u0105 obecnego drzewostanu i ca\u0142kowite zaprzepaszczenie szansy na stworzenie w tej okolicy terenu o funkcjach wypoczynkowo -rekreacyjnych. W tym rejonie to jedyna dzia\u0142ka, na kt\u00f3rym m\u00f3g\u0142by powsta\u0107 park i utrata tej dzia\u0142ki by\u0142aby dotkliwa, w szczeg\u00f3lno\u015bci dla mieszka\u0144c\u00f3w Brzezin.<\/p>\n<p>Niepokoi nas fakt, \u017ce przy stale rosn\u0105cej liczbie mieszka\u0144c\u00f3w nie przewiduje si\u0119 \u017cadnych enklaw zieleni s\u0142u\u017c\u0105cych rekreacji i wypoczynkowi. Obserwujemy, \u017ce w dzielnicy nie d\u0105\u017cy si\u0119 do zagospodarowania istniej\u0105cego potencja\u0142u zieleni, przy tym ignoruj\u0105c potrzeby mieszka\u0144c\u00f3w w tym zakresie.<\/p>\n<p>Uwa\u017camy, \u017ce nale\u017cy wykorzysta\u0107 potencja\u0142 tego terenu w taki spos\u00f3b, aby m\u00f3g\u0142 s\u0142u\u017cy\u0107 wszystkim. Miejsca, kt\u00f3re sprzyjaj\u0105 s\u0105siedzkiej integracji powoduj\u0105, i\u017c mieszka\u0144cy zaczynaj\u0105 si\u0119 uto\u017csamia\u0107 ze swoim miejscem zamieszkania, a zatem w interesie Miasta jak r\u00f3wnie\u017c Dzielnicy powinna by\u0107 ochrona takich miejsc.<\/p>\n<p>Apelujemy, aby niezale\u017cnie od tego, czy projekt zostanie zrealizowany w ramach Bud\u017cetu Partycypacyjnego, teren ten nie zosta\u0142 sprzedany, tylko pozosta\u0142 do dyspozycji mieszka\u0144c\u00f3w z przeznaczeniem na cele rekreacyjne. &nbsp;<\/p>\n<p><strong>W imieniu Mieszka\u0144c\u00f3w,<\/strong><br \/>\n<strong> Stowarzyszenie Razem dla Bia\u0142o\u0142\u0119ki &nbsp; &nbsp; &nbsp;<\/strong> &nbsp; &nbsp; &nbsp; &nbsp;<\/p>\n<p>Do wiadomo\u015bci:<br \/>\n1. Pani Hanna Gronkiewicz-Waltz<br \/>\nPrezydent m. st. Warszawy<br \/>\nPl. Bankowy 3\/5,<br \/>\n00-950 Warszawa<\/p>\n<p>2. Pani Renata Kury\u0142owicz<br \/>\nPe\u0142nomocnik prezydenta m.st. Warszawy ds. zarz\u0105dzania zieleni\u0105 miejsk\u0105<br \/>\nplac Sokratesa Starynkiewicza 7\/9<br \/>\n02-015 Warszawa <strong><\/p>\n<p><img loading=\"lazy\" decoding=\"async\" class=\"aligncenter size-large wp-image-4817\" src=\"http:\/\/razemdlabialoleki.waw.pl\/wp-content\/uploads\/2018\/04\/park2-1024x443.jpg\" alt=\"\" width=\"640\" height=\"277\" srcset=\"http:\/\/razemdlabialoleki.waw.pl\/wp-content\/uploads\/2018\/04\/park2-1024x443.jpg 1024w, http:\/\/razemdlabialoleki.waw.pl\/wp-content\/uploads\/2018\/04\/park2-300x130.jpg 300w, http:\/\/razemdlabialoleki.waw.pl\/wp-content\/uploads\/2018\/04\/park2-768x332.jpg 768w, http:\/\/razemdlabialoleki.waw.pl\/wp-content\/uploads\/2018\/04\/park2-110x48.jpg 110w, http:\/\/razemdlabialoleki.waw.pl\/wp-content\/uploads\/2018\/04\/park2-420x182.jpg 420w, http:\/\/razemdlabialoleki.waw.pl\/wp-content\/uploads\/2018\/04\/park2-770x333.jpg 770w, http:\/\/razemdlabialoleki.waw.pl\/wp-content\/uploads\/2018\/04\/park2.jpg 1481w\" sizes=\"auto, (max-width: 640px) 100vw, 640px\" \/><br \/>\n<\/strong><\/p>\n","protected":false},"excerpt":{"rendered":"<p>Petycja w sprawie zielonego skweru przy ulicy Echa Le\u015bne i Zbyszka z Bogda\u0144ca w Warszawie &#8211; Park odpoczynku na Brzezinach Sz. P. Ilona Soja-Koz\u0142owska Burmistrz Dzielnicy Bia\u0142o\u0142\u0119ki m.st. Warszawy ul. Modli\u0144ska 197 03-122 Warszawa Szanowna Pani Burmistrz, Apelujemy do w\u0142adz Dzielnicy o rezygnacj\u0119 z plan\u00f3w sprzeda\u017cy zielonego terenu u zbiegu ulic Echa Le\u015bne i Zbyszka [&hellip;]<\/p>\n","protected":false},"author":2,"featured_media":4844,"comment_status":"closed","ping_status":"closed","sticky":false,"template":"","format":"standard","meta":{"ngg_post_thumbnail":0,"footnotes":""},"categories":[10,28],"tags":[],"class_list":["post-4843","post","type-post","status-publish","format-standard","has-post-thumbnail","hentry","category-akcja-spoleczna","category-ochrona-srodowiska"],"_links":{"self":[{"href":"http:\/\/razemdlabialoleki.waw.pl\/index.php?rest_route=\/wp\/v2\/posts\/4843","targetHints":{"allow":["GET"]}}],"collection":[{"href":"http:\/\/razemdlabialoleki.waw.pl\/index.php?rest_route=\/wp\/v2\/posts"}],"about":[{"href":"http:\/\/razemdlabialoleki.waw.pl\/index.php?rest_route=\/wp\/v2\/types\/post"}],"author":[{"embeddable":true,"href":"http:\/\/razemdlabialoleki.waw.pl\/index.php?rest_route=\/wp\/v2\/users\/2"}],"replies":[{"embeddable":true,"href":"http:\/\/razemdlabialoleki.waw.pl\/index.php?rest_route=%2Fwp%2Fv2%2Fcomments&post=4843"}],"version-history":[{"count":5,"href":"http:\/\/razemdlabialoleki.waw.pl\/index.php?rest_route=\/wp\/v2\/posts\/4843\/revisions"}],"predecessor-version":[{"id":4849,"href":"http:\/\/razemdlabialoleki.waw.pl\/index.php?rest_route=\/wp\/v2\/posts\/4843\/revisions\/4849"}],"wp:featuredmedia":[{"embeddable":true,"href":"http:\/\/razemdlabialoleki.waw.pl\/index.php?rest_route=\/wp\/v2\/media\/4844"}],"wp:attachment":[{"href":"http:\/\/razemdlabialoleki.waw.pl\/index.php?rest_route=%2Fwp%2Fv2%2Fmedia&parent=4843"}],"wp:term":[{"taxonomy":"category","embeddable":true,"href":"http:\/\/razemdlabialoleki.waw.pl\/index.php?rest_route=%2Fwp%2Fv2%2Fcategories&post=4843"},{"taxonomy":"post_tag","embeddable":true,"href":"http:\/\/razemdlabialoleki.waw.pl\/index.php?rest_route=%2Fwp%2Fv2%2Ftags&post=4843"}],"curies":[{"name":"wp","href":"https:\/\/api.w.org\/{rel}","templated":true}]}}