{"id":4833,"date":"2018-04-20T20:21:55","date_gmt":"2018-04-20T19:21:55","guid":{"rendered":"http:\/\/razemdlabialoleki.waw.pl\/?p=4833"},"modified":"2018-04-20T20:34:47","modified_gmt":"2018-04-20T19:34:47","slug":"mordor-na-bialolece","status":"publish","type":"post","link":"http:\/\/razemdlabialoleki.waw.pl\/?p=4833","title":{"rendered":"Mordor na Bia\u0142o\u0142\u0119ce?"},"content":{"rendered":"<p style=\"text-align: justify;\">Od po\u0142owy lat 90-tych ubieg\u0142ego wieku tereny dawnej Fabryki Dom\u00f3w przy ul. My\u015bliborskiej popadaj\u0105 w ruin\u0119 i w niewielkim stopniu wykorzystywane s\u0105 na cele s\u0142u\u017c\u0105ce mieszka\u0144com naszej dzielnicy. Jako, \u017ce miejsce jest odludne, to mieszcz\u0105 si\u0119 tu najr\u00f3\u017cniejsze bazy prze\u0142adunkowe, czy sortownie.<\/p>\n<p style=\"text-align: justify;\">Po zbudowaniu mostu P\u00f3\u0142nocnego, wa\u017cnej arterii u\u0142atwiaj\u0105cej dojazd, tak\u017ce z Bielan, teren poprzemys\u0142owy o pow. ponad 27 ha, kt\u00f3ry doskonale wida\u0107 z mostu, powinien by\u0107 przeznaczony zdecydowanie na inne cele.<\/p>\n<p style=\"text-align: justify;\">Pole dzia\u0142ania jest du\u017ce. To mo\u017ce by\u0107 rekreacja (bli\u017cej Wis\u0142y), ale tak\u017ce przeznaczenie pod sport, cele wystawiennicze. Istnieje te\u017c mo\u017cliwo\u015b\u0107 przeznaczenia Fabryki w lokalne centrum biurowo-finansowe z mo\u017cliwo\u015bci\u0105 lokalizacji inkubator\u00f3w przedsi\u0119biorczo\u015bci i technologii innowacyjnych, czy instytucji badawczych.<\/p>\n<p style=\"text-align: justify;\">Ka\u017cdy z nas jad\u0105c codziennie mostem do pracy by\u0107 mo\u017ce zadawa\u0142 sobie pytanie, czy miejsca pracy, do kt\u00f3rych jedzie np. na S\u0142u\u017cewiec nie mog\u0142yby powsta\u0107 u nas? Lokalizacja jest w zasi\u0119gu r\u0119ki, pod warunkiem, \u017ce tereny pofabryczne zostan\u0105 zrewitalizowane, podobnie jak nast\u0105pi\u0142o przekszta\u0142cenie S\u0142u\u017cewca Przemys\u0142owego w biurowy, tzw. \u201eMordor\u201d.<\/p>\n<p style=\"text-align: justify;\">Obecne, og\u00f3lne wytyczne zagospodarowania terenu (Studium Uwarunkowa\u0144\u2026 z 2006 r.) stwarzaj\u0105 mo\u017cliwo\u015bci ku temu, ale na przeszkodzie stworzenia centrum biurowo-finansowego na wz\u00f3r s\u0142u\u017cewieckiego centrum biurowego, jednak o mniejszej skali (mniejszy dost\u0119pny obszar), stoj\u0105 ograniczenia w zabudowie. Elementem niesprzyjaj\u0105cym jest zbyt nisko okre\u015blona g\u00f3rna granica zabudowy dla tych teren\u00f3w w obecnym Studium: (U).12 \u2013 do 12 m.<\/p>\n<p style=\"text-align: justify;\">Aktualnie trwa procedura zmiany Studium Uwarunkowa\u0144 i nale\u017cy dokona\u0107 analiz w zakresie mo\u017cliwo\u015bci zwi\u0119kszenia wysoko\u015bci zabudowy w tym rejonie do wysoko\u015bci 20 m: (U).20, co przy\u015bpieszy pozyskanie inwestor\u00f3w na zagospodarowanie tego terenu z korzy\u015bci\u0105 dla mieszka\u0144c\u00f3w. Nowe miejsca w biurach i firmach o innym profilu dzia\u0142alno\u015bci po drugiej stronie trasy, a nie daleko w centrum, czy na Mokotowie to mo\u017cliwa przysz\u0142o\u015b\u0107.<\/p>\n<p style=\"text-align: justify;\">Mieszka\u0144cy dzielnicy nie musieliby codziennie d\u0142ugo je\u017adzi\u0107 do pracy i z powrotem, tylko mogliby jecha\u0107 do Fabryki Dom\u00f3w w nowej postaci, kt\u00f3ra niegdy\u015b planowana jako sztandarowa inwestycja socjalizmu, maj\u0105ca spe\u0142ni\u0107 sen o p\u00f3\u0142nocnej dzielnicy mieszkaniowej Warszawy z wielkiej p\u0142yty, ponownie przys\u0142u\u017cy\u0142aby si\u0119 do rozwoju Bia\u0142o\u0142\u0119ki, zamiast by\u0107 kul\u0105 u nogi.<\/p>\n<p style=\"text-align: justify;\">&nbsp;<\/p>\n<p style=\"text-align: justify;\">Wojciech Tumasz<\/p>\n<p style=\"text-align: justify;\">Klub Radnych Razem dla Bia\u0142o\u0142\u0119ki<\/p>\n<p style=\"text-align: justify;\">Przewodnicz\u0105cy Komisji Planu i Bud\u017cetu<\/p>\n<p style=\"text-align: justify;\">wsp\u00f3\u0142za\u0142o\u017cyciel SISKOM<\/p>\n<p style=\"text-align: justify;\"><a href=\"mailto:wojtum@gazeta.pl\">wojtum@gazeta.pl<\/a><\/p>\n<p style=\"text-align: justify;\"><img loading=\"lazy\" decoding=\"async\" class=\"aligncenter size-large wp-image-4834\" src=\"http:\/\/razemdlabialoleki.waw.pl\/wp-content\/uploads\/2018\/04\/20180411_175637-1024x768.jpg\" alt=\"\" width=\"640\" height=\"480\" srcset=\"http:\/\/razemdlabialoleki.waw.pl\/wp-content\/uploads\/2018\/04\/20180411_175637-1024x768.jpg 1024w, http:\/\/razemdlabialoleki.waw.pl\/wp-content\/uploads\/2018\/04\/20180411_175637-300x225.jpg 300w, http:\/\/razemdlabialoleki.waw.pl\/wp-content\/uploads\/2018\/04\/20180411_175637-768x576.jpg 768w, http:\/\/razemdlabialoleki.waw.pl\/wp-content\/uploads\/2018\/04\/20180411_175637-110x83.jpg 110w, http:\/\/razemdlabialoleki.waw.pl\/wp-content\/uploads\/2018\/04\/20180411_175637-420x315.jpg 420w, http:\/\/razemdlabialoleki.waw.pl\/wp-content\/uploads\/2018\/04\/20180411_175637-573x430.jpg 573w\" sizes=\"auto, (max-width: 640px) 100vw, 640px\" \/> <img loading=\"lazy\" decoding=\"async\" class=\"aligncenter size-large wp-image-4835\" src=\"http:\/\/razemdlabialoleki.waw.pl\/wp-content\/uploads\/2018\/04\/MX-2314N_20180313_083853a1-724x1024.jpg\" alt=\"\" width=\"640\" height=\"905\" srcset=\"http:\/\/razemdlabialoleki.waw.pl\/wp-content\/uploads\/2018\/04\/MX-2314N_20180313_083853a1-724x1024.jpg 724w, http:\/\/razemdlabialoleki.waw.pl\/wp-content\/uploads\/2018\/04\/MX-2314N_20180313_083853a1-212x300.jpg 212w, http:\/\/razemdlabialoleki.waw.pl\/wp-content\/uploads\/2018\/04\/MX-2314N_20180313_083853a1-768x1087.jpg 768w, http:\/\/razemdlabialoleki.waw.pl\/wp-content\/uploads\/2018\/04\/MX-2314N_20180313_083853a1-78x110.jpg 78w, http:\/\/razemdlabialoleki.waw.pl\/wp-content\/uploads\/2018\/04\/MX-2314N_20180313_083853a1-297x420.jpg 297w, http:\/\/razemdlabialoleki.waw.pl\/wp-content\/uploads\/2018\/04\/MX-2314N_20180313_083853a1-304x430.jpg 304w, http:\/\/razemdlabialoleki.waw.pl\/wp-content\/uploads\/2018\/04\/MX-2314N_20180313_083853a1.jpg 827w\" sizes=\"auto, (max-width: 640px) 100vw, 640px\" \/> <img loading=\"lazy\" decoding=\"async\" class=\"aligncenter size-large wp-image-4836\" src=\"http:\/\/razemdlabialoleki.waw.pl\/wp-content\/uploads\/2018\/04\/MX-2314N_20180313_083853b1-724x1024.jpg\" alt=\"\" width=\"640\" height=\"905\" srcset=\"http:\/\/razemdlabialoleki.waw.pl\/wp-content\/uploads\/2018\/04\/MX-2314N_20180313_083853b1-724x1024.jpg 724w, http:\/\/razemdlabialoleki.waw.pl\/wp-content\/uploads\/2018\/04\/MX-2314N_20180313_083853b1-212x300.jpg 212w, http:\/\/razemdlabialoleki.waw.pl\/wp-content\/uploads\/2018\/04\/MX-2314N_20180313_083853b1-768x1087.jpg 768w, http:\/\/razemdlabialoleki.waw.pl\/wp-content\/uploads\/2018\/04\/MX-2314N_20180313_083853b1-78x110.jpg 78w, http:\/\/razemdlabialoleki.waw.pl\/wp-content\/uploads\/2018\/04\/MX-2314N_20180313_083853b1-297x420.jpg 297w, http:\/\/razemdlabialoleki.waw.pl\/wp-content\/uploads\/2018\/04\/MX-2314N_20180313_083853b1-304x430.jpg 304w, http:\/\/razemdlabialoleki.waw.pl\/wp-content\/uploads\/2018\/04\/MX-2314N_20180313_083853b1.jpg 827w\" sizes=\"auto, (max-width: 640px) 100vw, 640px\" \/> <img loading=\"lazy\" decoding=\"async\" class=\"aligncenter size-large wp-image-4837\" src=\"http:\/\/razemdlabialoleki.waw.pl\/wp-content\/uploads\/2018\/04\/MX-2314N_20180313_083853c1-724x1024.jpg\" alt=\"\" width=\"640\" height=\"905\" srcset=\"http:\/\/razemdlabialoleki.waw.pl\/wp-content\/uploads\/2018\/04\/MX-2314N_20180313_083853c1-724x1024.jpg 724w, http:\/\/razemdlabialoleki.waw.pl\/wp-content\/uploads\/2018\/04\/MX-2314N_20180313_083853c1-212x300.jpg 212w, http:\/\/razemdlabialoleki.waw.pl\/wp-content\/uploads\/2018\/04\/MX-2314N_20180313_083853c1-768x1087.jpg 768w, http:\/\/razemdlabialoleki.waw.pl\/wp-content\/uploads\/2018\/04\/MX-2314N_20180313_083853c1-78x110.jpg 78w, http:\/\/razemdlabialoleki.waw.pl\/wp-content\/uploads\/2018\/04\/MX-2314N_20180313_083853c1-297x420.jpg 297w, http:\/\/razemdlabialoleki.waw.pl\/wp-content\/uploads\/2018\/04\/MX-2314N_20180313_083853c1-304x430.jpg 304w, http:\/\/razemdlabialoleki.waw.pl\/wp-content\/uploads\/2018\/04\/MX-2314N_20180313_083853c1.jpg 827w\" sizes=\"auto, (max-width: 640px) 100vw, 640px\" \/> <img loading=\"lazy\" decoding=\"async\" class=\"aligncenter size-large wp-image-4838\" src=\"http:\/\/razemdlabialoleki.waw.pl\/wp-content\/uploads\/2018\/04\/MX-2314N_20180313_083853d1-724x1024.jpg\" alt=\"\" width=\"640\" height=\"905\" srcset=\"http:\/\/razemdlabialoleki.waw.pl\/wp-content\/uploads\/2018\/04\/MX-2314N_20180313_083853d1-724x1024.jpg 724w, http:\/\/razemdlabialoleki.waw.pl\/wp-content\/uploads\/2018\/04\/MX-2314N_20180313_083853d1-212x300.jpg 212w, http:\/\/razemdlabialoleki.waw.pl\/wp-content\/uploads\/2018\/04\/MX-2314N_20180313_083853d1-768x1087.jpg 768w, http:\/\/razemdlabialoleki.waw.pl\/wp-content\/uploads\/2018\/04\/MX-2314N_20180313_083853d1-78x110.jpg 78w, http:\/\/razemdlabialoleki.waw.pl\/wp-content\/uploads\/2018\/04\/MX-2314N_20180313_083853d1-297x420.jpg 297w, http:\/\/razemdlabialoleki.waw.pl\/wp-content\/uploads\/2018\/04\/MX-2314N_20180313_083853d1-304x430.jpg 304w, http:\/\/razemdlabialoleki.waw.pl\/wp-content\/uploads\/2018\/04\/MX-2314N_20180313_083853d1.jpg 827w\" sizes=\"auto, (max-width: 640px) 100vw, 640px\" \/><\/p>\n","protected":false},"excerpt":{"rendered":"<p>Od po\u0142owy lat 90-tych ubieg\u0142ego wieku tereny dawnej Fabryki Dom\u00f3w przy ul. My\u015bliborskiej popadaj\u0105 w ruin\u0119 i w niewielkim stopniu wykorzystywane s\u0105 na cele s\u0142u\u017c\u0105ce mieszka\u0144com naszej dzielnicy. Jako, \u017ce miejsce jest odludne, to mieszcz\u0105 si\u0119 tu najr\u00f3\u017cniejsze bazy prze\u0142adunkowe, czy sortownie. Po zbudowaniu mostu P\u00f3\u0142nocnego, wa\u017cnej arterii u\u0142atwiaj\u0105cej dojazd, tak\u017ce z Bielan, teren poprzemys\u0142owy [&hellip;]<\/p>\n","protected":false},"author":2,"featured_media":4839,"comment_status":"closed","ping_status":"closed","sticky":false,"template":"","format":"standard","meta":{"ngg_post_thumbnail":0,"footnotes":""},"categories":[27,26],"tags":[],"class_list":["post-4833","post","type-post","status-publish","format-standard","has-post-thumbnail","hentry","category-inwestycje","category-klub-radnych"],"_links":{"self":[{"href":"http:\/\/razemdlabialoleki.waw.pl\/index.php?rest_route=\/wp\/v2\/posts\/4833","targetHints":{"allow":["GET"]}}],"collection":[{"href":"http:\/\/razemdlabialoleki.waw.pl\/index.php?rest_route=\/wp\/v2\/posts"}],"about":[{"href":"http:\/\/razemdlabialoleki.waw.pl\/index.php?rest_route=\/wp\/v2\/types\/post"}],"author":[{"embeddable":true,"href":"http:\/\/razemdlabialoleki.waw.pl\/index.php?rest_route=\/wp\/v2\/users\/2"}],"replies":[{"embeddable":true,"href":"http:\/\/razemdlabialoleki.waw.pl\/index.php?rest_route=%2Fwp%2Fv2%2Fcomments&post=4833"}],"version-history":[{"count":3,"href":"http:\/\/razemdlabialoleki.waw.pl\/index.php?rest_route=\/wp\/v2\/posts\/4833\/revisions"}],"predecessor-version":[{"id":4842,"href":"http:\/\/razemdlabialoleki.waw.pl\/index.php?rest_route=\/wp\/v2\/posts\/4833\/revisions\/4842"}],"wp:featuredmedia":[{"embeddable":true,"href":"http:\/\/razemdlabialoleki.waw.pl\/index.php?rest_route=\/wp\/v2\/media\/4839"}],"wp:attachment":[{"href":"http:\/\/razemdlabialoleki.waw.pl\/index.php?rest_route=%2Fwp%2Fv2%2Fmedia&parent=4833"}],"wp:term":[{"taxonomy":"category","embeddable":true,"href":"http:\/\/razemdlabialoleki.waw.pl\/index.php?rest_route=%2Fwp%2Fv2%2Fcategories&post=4833"},{"taxonomy":"post_tag","embeddable":true,"href":"http:\/\/razemdlabialoleki.waw.pl\/index.php?rest_route=%2Fwp%2Fv2%2Ftags&post=4833"}],"curies":[{"name":"wp","href":"https:\/\/api.w.org\/{rel}","templated":true}]}}