{"id":4829,"date":"2018-04-19T20:07:13","date_gmt":"2018-04-19T19:07:13","guid":{"rendered":"http:\/\/razemdlabialoleki.waw.pl\/?p=4829"},"modified":"2018-04-19T20:09:42","modified_gmt":"2018-04-19T19:09:42","slug":"zawrotka-autobusowa-na-kepie-tarchominskiej","status":"publish","type":"post","link":"http:\/\/razemdlabialoleki.waw.pl\/?p=4829","title":{"rendered":"Zawrotka autobusowa na K\u0119pie Tarchomi\u0144skiej"},"content":{"rendered":"<p style=\"text-align: justify;\"><strong>Wyd\u0142u\u017cenie trasy autobusu linii&nbsp; 211 na K\u0119p\u0119 Tarchomi\u0144sk\u0105<\/strong> ci\u0105gnie si\u0119 od kilkunastu lat. W 2014 roku zosta\u0142o zebranych ponad&nbsp; 700 podpis\u00f3w mieszka\u0144c\u00f3w i wraz pismem przewodnim z\u0142o\u017cone do Zarz\u0105du Transportu Miejskiego w Warszawie.<\/p>\n<p style=\"text-align: justify;\">W odpowiedzi otrzymali\u015bmy&nbsp; informacj\u0119,\u017ce ZTM widzi mo\u017cliwo\u015b\u0107 uruchomienia&nbsp; autobusu na K\u0119p\u0119 Tarchomi\u0144sk\u0105 lecz musi zosta\u0107 zrobiony nowy tona\u017c na przepu\u015bcie w ulicy Przyrzecze nad Kana\u0142em Henrykowskim, zrobiona nawierzchnia oraz chodnik w ulicy Przyrzecze oraz zawrotk\u0105 dla autobusu, \u2013 w tej sprawie zosta\u0142a z\u0142o\u017cona stosowna&nbsp; interpelacja nr 512. W 2015 roku zosta\u0142 wykonany nowy przepust a w kolejnym roku nowa nawierzchnia wraz z chodnikiem i dwoma miejscami pod przystanki autobusowe przy ul. Przyrzecze. W mi\u0119dzyczasie uda\u0142o si\u0119 uzyska\u0107 zgod\u0119 w\u0142a\u015bciciela prywatnej dzia\u0142ki 9\/5 z obr\u0119bu 4-01-27 na kt\u00f3rej zosta\u0142aby zrobiona zawrotka, lecz problemem by\u0142o jej utwardzenie.&nbsp;<\/p>\n<p style=\"text-align: justify;\">W tym miejscu nale\u017cy doda\u0107, \u017ce mo\u017cna by\u0142o wykorzysta\u0107 kostk\u0119 brukow\u0105 rozebran\u0105 z cz\u0119\u015bci ulicy Aluzyjnej &#8211; niestety, zosta\u0142a ona umow\u0105 przekazana firmie,kt\u00f3ra wymienia\u0142a nawierzchni\u0119 na cz\u0119\u015bci tej ulicy. W lutym tego roku po spotkaniu z v-ce Burmistrzem&nbsp; w sprawie utwardzenia&nbsp; dzia\u0142ki pod zawrotk\u0119 autobusow\u0105 zosta\u0142o wystosowane pismo do Zarz\u0105du Transportu Miejskiego i miejmy nadziej\u0119, \u017ce ju\u017c w tym roku mieszka\u0144cy&nbsp; b\u0119d\u0105 mogli korzysta\u0107 z jak\u017ce wyczekiwanego kilkana\u015bcie lat autobusu.<\/p>\n<p>Piotr Cieszkowski i Patryk Kr\u00f3l<\/p>\n<p><em>Foto: ZTM<\/em><\/p>\n","protected":false},"excerpt":{"rendered":"<p>Wyd\u0142u\u017cenie trasy autobusu linii&nbsp; 211 na K\u0119p\u0119 Tarchomi\u0144sk\u0105 ci\u0105gnie si\u0119 od kilkunastu lat. W 2014 roku zosta\u0142o zebranych ponad&nbsp; 700 podpis\u00f3w mieszka\u0144c\u00f3w i wraz pismem przewodnim z\u0142o\u017cone do Zarz\u0105du Transportu Miejskiego w Warszawie. W odpowiedzi otrzymali\u015bmy&nbsp; informacj\u0119,\u017ce ZTM widzi mo\u017cliwo\u015b\u0107 uruchomienia&nbsp; autobusu na K\u0119p\u0119 Tarchomi\u0144sk\u0105 lecz musi zosta\u0107 zrobiony nowy tona\u017c na przepu\u015bcie w ulicy [&hellip;]<\/p>\n","protected":false},"author":2,"featured_media":4830,"comment_status":"closed","ping_status":"closed","sticky":false,"template":"","format":"standard","meta":{"ngg_post_thumbnail":0,"footnotes":""},"categories":[27,26,30],"tags":[],"class_list":["post-4829","post","type-post","status-publish","format-standard","has-post-thumbnail","hentry","category-inwestycje","category-klub-radnych","category-komunikacja"],"_links":{"self":[{"href":"http:\/\/razemdlabialoleki.waw.pl\/index.php?rest_route=\/wp\/v2\/posts\/4829","targetHints":{"allow":["GET"]}}],"collection":[{"href":"http:\/\/razemdlabialoleki.waw.pl\/index.php?rest_route=\/wp\/v2\/posts"}],"about":[{"href":"http:\/\/razemdlabialoleki.waw.pl\/index.php?rest_route=\/wp\/v2\/types\/post"}],"author":[{"embeddable":true,"href":"http:\/\/razemdlabialoleki.waw.pl\/index.php?rest_route=\/wp\/v2\/users\/2"}],"replies":[{"embeddable":true,"href":"http:\/\/razemdlabialoleki.waw.pl\/index.php?rest_route=%2Fwp%2Fv2%2Fcomments&post=4829"}],"version-history":[{"count":2,"href":"http:\/\/razemdlabialoleki.waw.pl\/index.php?rest_route=\/wp\/v2\/posts\/4829\/revisions"}],"predecessor-version":[{"id":4832,"href":"http:\/\/razemdlabialoleki.waw.pl\/index.php?rest_route=\/wp\/v2\/posts\/4829\/revisions\/4832"}],"wp:featuredmedia":[{"embeddable":true,"href":"http:\/\/razemdlabialoleki.waw.pl\/index.php?rest_route=\/wp\/v2\/media\/4830"}],"wp:attachment":[{"href":"http:\/\/razemdlabialoleki.waw.pl\/index.php?rest_route=%2Fwp%2Fv2%2Fmedia&parent=4829"}],"wp:term":[{"taxonomy":"category","embeddable":true,"href":"http:\/\/razemdlabialoleki.waw.pl\/index.php?rest_route=%2Fwp%2Fv2%2Fcategories&post=4829"},{"taxonomy":"post_tag","embeddable":true,"href":"http:\/\/razemdlabialoleki.waw.pl\/index.php?rest_route=%2Fwp%2Fv2%2Ftags&post=4829"}],"curies":[{"name":"wp","href":"https:\/\/api.w.org\/{rel}","templated":true}]}}