{"id":4818,"date":"2018-04-19T08:17:11","date_gmt":"2018-04-19T07:17:11","guid":{"rendered":"http:\/\/razemdlabialoleki.waw.pl\/?p=4818"},"modified":"2018-04-19T08:46:25","modified_gmt":"2018-04-19T07:46:25","slug":"budzet-partycypacyjny-okraszony-awantura-o-zielen","status":"publish","type":"post","link":"http:\/\/razemdlabialoleki.waw.pl\/?p=4818","title":{"rendered":"Bud\u017cet Partycypacyjny okraszony awantur\u0105 o ziele\u0144."},"content":{"rendered":"<p>Nasza dzielnica nie ma szcz\u0119\u015bcia do zieleni, kt\u00f3r\u0105 ma si\u0119 wra\u017cenie, \u017ce wyrywa si\u0119 z r\u0105k urz\u0119dnik\u00f3w. Po raz kolejny w trakcie weryfikacji projekt\u00f3w Bud\u017cetu Partycypacyjnego dowiadujemy si\u0119 o planach wobec dzia\u0142ki, kt\u00f3re mog\u0105 przekre\u015bli\u0107 realizacj\u0119 pomys\u0142u autora projektu.&nbsp; Jeste\u015bmy te\u017c niestety \u015bwiadkami jak Bia\u0142o\u0142\u0119ka powoli zmienia si\u0119 w coraz bardziej nieprzyjazn\u0105, betonow\u0105 przestrze\u0144.<\/p>\n<p>W tegorocznej edycji Bud\u017cetu Partycypacyjnego jedna z mieszkanek Bia\u0142o\u0142\u0119ki z\u0142o\u017cy\u0142a projekt pod nazw\u0105&nbsp;&#8220;Park odpoczynku&#8221;, kt\u00f3rego za\u0142o\u017ceniem jest rewitalizacja dzia\u0142ki o powierzchni 0,8 ha zlokalizowanej pomi\u0119dzy ulicami Echa le\u015bne i Zbyszka z Bogda\u0144ca.<\/p>\n<p>Projektodawczyni przewidzia\u0142a m.in. nasadzenia oko\u0142o 50 drzew li\u015bciastych o obwodzie 30-35 cm i oko\u0142o 10 sosen, traw\u0119, monta\u017c \u0142awek, \u015bcie\u017cki dla pieszych, rowerzyst\u00f3w i biegaczy.<\/p>\n<p>W uzasadnieniu projektu &#8220;Park odpoczynku&#8221; czytamy: \u201e Mieszkamy w stolicy, a nie mamy parku. Nie mamy gdzie p\u00f3j\u015b\u0107 na spacer w s\u0142oneczny dzie\u0144, bo na Brzezinach s\u0105 w\u0105skie chodniki i na poboczach dr\u00f3g nie rosn\u0105 drzewa. Biegacze nie moj\u0105 bezpiecznych dr\u00f3\u017cek do biegania.\u201d<\/p>\n<p>Jednak na etapie weryfikacji mieszkanka zosta\u0142a poinformowana, \u017ce projekt zosta\u0142 negatywnie zweryfikowany, bo dzia\u0142ka \u201eprzeznaczona zosta\u0142a do zbycia w drodze przetargu i aktualnie sprawa zbycia dzia\u0142ki &nbsp;jest procedowana\u201d. (\u0179r\u00f3d\u0142o: mail z Wydzia\u0142u Konserwacji i \u015arodowiska).&nbsp; Sprzeda\u017c dzia\u0142ki pod kolejne inwestycje mieszkaniowe wi\u0105za\u0142aby si\u0119 z wycink\u0105 obecnego drzewostanu.<\/p>\n<p>Zach\u0119camy Pa\u0144stwa do zapoznania si\u0119 z projektem, link do projektu &#8220;Park odpoczynku&#8221; na stronie Bud\u017cetu Partycypacyjnego:&nbsp;&nbsp; <a href=\"https:\/\/app.twojbudzet.um.warszawa.pl\/projekt\/16303\" target=\"_blank\" rel=\"noopener\">https:\/\/app.twojbudzet.um.warszawa.pl\/projekt\/16303<\/a><\/p>\n<p>Niestety jest to jedyna zachowana wi\u0119ksza dzia\u0142ka w tej okolicy, na kt\u00f3rej m\u00f3g\u0142by powsta\u0107 park a utrata tej dzia\u0142ki by\u0142aby dotkliwa, w szczeg\u00f3lno\u015bci dla mieszka\u0144c\u00f3w Brzezin.<\/p>\n<p>Dlatego w imieniu Projektodawczyni uruchamiamy petycj\u0119, kt\u00f3rej celem jest przekonanie Zarz\u0105du Dzielnicy Bia\u0142o\u0142\u0119ka do wycofania si\u0119 z plan\u00f3w sprzeda\u017cy tej dzia\u0142ki i tym samym przychylenie si\u0119 woli, i interesu lokalnej spo\u0142eczno\u015bci &#8211; szczeg\u00f3\u0142y petycji wkr\u00f3tce.<\/p>\n<p><strong>Ewa Gajewska, Radna Dzielnicy Bia\u0142o\u0142\u0119ka <\/strong><\/p>\n<p><img loading=\"lazy\" decoding=\"async\" class=\"aligncenter size-large wp-image-4819\" src=\"http:\/\/razemdlabialoleki.waw.pl\/wp-content\/uploads\/2018\/04\/WhatsApp-Image-2018-04-19-at-08.44.18-1024x443.jpeg\" alt=\"\" width=\"640\" height=\"277\" srcset=\"http:\/\/razemdlabialoleki.waw.pl\/wp-content\/uploads\/2018\/04\/WhatsApp-Image-2018-04-19-at-08.44.18-1024x443.jpeg 1024w, http:\/\/razemdlabialoleki.waw.pl\/wp-content\/uploads\/2018\/04\/WhatsApp-Image-2018-04-19-at-08.44.18-300x130.jpeg 300w, http:\/\/razemdlabialoleki.waw.pl\/wp-content\/uploads\/2018\/04\/WhatsApp-Image-2018-04-19-at-08.44.18-768x332.jpeg 768w, http:\/\/razemdlabialoleki.waw.pl\/wp-content\/uploads\/2018\/04\/WhatsApp-Image-2018-04-19-at-08.44.18-110x48.jpeg 110w, http:\/\/razemdlabialoleki.waw.pl\/wp-content\/uploads\/2018\/04\/WhatsApp-Image-2018-04-19-at-08.44.18-420x182.jpeg 420w, http:\/\/razemdlabialoleki.waw.pl\/wp-content\/uploads\/2018\/04\/WhatsApp-Image-2018-04-19-at-08.44.18-770x333.jpeg 770w, http:\/\/razemdlabialoleki.waw.pl\/wp-content\/uploads\/2018\/04\/WhatsApp-Image-2018-04-19-at-08.44.18.jpeg 1481w\" sizes=\"auto, (max-width: 640px) 100vw, 640px\" \/><\/p>\n<p><img loading=\"lazy\" decoding=\"async\" class=\"aligncenter size-large wp-image-4820\" src=\"http:\/\/razemdlabialoleki.waw.pl\/wp-content\/uploads\/2018\/04\/WhatsApp-Image-2018-04-19-at-08.44.19.jpeg\" alt=\"\" width=\"640\" height=\"330\" srcset=\"http:\/\/razemdlabialoleki.waw.pl\/wp-content\/uploads\/2018\/04\/WhatsApp-Image-2018-04-19-at-08.44.19.jpeg 952w, http:\/\/razemdlabialoleki.waw.pl\/wp-content\/uploads\/2018\/04\/WhatsApp-Image-2018-04-19-at-08.44.19-300x155.jpeg 300w, http:\/\/razemdlabialoleki.waw.pl\/wp-content\/uploads\/2018\/04\/WhatsApp-Image-2018-04-19-at-08.44.19-768x396.jpeg 768w, http:\/\/razemdlabialoleki.waw.pl\/wp-content\/uploads\/2018\/04\/WhatsApp-Image-2018-04-19-at-08.44.19-110x57.jpeg 110w, http:\/\/razemdlabialoleki.waw.pl\/wp-content\/uploads\/2018\/04\/WhatsApp-Image-2018-04-19-at-08.44.19-420x217.jpeg 420w, http:\/\/razemdlabialoleki.waw.pl\/wp-content\/uploads\/2018\/04\/WhatsApp-Image-2018-04-19-at-08.44.19-770x397.jpeg 770w\" sizes=\"auto, (max-width: 640px) 100vw, 640px\" \/><\/p>\n<p>&nbsp;<\/p>\n","protected":false},"excerpt":{"rendered":"<p>Nasza dzielnica nie ma szcz\u0119\u015bcia do zieleni, kt\u00f3r\u0105 ma si\u0119 wra\u017cenie, \u017ce wyrywa si\u0119 z r\u0105k urz\u0119dnik\u00f3w. Po raz kolejny w trakcie weryfikacji projekt\u00f3w Bud\u017cetu Partycypacyjnego dowiadujemy si\u0119 o planach wobec dzia\u0142ki, kt\u00f3re mog\u0105 przekre\u015bli\u0107 realizacj\u0119 pomys\u0142u autora projektu.&nbsp; Jeste\u015bmy te\u017c niestety \u015bwiadkami jak Bia\u0142o\u0142\u0119ka powoli zmienia si\u0119 w coraz bardziej nieprzyjazn\u0105, betonow\u0105 przestrze\u0144. W [&hellip;]<\/p>\n","protected":false},"author":1,"featured_media":4819,"comment_status":"closed","ping_status":"closed","sticky":false,"template":"","format":"standard","meta":{"ngg_post_thumbnail":0,"footnotes":""},"categories":[28],"tags":[],"class_list":["post-4818","post","type-post","status-publish","format-standard","has-post-thumbnail","hentry","category-ochrona-srodowiska"],"_links":{"self":[{"href":"http:\/\/razemdlabialoleki.waw.pl\/index.php?rest_route=\/wp\/v2\/posts\/4818","targetHints":{"allow":["GET"]}}],"collection":[{"href":"http:\/\/razemdlabialoleki.waw.pl\/index.php?rest_route=\/wp\/v2\/posts"}],"about":[{"href":"http:\/\/razemdlabialoleki.waw.pl\/index.php?rest_route=\/wp\/v2\/types\/post"}],"author":[{"embeddable":true,"href":"http:\/\/razemdlabialoleki.waw.pl\/index.php?rest_route=\/wp\/v2\/users\/1"}],"replies":[{"embeddable":true,"href":"http:\/\/razemdlabialoleki.waw.pl\/index.php?rest_route=%2Fwp%2Fv2%2Fcomments&post=4818"}],"version-history":[{"count":6,"href":"http:\/\/razemdlabialoleki.waw.pl\/index.php?rest_route=\/wp\/v2\/posts\/4818\/revisions"}],"predecessor-version":[{"id":4826,"href":"http:\/\/razemdlabialoleki.waw.pl\/index.php?rest_route=\/wp\/v2\/posts\/4818\/revisions\/4826"}],"wp:featuredmedia":[{"embeddable":true,"href":"http:\/\/razemdlabialoleki.waw.pl\/index.php?rest_route=\/wp\/v2\/media\/4819"}],"wp:attachment":[{"href":"http:\/\/razemdlabialoleki.waw.pl\/index.php?rest_route=%2Fwp%2Fv2%2Fmedia&parent=4818"}],"wp:term":[{"taxonomy":"category","embeddable":true,"href":"http:\/\/razemdlabialoleki.waw.pl\/index.php?rest_route=%2Fwp%2Fv2%2Fcategories&post=4818"},{"taxonomy":"post_tag","embeddable":true,"href":"http:\/\/razemdlabialoleki.waw.pl\/index.php?rest_route=%2Fwp%2Fv2%2Ftags&post=4818"}],"curies":[{"name":"wp","href":"https:\/\/api.w.org\/{rel}","templated":true}]}}