{"id":4813,"date":"2018-04-18T16:54:01","date_gmt":"2018-04-18T15:54:01","guid":{"rendered":"http:\/\/razemdlabialoleki.waw.pl\/?p=4813"},"modified":"2018-04-18T16:54:01","modified_gmt":"2018-04-18T15:54:01","slug":"dzien-ziemi-wspolne-sprzatanie-bialoleki","status":"publish","type":"post","link":"http:\/\/razemdlabialoleki.waw.pl\/?p=4813","title":{"rendered":"Dzie\u0144 Ziemi &#8211; Wsp\u00f3lne sprz\u0105tanie Bia\u0142o\u0142\u0119ki"},"content":{"rendered":"<p style=\"text-align: justify;\">Dzie\u0144 Ziemi obchodzony w dniu 22 kwietnia to dzie\u0144, w kt\u00f3rym pragniemy zaprosi\u0107 Pa\u0144stwa wraz z <a href=\"https:\/\/www.facebook.com\/DzielnicaBialoleka\/\">Dzielnica Bia\u0142o\u0142\u0119ka<\/a> na &#8220;Wsp\u00f3lne sprz\u0105tanie Bia\u0142o\u0142\u0119ki&#8221;. Spotykamy si\u0119 o godz. 10:00 w dw\u00f3ch lokalizacjach.<\/p>\n<p>Pierwsza z nich to ul. <strong>Polnych Kwiat\u00f3w<\/strong> w okolicach sklepu &#8220;Lewiatan&#8221; &#8211; koordynator <a href=\"https:\/\/www.facebook.com\/profile.php?id=100007681097999\">Mariola Olszewska<\/a>.<br \/>\nDruga to ul. <strong>Grzymalit\u00f3w<\/strong> (spotykamy na terenie zielonym vis a vis Auchan przy Odkrytej) &#8211; koordynator <a href=\"https:\/\/www.facebook.com\/izabella.adamczewska.7\">Izabella Adamczewska<\/a>.<\/p>\n<p>Zapewniamy r\u0119kawice i worki na \u015bmieci.<\/p>\n<p>Serdecznie zach\u0119camy do udzia\u0142u w naszej akcji wszystkich s\u0105siad\u00f3w oraz tych, kt\u00f3rym bliska jest kwestia zachowania porz\u0105dku w naszym bezpo\u015brednim s\u0105siedztwie. B\u0119dzie to r\u00f3wnie\u017c doskona\u0142a okazja do sp\u0119dzenia niedzielnego przedpo\u0142udnia na \u015bwie\u017cym powietrzu w gronie znajomych.<\/p>\n<p>Serdecznie zapraszamy &#8211; do zobaczenia. \ud83d\ude42<\/p>\n","protected":false},"excerpt":{"rendered":"<p>Dzie\u0144 Ziemi obchodzony w dniu 22 kwietnia to dzie\u0144, w kt\u00f3rym pragniemy zaprosi\u0107 Pa\u0144stwa wraz z Dzielnica Bia\u0142o\u0142\u0119ka na &#8220;Wsp\u00f3lne sprz\u0105tanie Bia\u0142o\u0142\u0119ki&#8221;. Spotykamy si\u0119 o godz. 10:00 w dw\u00f3ch lokalizacjach. Pierwsza z nich to ul. Polnych Kwiat\u00f3w w okolicach sklepu &#8220;Lewiatan&#8221; &#8211; koordynator Mariola Olszewska. Druga to ul. Grzymalit\u00f3w (spotykamy na terenie zielonym vis a [&hellip;]<\/p>\n","protected":false},"author":2,"featured_media":4814,"comment_status":"closed","ping_status":"closed","sticky":false,"template":"","format":"standard","meta":{"ngg_post_thumbnail":0,"footnotes":""},"categories":[10],"tags":[],"class_list":["post-4813","post","type-post","status-publish","format-standard","has-post-thumbnail","hentry","category-akcja-spoleczna"],"_links":{"self":[{"href":"http:\/\/razemdlabialoleki.waw.pl\/index.php?rest_route=\/wp\/v2\/posts\/4813","targetHints":{"allow":["GET"]}}],"collection":[{"href":"http:\/\/razemdlabialoleki.waw.pl\/index.php?rest_route=\/wp\/v2\/posts"}],"about":[{"href":"http:\/\/razemdlabialoleki.waw.pl\/index.php?rest_route=\/wp\/v2\/types\/post"}],"author":[{"embeddable":true,"href":"http:\/\/razemdlabialoleki.waw.pl\/index.php?rest_route=\/wp\/v2\/users\/2"}],"replies":[{"embeddable":true,"href":"http:\/\/razemdlabialoleki.waw.pl\/index.php?rest_route=%2Fwp%2Fv2%2Fcomments&post=4813"}],"version-history":[{"count":1,"href":"http:\/\/razemdlabialoleki.waw.pl\/index.php?rest_route=\/wp\/v2\/posts\/4813\/revisions"}],"predecessor-version":[{"id":4815,"href":"http:\/\/razemdlabialoleki.waw.pl\/index.php?rest_route=\/wp\/v2\/posts\/4813\/revisions\/4815"}],"wp:featuredmedia":[{"embeddable":true,"href":"http:\/\/razemdlabialoleki.waw.pl\/index.php?rest_route=\/wp\/v2\/media\/4814"}],"wp:attachment":[{"href":"http:\/\/razemdlabialoleki.waw.pl\/index.php?rest_route=%2Fwp%2Fv2%2Fmedia&parent=4813"}],"wp:term":[{"taxonomy":"category","embeddable":true,"href":"http:\/\/razemdlabialoleki.waw.pl\/index.php?rest_route=%2Fwp%2Fv2%2Fcategories&post=4813"},{"taxonomy":"post_tag","embeddable":true,"href":"http:\/\/razemdlabialoleki.waw.pl\/index.php?rest_route=%2Fwp%2Fv2%2Ftags&post=4813"}],"curies":[{"name":"wp","href":"https:\/\/api.w.org\/{rel}","templated":true}]}}