{"id":4808,"date":"2018-04-17T20:38:27","date_gmt":"2018-04-17T19:38:27","guid":{"rendered":"http:\/\/razemdlabialoleki.waw.pl\/?p=4808"},"modified":"2018-04-17T20:48:26","modified_gmt":"2018-04-17T19:48:26","slug":"rozbudowa-sp-110-pakiet-oswiatowy","status":"publish","type":"post","link":"http:\/\/razemdlabialoleki.waw.pl\/?p=4808","title":{"rendered":"Rozbudowa SP 110! &#8211; Pakiet O\u015bwiatowy"},"content":{"rendered":"<p style=\"text-align: justify;\"><strong>Jako Klub Razem dla Bia\u0142o\u0142\u0119ki przedstawiamy mo\u017cliwo\u015bci rozwi\u0105zywania uci\u0105\u017cliwo\u015bci i problem\u00f3w na terenie naszej dzielnicy. Cieszymy si\u0119, \u017ce nasze propozycje spotykaj\u0105 si\u0119 z pozytywnym odbiorem i dla cz\u0119\u015bci obserwujemy ju\u017c realne dzia\u0142ania.<\/strong><\/p>\n<p style=\"text-align: justify;\">Na dzisiejszej sesji Rady Dzielnicy Bia\u0142o\u0142\u0119ka przyj\u0119to projekt zmian w bud\u017cecie dla Dzielnicy Bia\u0142o\u0142\u0119ka, a w nim nowe zadania z zakresu edukacji, w tym: <strong>Rozbudowa Szko\u0142y Podstawowej Nr 110 przy ul. Bohater\u00f3w 41<\/strong>.<\/p>\n<p style=\"text-align: justify;\">Plac\u00f3wka zostanie rozbudowana o dwie sale przedszkolne z zapleczem niezb\u0119dnym do ich funkcjonowania. Urz\u0105d Dzielnicy jest w posiadaniu dokumentacji oraz pozwolenia na budow\u0119.<\/p>\n<p style=\"text-align: justify;\">Dodatkowo wprowadzono zadanie: <strong>Rozbudowa Szko\u0142y Podstawowej Nr 367 przy ul. Przytulnej 3 <\/strong>w ramach, kt\u00f3rego planuje si\u0119 rozbudow\u0119&nbsp; o 4 sale lekcyjne dla dzieci m\u0142odszych, sto\u0142\u00f3wk\u0119 oraz \u015bwietlic\u0119.<br \/>\nKonieczno\u015b\u0107 rozbudowy wynika z reformy o\u015bwiaty i przekszta\u0142cenia budynku gimnazjum na budynek szko\u0142y podstawowej do kt\u00f3rej ucz\u0119szczaj\u0105 dzieci w wieku 7-10 lat. W 2018 r. zostanie wykonana dokumentacja projektowa, za\u015b w 2019 r. zostan\u0105 wykonane prace budowlane.<\/p>\n<p style=\"text-align: justify;\">Za\u0142o\u017cenia <a href=\"http:\/\/razemdlabialoleki.waw.pl\/?p=3367\" target=\"_blank\" rel=\"noopener\">Pakietu O\u015bwiatowego<\/a>&nbsp; Klubu Razem dla Bia\u0142o\u0142\u0119ki i komentarz <a href=\"http:\/\/razemdlabialoleki.waw.pl\/?p=4501\" target=\"_blank\" rel=\"noopener\">radnej Marioli Olszewskiej.<\/a><\/p>\n<p style=\"text-align: justify;\">Ufamy, \u017ce Rada m. st. Warszawy przyzna \u015brodki na realizacj\u0119 ww. zada\u0144 i ju\u017c niebawem rozpoczn\u0105 si\u0119 prace. Jednocze\u015bnie korzystaj\u0105c z okazji dzi\u0119kujemy wszystkim zaanga\u017cowanym w to przedsi\u0119wzi\u0119cie.<\/p>\n","protected":false},"excerpt":{"rendered":"<p>Jako Klub Razem dla Bia\u0142o\u0142\u0119ki przedstawiamy mo\u017cliwo\u015bci rozwi\u0105zywania uci\u0105\u017cliwo\u015bci i problem\u00f3w na terenie naszej dzielnicy. Cieszymy si\u0119, \u017ce nasze propozycje spotykaj\u0105 si\u0119 z pozytywnym odbiorem i dla cz\u0119\u015bci obserwujemy ju\u017c realne dzia\u0142ania. Na dzisiejszej sesji Rady Dzielnicy Bia\u0142o\u0142\u0119ka przyj\u0119to projekt zmian w bud\u017cecie dla Dzielnicy Bia\u0142o\u0142\u0119ka, a w nim nowe zadania z zakresu edukacji, w [&hellip;]<\/p>\n","protected":false},"author":2,"featured_media":4506,"comment_status":"closed","ping_status":"closed","sticky":false,"template":"","format":"standard","meta":{"ngg_post_thumbnail":0,"footnotes":""},"categories":[27,26],"tags":[],"class_list":["post-4808","post","type-post","status-publish","format-standard","has-post-thumbnail","hentry","category-inwestycje","category-klub-radnych"],"_links":{"self":[{"href":"http:\/\/razemdlabialoleki.waw.pl\/index.php?rest_route=\/wp\/v2\/posts\/4808","targetHints":{"allow":["GET"]}}],"collection":[{"href":"http:\/\/razemdlabialoleki.waw.pl\/index.php?rest_route=\/wp\/v2\/posts"}],"about":[{"href":"http:\/\/razemdlabialoleki.waw.pl\/index.php?rest_route=\/wp\/v2\/types\/post"}],"author":[{"embeddable":true,"href":"http:\/\/razemdlabialoleki.waw.pl\/index.php?rest_route=\/wp\/v2\/users\/2"}],"replies":[{"embeddable":true,"href":"http:\/\/razemdlabialoleki.waw.pl\/index.php?rest_route=%2Fwp%2Fv2%2Fcomments&post=4808"}],"version-history":[{"count":3,"href":"http:\/\/razemdlabialoleki.waw.pl\/index.php?rest_route=\/wp\/v2\/posts\/4808\/revisions"}],"predecessor-version":[{"id":4811,"href":"http:\/\/razemdlabialoleki.waw.pl\/index.php?rest_route=\/wp\/v2\/posts\/4808\/revisions\/4811"}],"wp:featuredmedia":[{"embeddable":true,"href":"http:\/\/razemdlabialoleki.waw.pl\/index.php?rest_route=\/wp\/v2\/media\/4506"}],"wp:attachment":[{"href":"http:\/\/razemdlabialoleki.waw.pl\/index.php?rest_route=%2Fwp%2Fv2%2Fmedia&parent=4808"}],"wp:term":[{"taxonomy":"category","embeddable":true,"href":"http:\/\/razemdlabialoleki.waw.pl\/index.php?rest_route=%2Fwp%2Fv2%2Fcategories&post=4808"},{"taxonomy":"post_tag","embeddable":true,"href":"http:\/\/razemdlabialoleki.waw.pl\/index.php?rest_route=%2Fwp%2Fv2%2Ftags&post=4808"}],"curies":[{"name":"wp","href":"https:\/\/api.w.org\/{rel}","templated":true}]}}