{"id":4802,"date":"2018-04-14T09:23:39","date_gmt":"2018-04-14T08:23:39","guid":{"rendered":"http:\/\/razemdlabialoleki.waw.pl\/?p=4802"},"modified":"2018-04-14T09:26:50","modified_gmt":"2018-04-14T08:26:50","slug":"tramwaj-wzdluz-modlinskiej-3","status":"publish","type":"post","link":"http:\/\/razemdlabialoleki.waw.pl\/?p=4802","title":{"rendered":"Tramwaj wzd\u0142u\u017c Modli\u0144skiej"},"content":{"rendered":"<p style=\"text-align: justify;\">Ponad rok temu wraz z mieszka\u0144cami uruchomili\u015bmy <a href=\"http:\/\/razemdlabialoleki.waw.pl\/?p=1471\" target=\"_blank\" rel=\"noopener\">petycj\u0119<\/a> w sprawie uruchomienia Tramwaju wzd\u0142u\u017c Modli\u0144skiej, \u00f3wcze\u015bnie spotkali\u015bmy si\u0119 z wieloma negatywnymi opiniami, kt\u00f3re sukcesywnie <a href=\"http:\/\/razemdlabialoleki.waw.pl\/?p=1914\" target=\"_blank\" rel=\"noopener\">obalali\u015bmy<\/a>.<\/p>\n<p style=\"text-align: justify;\">Dzi\u015b ju\u017c wiemy, \u017ce nasze wsp\u00f3lne dzia\u0142ania maj\u0105 sens. Tramwaje Warszawskie <a href=\"https:\/\/tw.waw.pl\/2018\/04\/13\/nowa-linia-tramwajowa-modlinskiej-zaczynamy\/\" target=\"_blank\" rel=\"noopener\">og\u0142osi\u0142y<\/a>, \u017ce zamawiaj\u0105 szczeg\u00f3\u0142owe badania gruntu obok mostu nad kana\u0142em \u017bera\u0144skim przy ul. Modli\u0144skiej. To jeden z kluczowych punkt\u00f3w zaplanowanej budowy linii tramwajowej, kt\u00f3ra docelowo po\u0142\u0105czy Tarchomin z Prag\u0105 P\u00f3\u0142noc.<\/p>\n<p style=\"text-align: justify;\"><strong>Dzi\u0119kujemy, za Pa\u0144stwa zaufanie, dzi\u0119kujemy, \u017ce mogli\u015bmy wspiera\u0107 ide\u0119 budowy <a href=\"https:\/\/www.facebook.com\/Tramwaj-wzd%C5%82u%C5%BC-Modli%C5%84skiej-1206291086063679\/\" target=\"_blank\" rel=\"noopener\">Tramwaju wzd\u0142u\u017c Modli\u0144skiej<\/a>. Nadal jeste\u015bmy z Pa\u0144stwem i dla Pa\u0144stwa. Nieustannie b\u0119dziemy d\u0105\u017cy\u0107 by ta linia powsta\u0142a jak najszybciej.<\/strong><\/p>\n<p><img loading=\"lazy\" decoding=\"async\" class=\"aligncenter size-large wp-image-4803\" src=\"http:\/\/razemdlabialoleki.waw.pl\/wp-content\/uploads\/2018\/04\/za\u0142doodp1925olszewskawarianty_przebiegu_trasy-1-1024x468.jpg\" alt=\"\" width=\"640\" height=\"293\" srcset=\"http:\/\/razemdlabialoleki.waw.pl\/wp-content\/uploads\/2018\/04\/za\u0142doodp1925olszewskawarianty_przebiegu_trasy-1-1024x468.jpg 1024w, http:\/\/razemdlabialoleki.waw.pl\/wp-content\/uploads\/2018\/04\/za\u0142doodp1925olszewskawarianty_przebiegu_trasy-1-300x137.jpg 300w, http:\/\/razemdlabialoleki.waw.pl\/wp-content\/uploads\/2018\/04\/za\u0142doodp1925olszewskawarianty_przebiegu_trasy-1-768x351.jpg 768w, http:\/\/razemdlabialoleki.waw.pl\/wp-content\/uploads\/2018\/04\/za\u0142doodp1925olszewskawarianty_przebiegu_trasy-1-110x50.jpg 110w, http:\/\/razemdlabialoleki.waw.pl\/wp-content\/uploads\/2018\/04\/za\u0142doodp1925olszewskawarianty_przebiegu_trasy-1-420x192.jpg 420w, http:\/\/razemdlabialoleki.waw.pl\/wp-content\/uploads\/2018\/04\/za\u0142doodp1925olszewskawarianty_przebiegu_trasy-1-770x352.jpg 770w\" sizes=\"auto, (max-width: 640px) 100vw, 640px\" \/><\/p>\n","protected":false},"excerpt":{"rendered":"<p>Ponad rok temu wraz z mieszka\u0144cami uruchomili\u015bmy petycj\u0119 w sprawie uruchomienia Tramwaju wzd\u0142u\u017c Modli\u0144skiej, \u00f3wcze\u015bnie spotkali\u015bmy si\u0119 z wieloma negatywnymi opiniami, kt\u00f3re sukcesywnie obalali\u015bmy. Dzi\u015b ju\u017c wiemy, \u017ce nasze wsp\u00f3lne dzia\u0142ania maj\u0105 sens. Tramwaje Warszawskie og\u0142osi\u0142y, \u017ce zamawiaj\u0105 szczeg\u00f3\u0142owe badania gruntu obok mostu nad kana\u0142em \u017bera\u0144skim przy ul. Modli\u0144skiej. To jeden z kluczowych punkt\u00f3w zaplanowanej [&hellip;]<\/p>\n","protected":false},"author":2,"featured_media":2346,"comment_status":"closed","ping_status":"closed","sticky":false,"template":"","format":"standard","meta":{"ngg_post_thumbnail":0,"footnotes":""},"categories":[27,26,30],"tags":[],"class_list":["post-4802","post","type-post","status-publish","format-standard","has-post-thumbnail","hentry","category-inwestycje","category-klub-radnych","category-komunikacja"],"_links":{"self":[{"href":"http:\/\/razemdlabialoleki.waw.pl\/index.php?rest_route=\/wp\/v2\/posts\/4802","targetHints":{"allow":["GET"]}}],"collection":[{"href":"http:\/\/razemdlabialoleki.waw.pl\/index.php?rest_route=\/wp\/v2\/posts"}],"about":[{"href":"http:\/\/razemdlabialoleki.waw.pl\/index.php?rest_route=\/wp\/v2\/types\/post"}],"author":[{"embeddable":true,"href":"http:\/\/razemdlabialoleki.waw.pl\/index.php?rest_route=\/wp\/v2\/users\/2"}],"replies":[{"embeddable":true,"href":"http:\/\/razemdlabialoleki.waw.pl\/index.php?rest_route=%2Fwp%2Fv2%2Fcomments&post=4802"}],"version-history":[{"count":4,"href":"http:\/\/razemdlabialoleki.waw.pl\/index.php?rest_route=\/wp\/v2\/posts\/4802\/revisions"}],"predecessor-version":[{"id":4807,"href":"http:\/\/razemdlabialoleki.waw.pl\/index.php?rest_route=\/wp\/v2\/posts\/4802\/revisions\/4807"}],"wp:featuredmedia":[{"embeddable":true,"href":"http:\/\/razemdlabialoleki.waw.pl\/index.php?rest_route=\/wp\/v2\/media\/2346"}],"wp:attachment":[{"href":"http:\/\/razemdlabialoleki.waw.pl\/index.php?rest_route=%2Fwp%2Fv2%2Fmedia&parent=4802"}],"wp:term":[{"taxonomy":"category","embeddable":true,"href":"http:\/\/razemdlabialoleki.waw.pl\/index.php?rest_route=%2Fwp%2Fv2%2Fcategories&post=4802"},{"taxonomy":"post_tag","embeddable":true,"href":"http:\/\/razemdlabialoleki.waw.pl\/index.php?rest_route=%2Fwp%2Fv2%2Ftags&post=4802"}],"curies":[{"name":"wp","href":"https:\/\/api.w.org\/{rel}","templated":true}]}}