{"id":4796,"date":"2018-04-13T21:34:33","date_gmt":"2018-04-13T20:34:33","guid":{"rendered":"http:\/\/razemdlabialoleki.waw.pl\/?p=4796"},"modified":"2018-04-27T17:56:24","modified_gmt":"2018-04-27T16:56:24","slug":"pakiet-drogowy-2","status":"publish","type":"post","link":"http:\/\/razemdlabialoleki.waw.pl\/?p=4796","title":{"rendered":"Pakiet Drogowy"},"content":{"rendered":"<p><strong>Na terenie Dzielnicy Bia\u0142o\u0142\u0119ka tym roku utwardzone zostan\u0105:<\/strong><\/p>\n<p><span class=\"_5mfr _47e3\"><img loading=\"lazy\" decoding=\"async\" class=\"img\" role=\"presentation\" src=\"https:\/\/static.xx.fbcdn.net\/images\/emoji.php\/v9\/f25\/1.5\/16\/27a1.png\" alt=\"\" width=\"16\" height=\"16\"><\/span>Pas\u0142\u0119cka odc. Topolowa \u2013 Oczary (180 m)<span class=\"_5mfr _47e3\">;<br \/>\n<img loading=\"lazy\" decoding=\"async\" class=\"img\" role=\"presentation\" src=\"https:\/\/static.xx.fbcdn.net\/images\/emoji.php\/v9\/f25\/1.5\/16\/27a1.png\" alt=\"\" width=\"16\" height=\"16\"><\/span>Wyganowska odc. Raciborska \u2013 Lidzbarska (450 m);<br \/>\n<span class=\"_5mfr _47e3\"><img loading=\"lazy\" decoding=\"async\" class=\"img\" role=\"presentation\" src=\"https:\/\/static.xx.fbcdn.net\/images\/emoji.php\/v9\/f25\/1.5\/16\/27a1.png\" alt=\"\" width=\"16\" height=\"16\"><\/span>Bocza\u0144ska (450 m);<br \/>\n<span class=\"_5mfr _47e3\"><img loading=\"lazy\" decoding=\"async\" class=\"img\" role=\"presentation\" src=\"https:\/\/static.xx.fbcdn.net\/images\/emoji.php\/v9\/f25\/1.5\/16\/27a1.png\" alt=\"\" width=\"16\" height=\"16\"><\/span>Geograficzna odc. droga serwisowa Modli\u0144skiej \u2013 Czarodzieja (100 m);<br \/>\n<span class=\"_5mfr _47e3\"><img loading=\"lazy\" decoding=\"async\" class=\"img\" role=\"presentation\" src=\"https:\/\/static.xx.fbcdn.net\/images\/emoji.php\/v9\/f25\/1.5\/16\/27a1.png\" alt=\"\" width=\"16\" height=\"16\"><\/span>Widna odc. Na Prze\u0142aj \u2013 Wyganowska (300 m);<br \/>\n<span class=\"_5mfr _47e3\"><img loading=\"lazy\" decoding=\"async\" class=\"img\" role=\"presentation\" src=\"https:\/\/static.xx.fbcdn.net\/images\/emoji.php\/v9\/f25\/1.5\/16\/27a1.png\" alt=\"\" width=\"16\" height=\"16\"><\/span>Wojdy\u0144ska odc. Olesin \u2013 Stumilowy Las (350m);<br \/>\n<span class=\"_5mfr _47e3\"><img loading=\"lazy\" decoding=\"async\" class=\"img\" role=\"presentation\" src=\"https:\/\/static.xx.fbcdn.net\/images\/emoji.php\/v9\/f25\/1.5\/16\/27a1.png\" alt=\"\" width=\"16\" height=\"16\">C<\/span>hlubna na odcinku Zawi\u015bla\u0144ska w kierunku zachodnim ( 350 m) jest na li\u015bcie rezerwowej.<\/p>\n<p><strong>Utwardzone zostan\u0105 r\u00f3wnie\u017c:<\/strong><\/p>\n<p><span class=\"_5mfr _47e3\"><img loading=\"lazy\" decoding=\"async\" class=\"img\" role=\"presentation\" src=\"https:\/\/static.xx.fbcdn.net\/images\/emoji.php\/v9\/f25\/1.5\/16\/27a1.png\" alt=\"\" width=\"16\" height=\"16\"><\/span>Szamotulska;<br \/>\n<span class=\"_5mfr _47e3\"><img loading=\"lazy\" decoding=\"async\" class=\"img\" role=\"presentation\" src=\"https:\/\/static.xx.fbcdn.net\/images\/emoji.php\/v9\/f25\/1.5\/16\/27a1.png\" alt=\"\" width=\"16\" height=\"16\"><\/span>Raciborska (od ul. Przytulnej do ul. Na Prze\u0142aj);<br \/>\n<span class=\"_5mfr _47e3\"><img loading=\"lazy\" decoding=\"async\" class=\"img\" role=\"presentation\" src=\"https:\/\/static.xx.fbcdn.net\/images\/emoji.php\/v9\/f25\/1.5\/16\/27a1.png\" alt=\"\" width=\"16\" height=\"16\"><\/span>Jarz\u0119binowa (brakuj\u0105cy fragment);<br \/>\n<span class=\"_5mfr _47e3\"><img loading=\"lazy\" decoding=\"async\" class=\"img\" role=\"presentation\" src=\"https:\/\/static.xx.fbcdn.net\/images\/emoji.php\/v9\/f25\/1.5\/16\/27a1.png\" alt=\"\" width=\"16\" height=\"16\"><\/span>Ornecka (ok 500 m odcinek od ul. Szamocin na p\u00f3\u0142noc);<br \/>\n<span class=\"_5mfr _47e3\"><img loading=\"lazy\" decoding=\"async\" class=\"img\" role=\"presentation\" src=\"https:\/\/static.xx.fbcdn.net\/images\/emoji.php\/v9\/f25\/1.5\/16\/27a1.png\" alt=\"\" width=\"16\" height=\"16\"><\/span>Platanowa;<br \/>\n<span class=\"_5mfr _47e3\"><img loading=\"lazy\" decoding=\"async\" class=\"img\" role=\"presentation\" src=\"https:\/\/static.xx.fbcdn.net\/images\/emoji.php\/v9\/f25\/1.5\/16\/27a1.png\" alt=\"\" width=\"16\" height=\"16\"><\/span>Inow\u0142odzka (od ul. Marywilskiej w kierunku ul. Annopol).<\/p>\n<p style=\"text-align: justify;\"><strong>Szczeg\u00f3\u0142owe informacje na temat pozosta\u0142ych zg\u0142oszonych ulic znajd\u0105 Pa\u0144stwo w za\u0142\u0105czonym dokumencie.<\/strong><\/p>\n<p>Serdecznie dzi\u0119kujemy za Pa\u0144stwa zaanga\u017cowanie, za po\u015bwi\u0119cony czas na spotkaniach i cenne uwagi.<br \/>\nJednocze\u015bnie zach\u0119camy do dalszego kontaktu z nami. Razem zadbajmy o Bia\u0142o\u0142\u0119k\u0119.<\/p>\n<p>Szczeg\u00f3\u0142y i dokumenty projektu Pakiet Drogowy:<br \/>\n&#8211; <a href=\"http:\/\/razemdlabialoleki.waw.pl\/?p=4549\" target=\"_blank\" rel=\"noopener\">spotkanie z Mieszka\u0144cami<\/a><br \/>\n&#8211; <a href=\"http:\/\/razemdlabialoleki.waw.pl\/?p=4575\" target=\"_blank\" rel=\"noopener\">Pakiet Drogowy<\/a><br \/>\n&#8211; <a href=\"http:\/\/razemdlabialoleki.waw.pl\/?p=4676\" target=\"_blank\" rel=\"noopener\">posiedzenie Komisji Infrastruktury i Inwestycji Rady m.st. Warszawy <\/a><br \/>\n&#8211; <a href=\"http:\/\/razemdlabialoleki.waw.pl\/?p=4719\" target=\"_blank\" rel=\"noopener\">Zarz\u0105d Miejskich Inwestycji Drogowych<\/a><\/p>\n<p><img loading=\"lazy\" decoding=\"async\" class=\"aligncenter size-large wp-image-4797\" src=\"http:\/\/razemdlabialoleki.waw.pl\/wp-content\/uploads\/2018\/04\/MX-2314N_20180411_165135-1-724x1024.jpg\" alt=\"\" width=\"640\" height=\"905\" srcset=\"http:\/\/razemdlabialoleki.waw.pl\/wp-content\/uploads\/2018\/04\/MX-2314N_20180411_165135-1-724x1024.jpg 724w, http:\/\/razemdlabialoleki.waw.pl\/wp-content\/uploads\/2018\/04\/MX-2314N_20180411_165135-1-212x300.jpg 212w, http:\/\/razemdlabialoleki.waw.pl\/wp-content\/uploads\/2018\/04\/MX-2314N_20180411_165135-1-768x1086.jpg 768w, http:\/\/razemdlabialoleki.waw.pl\/wp-content\/uploads\/2018\/04\/MX-2314N_20180411_165135-1-78x110.jpg 78w, http:\/\/razemdlabialoleki.waw.pl\/wp-content\/uploads\/2018\/04\/MX-2314N_20180411_165135-1-297x420.jpg 297w, http:\/\/razemdlabialoleki.waw.pl\/wp-content\/uploads\/2018\/04\/MX-2314N_20180411_165135-1-304x430.jpg 304w, http:\/\/razemdlabialoleki.waw.pl\/wp-content\/uploads\/2018\/04\/MX-2314N_20180411_165135-1.jpg 1653w\" sizes=\"auto, (max-width: 640px) 100vw, 640px\" \/> <img loading=\"lazy\" decoding=\"async\" class=\"aligncenter size-large wp-image-4798\" src=\"http:\/\/razemdlabialoleki.waw.pl\/wp-content\/uploads\/2018\/04\/MX-2314N_20180411_165135-2-724x1024.jpg\" alt=\"\" width=\"640\" height=\"905\" srcset=\"http:\/\/razemdlabialoleki.waw.pl\/wp-content\/uploads\/2018\/04\/MX-2314N_20180411_165135-2-724x1024.jpg 724w, http:\/\/razemdlabialoleki.waw.pl\/wp-content\/uploads\/2018\/04\/MX-2314N_20180411_165135-2-212x300.jpg 212w, http:\/\/razemdlabialoleki.waw.pl\/wp-content\/uploads\/2018\/04\/MX-2314N_20180411_165135-2-768x1086.jpg 768w, http:\/\/razemdlabialoleki.waw.pl\/wp-content\/uploads\/2018\/04\/MX-2314N_20180411_165135-2-78x110.jpg 78w, http:\/\/razemdlabialoleki.waw.pl\/wp-content\/uploads\/2018\/04\/MX-2314N_20180411_165135-2-297x420.jpg 297w, http:\/\/razemdlabialoleki.waw.pl\/wp-content\/uploads\/2018\/04\/MX-2314N_20180411_165135-2-304x430.jpg 304w, http:\/\/razemdlabialoleki.waw.pl\/wp-content\/uploads\/2018\/04\/MX-2314N_20180411_165135-2.jpg 1653w\" sizes=\"auto, (max-width: 640px) 100vw, 640px\" \/> <img loading=\"lazy\" decoding=\"async\" class=\"aligncenter size-large wp-image-4799\" src=\"http:\/\/razemdlabialoleki.waw.pl\/wp-content\/uploads\/2018\/04\/MX-2314N_20180411_165135-3-724x1024.jpg\" alt=\"\" width=\"640\" height=\"905\" srcset=\"http:\/\/razemdlabialoleki.waw.pl\/wp-content\/uploads\/2018\/04\/MX-2314N_20180411_165135-3-724x1024.jpg 724w, http:\/\/razemdlabialoleki.waw.pl\/wp-content\/uploads\/2018\/04\/MX-2314N_20180411_165135-3-212x300.jpg 212w, http:\/\/razemdlabialoleki.waw.pl\/wp-content\/uploads\/2018\/04\/MX-2314N_20180411_165135-3-768x1086.jpg 768w, http:\/\/razemdlabialoleki.waw.pl\/wp-content\/uploads\/2018\/04\/MX-2314N_20180411_165135-3-78x110.jpg 78w, http:\/\/razemdlabialoleki.waw.pl\/wp-content\/uploads\/2018\/04\/MX-2314N_20180411_165135-3-297x420.jpg 297w, http:\/\/razemdlabialoleki.waw.pl\/wp-content\/uploads\/2018\/04\/MX-2314N_20180411_165135-3-304x430.jpg 304w, http:\/\/razemdlabialoleki.waw.pl\/wp-content\/uploads\/2018\/04\/MX-2314N_20180411_165135-3.jpg 1653w\" sizes=\"auto, (max-width: 640px) 100vw, 640px\" \/><\/p>\n","protected":false},"excerpt":{"rendered":"<p>Na terenie Dzielnicy Bia\u0142o\u0142\u0119ka tym roku utwardzone zostan\u0105: Pas\u0142\u0119cka odc. Topolowa \u2013 Oczary (180 m); Wyganowska odc. Raciborska \u2013 Lidzbarska (450 m); Bocza\u0144ska (450 m); Geograficzna odc. droga serwisowa Modli\u0144skiej \u2013 Czarodzieja (100 m); Widna odc. Na Prze\u0142aj \u2013 Wyganowska (300 m); Wojdy\u0144ska odc. Olesin \u2013 Stumilowy Las (350m); Chlubna na odcinku Zawi\u015bla\u0144ska w kierunku [&hellip;]<\/p>\n","protected":false},"author":2,"featured_media":4578,"comment_status":"closed","ping_status":"closed","sticky":false,"template":"","format":"standard","meta":{"ngg_post_thumbnail":0,"footnotes":""},"categories":[27,26,25],"tags":[],"class_list":["post-4796","post","type-post","status-publish","format-standard","has-post-thumbnail","hentry","category-inwestycje","category-klub-radnych","category-samorzad"],"_links":{"self":[{"href":"http:\/\/razemdlabialoleki.waw.pl\/index.php?rest_route=\/wp\/v2\/posts\/4796","targetHints":{"allow":["GET"]}}],"collection":[{"href":"http:\/\/razemdlabialoleki.waw.pl\/index.php?rest_route=\/wp\/v2\/posts"}],"about":[{"href":"http:\/\/razemdlabialoleki.waw.pl\/index.php?rest_route=\/wp\/v2\/types\/post"}],"author":[{"embeddable":true,"href":"http:\/\/razemdlabialoleki.waw.pl\/index.php?rest_route=\/wp\/v2\/users\/2"}],"replies":[{"embeddable":true,"href":"http:\/\/razemdlabialoleki.waw.pl\/index.php?rest_route=%2Fwp%2Fv2%2Fcomments&post=4796"}],"version-history":[{"count":4,"href":"http:\/\/razemdlabialoleki.waw.pl\/index.php?rest_route=\/wp\/v2\/posts\/4796\/revisions"}],"predecessor-version":[{"id":5009,"href":"http:\/\/razemdlabialoleki.waw.pl\/index.php?rest_route=\/wp\/v2\/posts\/4796\/revisions\/5009"}],"wp:featuredmedia":[{"embeddable":true,"href":"http:\/\/razemdlabialoleki.waw.pl\/index.php?rest_route=\/wp\/v2\/media\/4578"}],"wp:attachment":[{"href":"http:\/\/razemdlabialoleki.waw.pl\/index.php?rest_route=%2Fwp%2Fv2%2Fmedia&parent=4796"}],"wp:term":[{"taxonomy":"category","embeddable":true,"href":"http:\/\/razemdlabialoleki.waw.pl\/index.php?rest_route=%2Fwp%2Fv2%2Fcategories&post=4796"},{"taxonomy":"post_tag","embeddable":true,"href":"http:\/\/razemdlabialoleki.waw.pl\/index.php?rest_route=%2Fwp%2Fv2%2Ftags&post=4796"}],"curies":[{"name":"wp","href":"https:\/\/api.w.org\/{rel}","templated":true}]}}