{"id":4783,"date":"2018-04-11T20:04:09","date_gmt":"2018-04-11T19:04:09","guid":{"rendered":"http:\/\/razemdlabialoleki.waw.pl\/?p=4783"},"modified":"2018-04-12T08:10:06","modified_gmt":"2018-04-12T07:10:06","slug":"metro-dla-bialoleki-2","status":"publish","type":"post","link":"http:\/\/razemdlabialoleki.waw.pl\/?p=4783","title":{"rendered":"Metro dla Bia\u0142o\u0142\u0119ki?"},"content":{"rendered":"<p style=\"text-align: justify;\"><strong>Moje Metro jest bardziej mojsze czyli kabaretu kosztem mieszka\u0144c\u00f3w ci\u0105g dalszy.<\/strong><\/p>\n<p style=\"text-align: justify;\">Metro na Bia\u0142o\u0142\u0119k\u0119 to jak dobrze wiemy temat rzeka, kt\u00f3ra okresowo wylewa. Najcz\u0119\u015bciej co 4 lata &#8211; dziwna zbie\u017cno\u015b\u0107 z terminem kolejnych wybor\u00f3w. Przypadek. Zapewne <span class=\"_47e3 _5mfr\" title=\"Emotikon wink\">\ud83d\ude09<br \/>\n<\/span><br \/>\nMieli\u015bmy wi\u0119c obietnice Pani Prezydent Hanny Gronkiewicz-Waltz, mieli\u015bmy spo\u0142eczn\u0105 akcj\u0119 zbi\u00f3rki podpis\u00f3w ws budowy metra na Zielon\u0105 Bia\u0142o\u0142\u0119k\u0119, by\u0142a te\u017c ostatnio odgrzana na cokolwiek starym t\u0142uszczu (po wcze\u015bniejszej propozycji Pani HGW) propozycja budowy metra na N<span class=\"text_exposed_show\">owodwory lansowana przez pewne lokalne ugrupowanie.<\/span><\/p>\n<p>Ostatnio temperatura nieco wzros\u0142a &#8211; wiosna idzie &#8211; bo wniosek o sesj\u0119 ws budowy metra na Bia\u0142o\u0142\u0119k\u0119 z\u0142o\u017cy\u0142 klub PiS. Sesja si\u0119 nie odby\u0142a bo nowo wybrany Przewodnicz\u0105cy Rady Dzielnicy radny Tyburc stwierdzi\u0142 na kilka dni przed terminem sesji kilka brak\u00f3w co wg niego zmusi\u0142o go do odwo\u0142ania sesji. Reakcja PiS &#8211; \u0142atwa do przewidzenia.<\/p>\n<p>Teraz jak si\u0119 okaza\u0142o w pi\u0105tek 13.04 &#8211; czy\u017cby pr\u00f3ba prze\u0142amania fatum nad Metrem lub te\u017c walki z zabobonami &#8211; odb\u0119dzie si\u0119 zwo\u0142ana przez radnego Tyburca na wniosek grupy radnych PO (w tym oczywi\u015bcie, a jak\u017ce m.in. radnego Tyburca) sesja ws &#8230;<\/p>\n<div class=\"text_exposed_show\">\n<p style=\"text-align: justify;\">&#8230; tak zgadli\u015bcie Pa\u0144stwo. B\u0119dzie to <a href=\"https:\/\/bip.warszawa.pl\/NR\/exeres\/D5CBF67D-ED5E-4C47-8212-F21CFA59D9B0,frameless.htm\" target=\"_blank\" rel=\"noopener\">sesja<\/a> ws budowy metra na Bia\u0142o\u0142\u0119k\u0119.<\/p>\n<p style=\"text-align: justify;\"><strong>Ciekawe tylko kiedy ta swoista szopka zmieni si\u0119 w realne dzia\u0142ania, a nie udowadnianie, \u017ce moje jest bardziej mojsze.<\/strong><br \/>\n<strong>Mieszka\u0144cy czekaj\u0105. Mo\u017ce zatem lepiej po\u0142\u0105czy\u0107 si\u0142y i doprowadzi\u0107 do jak najszybszej budowy linii tramwajowej na Zielon\u0105 Bia\u0142o\u0142\u0119k\u0119 i tramwaju wzd\u0142u\u017c ulicy Modli\u0144skiej, doko\u0144czy\u0107 budow\u0119 tramwaju na Winnic\u0119. To&nbsp;&nbsp;inwestycje, kt\u00f3re ju\u017c za kilka lat mog\u0105 realnie poprawi\u0107 sytuacj\u0119 mieszka\u0144c\u00f3w Bia\u0142o\u0142\u0119ki, a co najwa\u017cniejsze s\u0105 du\u017co \u0142atwiejsze zar\u00f3wno do realizacji jak i sfinansowania. <\/strong><\/p>\n<p style=\"text-align: justify;\"><strong>Czas obietnic ju\u017c dawno min\u0105\u0142 &#8211; nadszed\u0142 czas na dzia\u0142anie.<\/strong><\/p>\n<p>Jan Mackiewicz<br \/>\nPrezes Stowarzyszenia Razem dla Bia\u0142o\u0142\u0119ki<\/p>\n<\/div>\n<p>Fot. Metro Warszawa<\/p>\n","protected":false},"excerpt":{"rendered":"<p>Moje Metro jest bardziej mojsze czyli kabaretu kosztem mieszka\u0144c\u00f3w ci\u0105g dalszy. Metro na Bia\u0142o\u0142\u0119k\u0119 to jak dobrze wiemy temat rzeka, kt\u00f3ra okresowo wylewa. Najcz\u0119\u015bciej co 4 lata &#8211; dziwna zbie\u017cno\u015b\u0107 z terminem kolejnych wybor\u00f3w. Przypadek. Zapewne \ud83d\ude09 Mieli\u015bmy wi\u0119c obietnice Pani Prezydent Hanny Gronkiewicz-Waltz, mieli\u015bmy spo\u0142eczn\u0105 akcj\u0119 zbi\u00f3rki podpis\u00f3w ws budowy metra na Zielon\u0105 Bia\u0142o\u0142\u0119k\u0119, [&hellip;]<\/p>\n","protected":false},"author":2,"featured_media":4784,"comment_status":"closed","ping_status":"closed","sticky":false,"template":"","format":"standard","meta":{"ngg_post_thumbnail":0,"footnotes":""},"categories":[10,27,26,30,25],"tags":[],"class_list":["post-4783","post","type-post","status-publish","format-standard","has-post-thumbnail","hentry","category-akcja-spoleczna","category-inwestycje","category-klub-radnych","category-komunikacja","category-samorzad"],"_links":{"self":[{"href":"http:\/\/razemdlabialoleki.waw.pl\/index.php?rest_route=\/wp\/v2\/posts\/4783","targetHints":{"allow":["GET"]}}],"collection":[{"href":"http:\/\/razemdlabialoleki.waw.pl\/index.php?rest_route=\/wp\/v2\/posts"}],"about":[{"href":"http:\/\/razemdlabialoleki.waw.pl\/index.php?rest_route=\/wp\/v2\/types\/post"}],"author":[{"embeddable":true,"href":"http:\/\/razemdlabialoleki.waw.pl\/index.php?rest_route=\/wp\/v2\/users\/2"}],"replies":[{"embeddable":true,"href":"http:\/\/razemdlabialoleki.waw.pl\/index.php?rest_route=%2Fwp%2Fv2%2Fcomments&post=4783"}],"version-history":[{"count":7,"href":"http:\/\/razemdlabialoleki.waw.pl\/index.php?rest_route=\/wp\/v2\/posts\/4783\/revisions"}],"predecessor-version":[{"id":4792,"href":"http:\/\/razemdlabialoleki.waw.pl\/index.php?rest_route=\/wp\/v2\/posts\/4783\/revisions\/4792"}],"wp:featuredmedia":[{"embeddable":true,"href":"http:\/\/razemdlabialoleki.waw.pl\/index.php?rest_route=\/wp\/v2\/media\/4784"}],"wp:attachment":[{"href":"http:\/\/razemdlabialoleki.waw.pl\/index.php?rest_route=%2Fwp%2Fv2%2Fmedia&parent=4783"}],"wp:term":[{"taxonomy":"category","embeddable":true,"href":"http:\/\/razemdlabialoleki.waw.pl\/index.php?rest_route=%2Fwp%2Fv2%2Fcategories&post=4783"},{"taxonomy":"post_tag","embeddable":true,"href":"http:\/\/razemdlabialoleki.waw.pl\/index.php?rest_route=%2Fwp%2Fv2%2Ftags&post=4783"}],"curies":[{"name":"wp","href":"https:\/\/api.w.org\/{rel}","templated":true}]}}