{"id":4563,"date":"2018-02-16T22:12:15","date_gmt":"2018-02-16T21:12:15","guid":{"rendered":"http:\/\/razemdlabialoleki.waw.pl\/?p=4563"},"modified":"2018-02-17T11:03:48","modified_gmt":"2018-02-17T10:03:48","slug":"sieczna-2","status":"publish","type":"post","link":"http:\/\/razemdlabialoleki.waw.pl\/?p=4563","title":{"rendered":"Sieczna"},"content":{"rendered":"<p style=\"text-align: justify;\"><strong>Inwestycja dzielnicowa \u2013 <a href=\"http:\/\/warszawa.wyborcza.pl\/warszawa\/1,34862,20126516,bialoleka-budowa-waznej-ulicy-odlozona-bo-tak-chcial-koalicjant.html\" target=\"_blank\" rel=\"noopener\">Sieczna<\/a> &#8211; nie przestaje zaskakiwa\u0107. Pi\u0119trz\u0105cych si\u0119 problem\u00f3w i przeciwno\u015bci losu nie ma ko\u0144ca. Najnowsze decyzje Zarz\u0105du Dzielnicy pozbawiaj\u0105 z\u0142udze\u0144, a mieszka\u0144cy nie kryj\u0105 rozgoryczenia. Sieczna mia\u0142a by\u0107 gotowa w tym roku, jak si\u0119 okazuje, b\u0119dzie za ok. dwa lata i to tylko we fragmencie.<\/strong><\/p>\n<p><strong> Zarz\u0105d Dzielnicy Bia\u0142o\u0142\u0119ka w projekcie Wieloletniej Prognozy Finansowej proponuje zmniejszenia \u015brodk\u00f3w finansowych na budow\u0119 Siecznej. Obecny w\u0142a\u015bciciel grunt\u00f3w nie przeka\u017ce ich za cen\u0119 symboliczn\u0105, wi\u0119c dzielnica postanawia zbudowa\u0107 ulic\u0119 (400 m) tylko do osiedla Lewand\u00f3w Park I. Pozosta\u0142e 500 m pozostaje bez zabezpieczonych \u015brodk\u00f3w finansowych. Oznacza to, ze Lewand\u00f3w na d\u0142ugie lata jest pozbawiony szans na popraw\u0119 komunikacji.<\/strong><\/p>\n<p><strong> Przed dekad\u0119 Urz\u0105d Dzielnicy zapewni\u0142 na obszarze tylko ul. Kartograficzn\u0105, kt\u00f3ra zosta\u0142a zbudowana w 2016 r. i fragment Geometrycznej w 2017.<\/strong><\/p>\n<p><strong>Z jakiego powodu Zarz\u0105d Dzielnicy ogranicza \u015brodki? Dlaczego nie prowadzi dalszych negocjacji z deweloperem? Pozyskanie \u015brodk\u00f3w na budowy ul. Siecznej w ca\u0142o\u015bci nie jest mo\u017cliwe?<\/strong><\/p>\n<h6><img loading=\"lazy\" decoding=\"async\" class=\"aligncenter size-large wp-image-4565\" src=\"http:\/\/razemdlabialoleki.waw.pl\/wp-content\/uploads\/2018\/02\/27993352_1540110529420705_774648985002236420_o-1024x377.jpg\" alt=\"\" width=\"640\" height=\"236\" srcset=\"http:\/\/razemdlabialoleki.waw.pl\/wp-content\/uploads\/2018\/02\/27993352_1540110529420705_774648985002236420_o-1024x377.jpg 1024w, http:\/\/razemdlabialoleki.waw.pl\/wp-content\/uploads\/2018\/02\/27993352_1540110529420705_774648985002236420_o-300x110.jpg 300w, http:\/\/razemdlabialoleki.waw.pl\/wp-content\/uploads\/2018\/02\/27993352_1540110529420705_774648985002236420_o-768x283.jpg 768w, http:\/\/razemdlabialoleki.waw.pl\/wp-content\/uploads\/2018\/02\/27993352_1540110529420705_774648985002236420_o-110x40.jpg 110w, http:\/\/razemdlabialoleki.waw.pl\/wp-content\/uploads\/2018\/02\/27993352_1540110529420705_774648985002236420_o-420x155.jpg 420w, http:\/\/razemdlabialoleki.waw.pl\/wp-content\/uploads\/2018\/02\/27993352_1540110529420705_774648985002236420_o-770x283.jpg 770w, http:\/\/razemdlabialoleki.waw.pl\/wp-content\/uploads\/2018\/02\/27993352_1540110529420705_774648985002236420_o.jpg 1130w\" sizes=\"auto, (max-width: 640px) 100vw, 640px\" \/><br \/>\nGrafika: <a href=\"https:\/\/www.facebook.com\/bialolekajestjedna\/\" target=\"_blank\" rel=\"noopener\">Bia\u0142o\u0142\u0119ka jest jedna<\/a><\/h6>\n<p style=\"text-align: justify;\"><strong>Historia stara\u0144 o Sieczn\u0105:<\/strong><br \/>\nZacz\u0119\u0142o si\u0119 od petycji w sprawie budowy ul. Siecznej. G\u0142os mieszka\u0144c\u00f3w Lewandowa przy wsparciu radnej Marioli Olszewskiej i radnego Piotra Gozdka zyska\u0142 odzwierciedlenie w stanowisku Rady Dzielnicy Bia\u0142o\u0142\u0119ka. Nast\u0119pnie w listopadzie 2015 r. na \u0142amach dzielnicowej publikacji &#8220;Czas Bia\u0142o\u0142\u0119ki&#8221;&nbsp;zostaje opublikowany wykaz planowanych inwestycji. Mimo \u017ce formalnie nie utworzono tytu\u0142u inwestycyjnego, pojawia si\u0119 informacja o budowie ul. Siecznej w latach 2016-2018 za kwot\u0119 8.552.909 PLN. Po sesji Rady Miasta w bud\u017cecie i Wieloletniej Prognozie Finansowej pojawia si\u0119 zadania inwestycyjne: \u201eBudowa ul. Siecznej\u201d. Rado\u015b\u0107 mieszka\u0144c\u00f3w niestety nie trwa\u0142a d\u0142ugo.<\/p>\n<p>12 maja 2016 na XXI sesji Rady Dzielnicy zostaje przedstawiony projekt zmian bud\u017cetu i Wieloletniej Prognozy Finansowej, gdzie pojawiaj\u0105 si\u0119 nowe tytu\u0142y inwestycyjne. W\u015br\u00f3d nich mi\u0119dzy innymi: budowa ul. Brzezi\u0144skiej (2016-2018) za kwot\u0119 1.730.000 PLN, budowa ul. Wadowickiej (2016-2018) za 2.550.000 oraz budowa ul. Zyndrama z Maszkowic (2016-2018) za kwot\u0119 2.250.000 PLN.<\/p>\n<p style=\"text-align: justify;\">Jednocze\u015bnie przesuwa si\u0119 <a href=\"https:\/\/ibialoleka.pl\/artykul\/priorytet-sieczna--czemu-opozniona\/51457\" target=\"_blank\" rel=\"noopener\">PRIORYTETOW\u0104<\/a> inwestycj\u0119 \u2013 budow\u0119 ul. Siecznej na rok 2020. Dzi\u015b wiemy, \u017ce dzi\u0119ki ogromnemu zaanga\u017cowaniu mieszka\u0144c\u00f3w Lewandowa i wsparciu kilkorga radnych: Marioli Olszewskiej z ca\u0142ym klubem RdB i Piotra Gozdka, Rada i Zarz\u0105d Dzielnicy wycofali si\u0119 z tego pomys\u0142u. W czerwcu 2016 r. ul. Sieczna zosta\u0142 przywr\u00f3cona do pierwotnych za\u0142o\u017ce\u0144 tj. zosta\u0142a wpisana do Wieloletniej Prognozy Finansowej z dat\u0105 realizacji 2018 r., a pozosta\u0142e ulice zosta\u0142y sklasyfikowane jako \u201eNowe zadania nie mieszcz\u0105ce si\u0119 w limitach przyznanych Dzielnicy Bia\u0142o\u0142\u0119ka na realizacj\u0119 zada\u0144 inwestycyjnych w latach 2016-2022\u201d, oznacza\u0142o to pozyskanie dodatkowych \u015brodk\u00f3w, a nie tak jak planowano realizacj\u0119 tych zada\u0144 kosztem ju\u017c wcze\u015bniej planowanej ul. Siecznej.<\/p>\n<p>Rozpoczyna si\u0119 projektowanie ulicy Siecznej. Niestety ju\u017c na tym etapie pierwotny termin umowny nie zostaje zachowany, zapomina si\u0119 o uwzgl\u0119dnieniu \u015bcie\u017cki rowerowej. Proces zostaje wyd\u0142u\u017cony o kwarta\u0142. Dalej MPWiK ma opracowa\u0107 <a href=\"https:\/\/ibialoleka.pl\/artykul\/sieczna-bardzo-potrzebna\/301088\" target=\"_blank\" rel=\"noopener\">projekt<\/a> sieci wodoci\u0105gowej i kanalizacyjnej. W zwi\u0105zku z realizowan\u0105 przebudow\u0105 G\u0142\u0119bockiej proces zostaje wstrzymany i ostatecznie ma si\u0119 zako\u0144czy\u0107 w czerwcu 2018 r. Oznacza to, \u017ce realizacja zadania ju\u017c jest op\u00f3\u017aniona o rok.<\/p>\n<p><strong>Czy<\/strong> <strong>jako mieszka\u0144cy doczekamy si\u0119 kiedy\u015b budowy ul. Siecznej w ca\u0142o\u015bci? Czy wybrany jesieni\u0105 nowy Zarz\u0105d b\u0119dzie bra\u0142 pod uwag\u0119 faktyczne potrzeby mieszka\u0144c\u00f3w i doprowadzi t\u0119 inwestycj\u0119 wreszcie do ko\u0144ca? Mam nadziej\u0119, \u017ce nadejdzie czas kiedy napisz\u0119 tekst pod tytu\u0142em: Sieczna po\u0142\u0105czy\u0142a Lewand\u00f3w z Bia\u0142o\u0142\u0119k\u0105.&nbsp;<\/strong><\/p>\n<p style=\"text-align: justify;\">Danuta Zaleska<br \/>\nStowarzyszenie Razem dla Bia\u0142o\u0142\u0119ki<\/p>\n","protected":false},"excerpt":{"rendered":"<p>Inwestycja dzielnicowa \u2013 Sieczna &#8211; nie przestaje zaskakiwa\u0107. Pi\u0119trz\u0105cych si\u0119 problem\u00f3w i przeciwno\u015bci losu nie ma ko\u0144ca. Najnowsze decyzje Zarz\u0105du Dzielnicy pozbawiaj\u0105 z\u0142udze\u0144, a mieszka\u0144cy nie kryj\u0105 rozgoryczenia. Sieczna mia\u0142a by\u0107 gotowa w tym roku, jak si\u0119 okazuje, b\u0119dzie za ok. dwa lata i to tylko we fragmencie. Zarz\u0105d Dzielnicy Bia\u0142o\u0142\u0119ka w projekcie Wieloletniej Prognozy [&hellip;]<\/p>\n","protected":false},"author":2,"featured_media":4564,"comment_status":"closed","ping_status":"closed","sticky":false,"template":"","format":"standard","meta":{"ngg_post_thumbnail":0,"footnotes":""},"categories":[27,26],"tags":[],"class_list":["post-4563","post","type-post","status-publish","format-standard","has-post-thumbnail","hentry","category-inwestycje","category-klub-radnych"],"_links":{"self":[{"href":"http:\/\/razemdlabialoleki.waw.pl\/index.php?rest_route=\/wp\/v2\/posts\/4563","targetHints":{"allow":["GET"]}}],"collection":[{"href":"http:\/\/razemdlabialoleki.waw.pl\/index.php?rest_route=\/wp\/v2\/posts"}],"about":[{"href":"http:\/\/razemdlabialoleki.waw.pl\/index.php?rest_route=\/wp\/v2\/types\/post"}],"author":[{"embeddable":true,"href":"http:\/\/razemdlabialoleki.waw.pl\/index.php?rest_route=\/wp\/v2\/users\/2"}],"replies":[{"embeddable":true,"href":"http:\/\/razemdlabialoleki.waw.pl\/index.php?rest_route=%2Fwp%2Fv2%2Fcomments&post=4563"}],"version-history":[{"count":3,"href":"http:\/\/razemdlabialoleki.waw.pl\/index.php?rest_route=\/wp\/v2\/posts\/4563\/revisions"}],"predecessor-version":[{"id":4568,"href":"http:\/\/razemdlabialoleki.waw.pl\/index.php?rest_route=\/wp\/v2\/posts\/4563\/revisions\/4568"}],"wp:featuredmedia":[{"embeddable":true,"href":"http:\/\/razemdlabialoleki.waw.pl\/index.php?rest_route=\/wp\/v2\/media\/4564"}],"wp:attachment":[{"href":"http:\/\/razemdlabialoleki.waw.pl\/index.php?rest_route=%2Fwp%2Fv2%2Fmedia&parent=4563"}],"wp:term":[{"taxonomy":"category","embeddable":true,"href":"http:\/\/razemdlabialoleki.waw.pl\/index.php?rest_route=%2Fwp%2Fv2%2Fcategories&post=4563"},{"taxonomy":"post_tag","embeddable":true,"href":"http:\/\/razemdlabialoleki.waw.pl\/index.php?rest_route=%2Fwp%2Fv2%2Ftags&post=4563"}],"curies":[{"name":"wp","href":"https:\/\/api.w.org\/{rel}","templated":true}]}}