{"id":4549,"date":"2018-02-16T10:08:17","date_gmt":"2018-02-16T09:08:17","guid":{"rendered":"http:\/\/razemdlabialoleki.waw.pl\/?p=4549"},"modified":"2024-01-14T14:36:05","modified_gmt":"2024-01-14T13:36:05","slug":"4549","status":"publish","type":"post","link":"http:\/\/razemdlabialoleki.waw.pl\/?p=4549","title":{"rendered":"Spotkanie z mieszka\u0144cami w sprawie nieutwardzonych dr\u00f3g na terenie Dzielnicy Bia\u0142o\u0142\u0119ka"},"content":{"rendered":"<p style=\"text-align: justify;\">Szanowni Pa\u0144stwo,<\/p>\n<p style=\"text-align: justify;\">Serdecznie dzi\u0119kujemy za tak liczne przybycie na spotkanie w sprawie nieutwardzonych dr\u00f3g na terenie Dzielnicy Bia\u0142o\u0142\u0119ka, kt\u00f3re odby\u0142o si\u0119 15 lutego o godz. 20.00 w Urz\u0119dzie Dzielnicy Bia\u0142o\u0142\u0119ka m.st. Warszawy. Jest nam szalenie mi\u0142o, \u017ce zechcieli po\u015bwi\u0119ci\u0107 Pa\u0144stwo sw\u00f3j czas by zwr\u00f3ci\u0107 uwag\u0119 na ten pal\u0105cy problem.<\/p>\n<p style=\"text-align: justify;\"><strong>Dzi\u0119kujemy r\u00f3wnie\u017c Pani Naczelnik Wydzia\u0142u Infrastruktury&nbsp;Aldonie Kwiatkowskiej, kt\u00f3rej&nbsp;obecno\u015b\u0107 &nbsp;by\u0142a nieocenionym wsparciem merytorycznym w kwestii ka\u017cdego omawianego przypadku. <\/strong><\/p>\n<p style=\"text-align: justify;\">Na podstawie Pa\u0144stwa zg\u0142osze\u0144 (zar\u00f3wno podczas wczorajszego spotkania, jak i wcze\u015bniejszych kierowanych do radnych Klubu Razem dla Bia\u0142o\u0142\u0119ki) zostanie opracowany PAKIET DROGOWY, kt\u00f3ry przedstawimy na posiedzeniu Komisji Planu i Bud\u017cetu. Zaproponowane rozwi\u0105zania zostan\u0105 r\u00f3wnie\u017c przekazane do Pani Wiceprezydent Renaty Kaznowskiej \u2013 pomys\u0142odawczyni&nbsp; miejskiego programu utwardzania dr\u00f3g gruntowych. O post\u0119pach b\u0119dziemy Pa\u0144stwa na bie\u017c\u0105co informowa\u0107.<\/p>\n<p>Zgodnie z <a href=\"http:\/\/www.bialoleka.waw.pl\/aktualnosc-27-2311-bialoleka_z_szansa_na_wiecej.html\" target=\"_blank\" rel=\"noopener\">informacj\u0105<\/a> przekazan\u0105 przez Dzielnica Bia\u0142o\u0142\u0119ka w 2018 roku utwardzone zostan\u0105 nast\u0119puj\u0105ce ulice:<br \/>\n* Szamotulska,<br \/>\n* Raciborska (od ul. Przytulnej do ul. Na Prze\u0142aj),<br \/>\n* Jarz\u0119binowa (brakuj\u0105cy fragment),<br \/>\n* Ornecka (ok 500 m odcinek od ul. Szamocin na p\u00f3\u0142noc),<br \/>\n* Platanowa,<br \/>\n* Inow\u0142odzka (od ul. Marywilskiej w kierunku ul. Annopol).<\/p>\n<p style=\"text-align: justify;\">Dzielnica Bia\u0142o\u0142\u0119ka zapowiedzia\u0142a r\u00f3wnie\u017c, \u017ce planuje w ramach w\u0142asnego bud\u017cetu utworzenie zadania zbli\u017conego w za\u0142o\u017ceniach do programu Wiceprezydent Renaty Kaznowskiej.<br \/>\nW zwi\u0105zku z wieloma zapytaniami dotycz\u0105cymi ul. Bia\u0142o\u0142\u0119ckiej i Zdziarskiej przekazujemy, \u017ce zgodnie z planem remont\u00f3w Zarz\u0105du Dr\u00f3g Miejskich w Warszawie w tym roku nak\u0142adk\u0119 asfaltow\u0105 zyska:<br \/>\n* ul. Zdziarska na odc. Ostr\u00f3dzka \u2013 Bia\u0142o\u0142\u0119cka,<br \/>\n* ul. Bia\u0142o\u0142\u0119cka na odc. Ketlinga \u2013 Zdziarska.<\/p>\n<p style=\"text-align: justify;\">&nbsp;<\/p>\n<p style=\"text-align: justify;\"><img loading=\"lazy\" decoding=\"async\" class=\"aligncenter wp-image-4550\" src=\"http:\/\/razemdlabialoleki.waw.pl\/wp-content\/uploads\/2018\/02\/28052961_1877857865577965_395146649_n.jpg\" alt=\"\" width=\"636\" height=\"855\"><\/p>\n<p style=\"text-align: justify;\"><img loading=\"lazy\" decoding=\"async\" class=\"aligncenter size-large wp-image-4551\" src=\"http:\/\/razemdlabialoleki.waw.pl\/wp-content\/uploads\/2018\/02\/28054111_1877858035577948_592186566_n.jpg\" alt=\"\" width=\"640\" height=\"853\" srcset=\"http:\/\/razemdlabialoleki.waw.pl\/wp-content\/uploads\/2018\/02\/28054111_1877858035577948_592186566_n.jpg 720w, http:\/\/razemdlabialoleki.waw.pl\/wp-content\/uploads\/2018\/02\/28054111_1877858035577948_592186566_n-225x300.jpg 225w, http:\/\/razemdlabialoleki.waw.pl\/wp-content\/uploads\/2018\/02\/28054111_1877858035577948_592186566_n-83x110.jpg 83w, http:\/\/razemdlabialoleki.waw.pl\/wp-content\/uploads\/2018\/02\/28054111_1877858035577948_592186566_n-315x420.jpg 315w, http:\/\/razemdlabialoleki.waw.pl\/wp-content\/uploads\/2018\/02\/28054111_1877858035577948_592186566_n-323x430.jpg 323w\" sizes=\"auto, (max-width: 640px) 100vw, 640px\" \/><\/p>\n<p style=\"text-align: justify;\"><img loading=\"lazy\" decoding=\"async\" class=\"aligncenter size-large wp-image-4552\" src=\"http:\/\/razemdlabialoleki.waw.pl\/wp-content\/uploads\/2018\/02\/28054182_1877857928911292_185377791_n.jpg\" alt=\"\" width=\"640\" height=\"853\" srcset=\"http:\/\/razemdlabialoleki.waw.pl\/wp-content\/uploads\/2018\/02\/28054182_1877857928911292_185377791_n.jpg 720w, http:\/\/razemdlabialoleki.waw.pl\/wp-content\/uploads\/2018\/02\/28054182_1877857928911292_185377791_n-225x300.jpg 225w, http:\/\/razemdlabialoleki.waw.pl\/wp-content\/uploads\/2018\/02\/28054182_1877857928911292_185377791_n-83x110.jpg 83w, http:\/\/razemdlabialoleki.waw.pl\/wp-content\/uploads\/2018\/02\/28054182_1877857928911292_185377791_n-315x420.jpg 315w, http:\/\/razemdlabialoleki.waw.pl\/wp-content\/uploads\/2018\/02\/28054182_1877857928911292_185377791_n-323x430.jpg 323w\" sizes=\"auto, (max-width: 640px) 100vw, 640px\" \/><\/p>\n<p style=\"text-align: justify;\"><img loading=\"lazy\" decoding=\"async\" class=\"aligncenter size-large wp-image-4553\" src=\"http:\/\/razemdlabialoleki.waw.pl\/wp-content\/uploads\/2018\/02\/28117162_1877858048911280_88904817_n.jpg\" alt=\"\" width=\"640\" height=\"853\" srcset=\"http:\/\/razemdlabialoleki.waw.pl\/wp-content\/uploads\/2018\/02\/28117162_1877858048911280_88904817_n.jpg 720w, http:\/\/razemdlabialoleki.waw.pl\/wp-content\/uploads\/2018\/02\/28117162_1877858048911280_88904817_n-225x300.jpg 225w, http:\/\/razemdlabialoleki.waw.pl\/wp-content\/uploads\/2018\/02\/28117162_1877858048911280_88904817_n-83x110.jpg 83w, http:\/\/razemdlabialoleki.waw.pl\/wp-content\/uploads\/2018\/02\/28117162_1877858048911280_88904817_n-315x420.jpg 315w, http:\/\/razemdlabialoleki.waw.pl\/wp-content\/uploads\/2018\/02\/28117162_1877858048911280_88904817_n-323x430.jpg 323w\" sizes=\"auto, (max-width: 640px) 100vw, 640px\" \/><\/p>\n<p style=\"text-align: justify;\"><img loading=\"lazy\" decoding=\"async\" class=\"aligncenter size-large wp-image-4554\" src=\"http:\/\/razemdlabialoleki.waw.pl\/wp-content\/uploads\/2018\/02\/28124295_773736529480342_895751733_o-1024x614.jpg\" alt=\"\" width=\"640\" height=\"384\" srcset=\"http:\/\/razemdlabialoleki.waw.pl\/wp-content\/uploads\/2018\/02\/28124295_773736529480342_895751733_o-1024x614.jpg 1024w, http:\/\/razemdlabialoleki.waw.pl\/wp-content\/uploads\/2018\/02\/28124295_773736529480342_895751733_o-300x180.jpg 300w, http:\/\/razemdlabialoleki.waw.pl\/wp-content\/uploads\/2018\/02\/28124295_773736529480342_895751733_o-768x461.jpg 768w, http:\/\/razemdlabialoleki.waw.pl\/wp-content\/uploads\/2018\/02\/28124295_773736529480342_895751733_o-110x66.jpg 110w, http:\/\/razemdlabialoleki.waw.pl\/wp-content\/uploads\/2018\/02\/28124295_773736529480342_895751733_o-420x252.jpg 420w, http:\/\/razemdlabialoleki.waw.pl\/wp-content\/uploads\/2018\/02\/28124295_773736529480342_895751733_o-717x430.jpg 717w, http:\/\/razemdlabialoleki.waw.pl\/wp-content\/uploads\/2018\/02\/28124295_773736529480342_895751733_o.jpg 2048w\" sizes=\"auto, (max-width: 640px) 100vw, 640px\" \/><\/p>\n<p style=\"text-align: justify;\"><img loading=\"lazy\" decoding=\"async\" class=\"size-large wp-image-4555\" src=\"http:\/\/razemdlabialoleki.waw.pl\/wp-content\/uploads\/2018\/02\/28124883_773736772813651_109257230_o-1024x614.jpg\" alt=\"\" width=\"640\" height=\"384\" srcset=\"http:\/\/razemdlabialoleki.waw.pl\/wp-content\/uploads\/2018\/02\/28124883_773736772813651_109257230_o-1024x614.jpg 1024w, http:\/\/razemdlabialoleki.waw.pl\/wp-content\/uploads\/2018\/02\/28124883_773736772813651_109257230_o-300x180.jpg 300w, http:\/\/razemdlabialoleki.waw.pl\/wp-content\/uploads\/2018\/02\/28124883_773736772813651_109257230_o-768x461.jpg 768w, http:\/\/razemdlabialoleki.waw.pl\/wp-content\/uploads\/2018\/02\/28124883_773736772813651_109257230_o-110x66.jpg 110w, http:\/\/razemdlabialoleki.waw.pl\/wp-content\/uploads\/2018\/02\/28124883_773736772813651_109257230_o-420x252.jpg 420w, http:\/\/razemdlabialoleki.waw.pl\/wp-content\/uploads\/2018\/02\/28124883_773736772813651_109257230_o-717x430.jpg 717w, http:\/\/razemdlabialoleki.waw.pl\/wp-content\/uploads\/2018\/02\/28124883_773736772813651_109257230_o.jpg 2048w\" sizes=\"auto, (max-width: 640px) 100vw, 640px\" \/><\/p>\n","protected":false},"excerpt":{"rendered":"<p>Szanowni Pa\u0144stwo, Serdecznie dzi\u0119kujemy za tak liczne przybycie na spotkanie w sprawie nieutwardzonych dr\u00f3g na terenie Dzielnicy Bia\u0142o\u0142\u0119ka, kt\u00f3re odby\u0142o si\u0119 15 lutego o godz. 20.00 w Urz\u0119dzie Dzielnicy Bia\u0142o\u0142\u0119ka m.st. Warszawy. Jest nam szalenie mi\u0142o, \u017ce zechcieli po\u015bwi\u0119ci\u0107 Pa\u0144stwo sw\u00f3j czas by zwr\u00f3ci\u0107 uwag\u0119 na ten pal\u0105cy problem. Dzi\u0119kujemy r\u00f3wnie\u017c Pani Naczelnik Wydzia\u0142u Infrastruktury&nbsp;Aldonie [&hellip;]<\/p>\n","protected":false},"author":1,"featured_media":4556,"comment_status":"closed","ping_status":"closed","sticky":false,"template":"","format":"standard","meta":{"ngg_post_thumbnail":0,"footnotes":""},"categories":[27],"tags":[],"class_list":["post-4549","post","type-post","status-publish","format-standard","has-post-thumbnail","hentry","category-inwestycje"],"_links":{"self":[{"href":"http:\/\/razemdlabialoleki.waw.pl\/index.php?rest_route=\/wp\/v2\/posts\/4549","targetHints":{"allow":["GET"]}}],"collection":[{"href":"http:\/\/razemdlabialoleki.waw.pl\/index.php?rest_route=\/wp\/v2\/posts"}],"about":[{"href":"http:\/\/razemdlabialoleki.waw.pl\/index.php?rest_route=\/wp\/v2\/types\/post"}],"author":[{"embeddable":true,"href":"http:\/\/razemdlabialoleki.waw.pl\/index.php?rest_route=\/wp\/v2\/users\/1"}],"replies":[{"embeddable":true,"href":"http:\/\/razemdlabialoleki.waw.pl\/index.php?rest_route=%2Fwp%2Fv2%2Fcomments&post=4549"}],"version-history":[{"count":5,"href":"http:\/\/razemdlabialoleki.waw.pl\/index.php?rest_route=\/wp\/v2\/posts\/4549\/revisions"}],"predecessor-version":[{"id":4562,"href":"http:\/\/razemdlabialoleki.waw.pl\/index.php?rest_route=\/wp\/v2\/posts\/4549\/revisions\/4562"}],"wp:featuredmedia":[{"embeddable":true,"href":"http:\/\/razemdlabialoleki.waw.pl\/index.php?rest_route=\/wp\/v2\/media\/4556"}],"wp:attachment":[{"href":"http:\/\/razemdlabialoleki.waw.pl\/index.php?rest_route=%2Fwp%2Fv2%2Fmedia&parent=4549"}],"wp:term":[{"taxonomy":"category","embeddable":true,"href":"http:\/\/razemdlabialoleki.waw.pl\/index.php?rest_route=%2Fwp%2Fv2%2Fcategories&post=4549"},{"taxonomy":"post_tag","embeddable":true,"href":"http:\/\/razemdlabialoleki.waw.pl\/index.php?rest_route=%2Fwp%2Fv2%2Ftags&post=4549"}],"curies":[{"name":"wp","href":"https:\/\/api.w.org\/{rel}","templated":true}]}}