{"id":3362,"date":"2017-12-04T21:08:18","date_gmt":"2017-12-04T21:08:18","guid":{"rendered":"http:\/\/razemdlabialoleki.waw.pl\/?p=3362"},"modified":"2017-12-07T22:12:19","modified_gmt":"2017-12-07T22:12:19","slug":"porozumienie-bez-przemocy-kropla-slodyczy-w-oceanie-goryczy-2","status":"publish","type":"post","link":"http:\/\/razemdlabialoleki.waw.pl\/?p=3362","title":{"rendered":"Porozumienie bez przemocy &#8211; kropla s\u0142odyczy w oceanie goryczy"},"content":{"rendered":"<p style=\"text-align: justify;\"><strong>Stowarzyszenie Razem Dla Bia\u0142o\u0142\u0119ki zaprasza 9 grudnia na unikatow\u0105 w skali Bia\u0142o\u0142\u0119ki konferencj\u0119 &#8220;Porozumienie bez przemocy &#8211; kropla s\u0142odyczy w oceanie goryczy&#8221;.<\/strong><\/p>\n<p>Przemoc klasyfikuje si\u0119 w kilku odmianach: psychiczna, fizyczna i seksualna, ekonomiczna, jak r\u00f3wnie\u017c poprzez zaniedbanie. \u015awiatowa organizacja zdrowia (WHO) bije na alarm i informuje, \u017ce ofiarami przemocy jest a\u017c jedna trzecia kobiet na ca\u0142ym \u015bwiecie.<\/p>\n<p style=\"text-align: justify;\">Mitem jest za\u0142o\u017cenie, \u017ce przemoc dotyka \u015brodowisk o statusie patologicznym. Dane z obserwacji na przestrzeni lat pokazuj\u0105, \u017ce przemoc dotyka bez wzgl\u0119du na okoliczno\u015bci: wiek, wykszta\u0142cenie, status spo\u0142eczny czy pochodzenie kulturowe.<\/p>\n<p style=\"text-align: justify;\">Typowy sprawca przemocy to cz\u0142owiek, kt\u00f3ry kontroluje i czuje &#8220;w\u0142adz\u0119&#8221; nad ofiar\u0105, to tak\u017ce typowy demonstrator si\u0142y psychicznej i fizycznej, manipulator potrzeb emocjonalnych i fizycznych, w tym ekonomicznych (&#8220;nie dam pieni\u0119dzy, nie b\u0119dziesz mia\u0142a za co je\u015b\u0107 i \u017cy\u0107, nie masz \u017cadnych praw, jeste\u015b nikim, pozbawi\u0119 Ci\u0119 dzieci i ich nie odzyskasz&#8221;).<\/p>\n<p style=\"text-align: justify;\"><strong>Konferencja &#8220;Porozumienie bez przemocy &#8211; kropla s\u0142odyczy w oceanie goryczy&#8221; odb\u0119dzie si\u0119 9 grudnia w godz. 10-15 w Bia\u0142o\u0142\u0119ckim O\u015brodku Kultury przy ul. van Gogha 1. B\u0119dzie sk\u0142ada\u0142a si\u0119 z trzech cz\u0119\u015bci: wyk\u0142ady, panel dyskusyjny i koncert &#8220;Malarze s\u0142owa&#8221; Margity \u015alizowskiej (godz. 14.15-15.00).<br \/>\nWst\u0119p jest wolny.<\/strong><\/p>\n<p style=\"text-align: justify;\">Prelegentami konferencji b\u0119d\u0105 mi\u0119dzy innymi: prof. UAM dr hab. Piotr Go\u0142dyn, Ewa Falkowska &#8211; UNICEF, Urszula Nowakowska &#8211; Centrum Praw Kobiet, mgr Agnieszka Potocka, mgr Beata Ewa Bartnicka.<\/p>\n<p>Wst\u0119p wolny \u2013 zach\u0119camy do rejestracji szczeg\u00f3lnie te osoby, kt\u00f3re chc\u0105 uzyska\u0107 certyfikat uczestnictwa poprzez&nbsp;<a href=\"https:\/\/docs.google.com\/forms\/d\/e\/1FAIpQLSc8JHTsU8kKwZqevS7JoNb6M3v3hnEFxnzcKYL3q7oXc664fQ\/viewform\" target=\"_blank\" rel=\"noopener\">formularz&nbsp;zg\u0142oszeniowy<\/a>.<\/p>\n<p style=\"text-align: justify;\">W imieniu koordynatorki oraz zarz\u0105du serdecznie zapraszamy<\/p>\n<p><em><br \/>\nAnna Dragan-Babraj, Jan Mackiewicz<\/em><br \/>\n<em> Stowarzyszenie Razem dla Bia\u0142o\u0142\u0119ki<\/em><\/p>\n<p>&nbsp;<\/p>\n<p>&nbsp;<\/p>\n","protected":false},"excerpt":{"rendered":"<p>Stowarzyszenie Razem Dla Bia\u0142o\u0142\u0119ki zaprasza 9 grudnia na unikatow\u0105 w skali Bia\u0142o\u0142\u0119ki konferencj\u0119 &#8220;Porozumienie bez przemocy &#8211; kropla s\u0142odyczy w oceanie goryczy&#8221;. Przemoc klasyfikuje si\u0119 w kilku odmianach: psychiczna, fizyczna i seksualna, ekonomiczna, jak r\u00f3wnie\u017c poprzez zaniedbanie. \u015awiatowa organizacja zdrowia (WHO) bije na alarm i informuje, \u017ce ofiarami przemocy jest a\u017c jedna trzecia kobiet na [&hellip;]<\/p>\n","protected":false},"author":2,"featured_media":3284,"comment_status":"closed","ping_status":"closed","sticky":false,"template":"","format":"standard","meta":{"ngg_post_thumbnail":0,"footnotes":""},"categories":[6],"tags":[],"class_list":["post-3362","post","type-post","status-publish","format-standard","has-post-thumbnail","hentry","category-konferencja"],"_links":{"self":[{"href":"http:\/\/razemdlabialoleki.waw.pl\/index.php?rest_route=\/wp\/v2\/posts\/3362","targetHints":{"allow":["GET"]}}],"collection":[{"href":"http:\/\/razemdlabialoleki.waw.pl\/index.php?rest_route=\/wp\/v2\/posts"}],"about":[{"href":"http:\/\/razemdlabialoleki.waw.pl\/index.php?rest_route=\/wp\/v2\/types\/post"}],"author":[{"embeddable":true,"href":"http:\/\/razemdlabialoleki.waw.pl\/index.php?rest_route=\/wp\/v2\/users\/2"}],"replies":[{"embeddable":true,"href":"http:\/\/razemdlabialoleki.waw.pl\/index.php?rest_route=%2Fwp%2Fv2%2Fcomments&post=3362"}],"version-history":[{"count":3,"href":"http:\/\/razemdlabialoleki.waw.pl\/index.php?rest_route=\/wp\/v2\/posts\/3362\/revisions"}],"predecessor-version":[{"id":3371,"href":"http:\/\/razemdlabialoleki.waw.pl\/index.php?rest_route=\/wp\/v2\/posts\/3362\/revisions\/3371"}],"wp:featuredmedia":[{"embeddable":true,"href":"http:\/\/razemdlabialoleki.waw.pl\/index.php?rest_route=\/wp\/v2\/media\/3284"}],"wp:attachment":[{"href":"http:\/\/razemdlabialoleki.waw.pl\/index.php?rest_route=%2Fwp%2Fv2%2Fmedia&parent=3362"}],"wp:term":[{"taxonomy":"category","embeddable":true,"href":"http:\/\/razemdlabialoleki.waw.pl\/index.php?rest_route=%2Fwp%2Fv2%2Fcategories&post=3362"},{"taxonomy":"post_tag","embeddable":true,"href":"http:\/\/razemdlabialoleki.waw.pl\/index.php?rest_route=%2Fwp%2Fv2%2Ftags&post=3362"}],"curies":[{"name":"wp","href":"https:\/\/api.w.org\/{rel}","templated":true}]}}