{"id":3095,"date":"2017-11-09T17:02:52","date_gmt":"2017-11-09T17:02:52","guid":{"rendered":"http:\/\/razemdlabialoleki.waw.pl\/?p=3095"},"modified":"2017-11-09T17:14:12","modified_gmt":"2017-11-09T17:14:12","slug":"linia-518","status":"publish","type":"post","link":"http:\/\/razemdlabialoleki.waw.pl\/?p=3095","title":{"rendered":"Linia 518"},"content":{"rendered":"<p style=\"text-align: justify;\">W ubieg\u0142ym roku po zapoznaniu si\u0119 z propozycj\u0105 ZTM przedstawion\u0105 podczas Komisji Infrastruktury i Inwestycji Rady m.st. Warszawy w dniu 11.10.2016 r. w zakresie kszta\u0142tu komunikacji miejskiej w naszej dzielnicy jako Stowarzyszenie Razem dla Bia\u0142o\u0142\u0119ki <strong>przeprowadzili\u015bmy z mieszka\u0144cami seri\u0119 w\u0142asnych konsultacji by dok\u0142adnie pozna\u0107 ich potrzeby i oczekiwania. Wynikiem tych dzia\u0142a\u0144 by\u0142 <a href=\"http:\/\/razemdlabialoleki.waw.pl\/?p=1009\" target=\"_blank\" rel=\"noopener\">zbi\u00f3r wniosk\u00f3w<\/a>,<\/strong> kt\u00f3re zosta\u0142y wr\u0119czone przedstawicielom ZTM na pierwszym otwieraj\u0105cym konsultacje spotkaniu w Urz\u0119dzie Dzielnicy Bia\u0142o\u0142\u0119ka.<!--more--><\/p>\n<p style=\"text-align: justify;\"><strong>Liczyli\u015bmy na konstruktywne, wychodz\u0105ce naprzeciw potrzebom mieszka\u0144c\u00f3w podej\u015bcie ZTM do naszych dzielnicowych oczekiwa\u0144 komunikacyjnych.<\/strong> Cz\u0119\u015b\u0107 propozycji w zakresie kszta\u0142tu linii autobusowych na Bia\u0142o\u0142\u0119ce nie spotka\u0142a si\u0119 z aprobat\u0105 mieszka\u0144c\u00f3w, przez co wraz z mieszka\u0144cami brali\u015bmy czynny udzia\u0142 w spotkaniach z ZTM, jak i poparli\u015bmy petycj\u0119 <a href=\"http:\/\/razemdlabialoleki.waw.pl\/?p=947\" target=\"_blank\" rel=\"noopener\">TAK dla rozwoju komunikacji na \u017beraniu<\/a>.<\/p>\n<p style=\"text-align: justify;\">Od 4 listopada 2017 r. linia 518 kursuje na nowej <a href=\"http:\/\/www.ztm.waw.pl\/rozklad_nowy.php?c=182&amp;l=1&amp;q=518\" target=\"_blank\" rel=\"noopener\">trasie<\/a>. I jak ju\u017c wiemy, wi\u0119kszo\u015b\u0107 postulat\u00f3w zosta\u0142a uwzgl\u0119dniona. Wi\u0119cej przeczytaj\u0105 Pa\u0144stwo na \u0142amach: <a href=\"https:\/\/ibialoleka.pl\/artykul\/od-jutra-518-na-nowej\/301296\" target=\"_blank\" rel=\"noopener\">ibialoleka.pl<\/a>.<\/p>\n<p><strong>Serdecznie dzi\u0119kujemy wszystkim zaanga\u017cowanym w proces konsultacji Mieszka\u0144com, a tak\u017ce dzi\u0119kujemy za otwarto\u015b\u0107 i wsp\u00f3\u0142prac\u0119 pracownikom Zarz\u0105du Transportu Miejskiego.<\/strong><\/p>\n<p><em>Foto: ZTM<\/em><\/p>\n","protected":false},"excerpt":{"rendered":"<p>W ubieg\u0142ym roku po zapoznaniu si\u0119 z propozycj\u0105 ZTM przedstawion\u0105 podczas Komisji Infrastruktury i Inwestycji Rady m.st. Warszawy w dniu 11.10.2016 r. w zakresie kszta\u0142tu komunikacji miejskiej w naszej dzielnicy jako Stowarzyszenie Razem dla Bia\u0142o\u0142\u0119ki przeprowadzili\u015bmy z mieszka\u0144cami seri\u0119 w\u0142asnych konsultacji by dok\u0142adnie pozna\u0107 ich potrzeby i oczekiwania. Wynikiem tych dzia\u0142a\u0144 by\u0142 zbi\u00f3r wniosk\u00f3w, kt\u00f3re [&hellip;]<\/p>\n","protected":false},"author":2,"featured_media":3096,"comment_status":"closed","ping_status":"closed","sticky":false,"template":"","format":"standard","meta":{"ngg_post_thumbnail":0,"footnotes":""},"categories":[26,30],"tags":[],"class_list":["post-3095","post","type-post","status-publish","format-standard","has-post-thumbnail","hentry","category-klub-radnych","category-komunikacja"],"_links":{"self":[{"href":"http:\/\/razemdlabialoleki.waw.pl\/index.php?rest_route=\/wp\/v2\/posts\/3095","targetHints":{"allow":["GET"]}}],"collection":[{"href":"http:\/\/razemdlabialoleki.waw.pl\/index.php?rest_route=\/wp\/v2\/posts"}],"about":[{"href":"http:\/\/razemdlabialoleki.waw.pl\/index.php?rest_route=\/wp\/v2\/types\/post"}],"author":[{"embeddable":true,"href":"http:\/\/razemdlabialoleki.waw.pl\/index.php?rest_route=\/wp\/v2\/users\/2"}],"replies":[{"embeddable":true,"href":"http:\/\/razemdlabialoleki.waw.pl\/index.php?rest_route=%2Fwp%2Fv2%2Fcomments&post=3095"}],"version-history":[{"count":5,"href":"http:\/\/razemdlabialoleki.waw.pl\/index.php?rest_route=\/wp\/v2\/posts\/3095\/revisions"}],"predecessor-version":[{"id":3101,"href":"http:\/\/razemdlabialoleki.waw.pl\/index.php?rest_route=\/wp\/v2\/posts\/3095\/revisions\/3101"}],"wp:featuredmedia":[{"embeddable":true,"href":"http:\/\/razemdlabialoleki.waw.pl\/index.php?rest_route=\/wp\/v2\/media\/3096"}],"wp:attachment":[{"href":"http:\/\/razemdlabialoleki.waw.pl\/index.php?rest_route=%2Fwp%2Fv2%2Fmedia&parent=3095"}],"wp:term":[{"taxonomy":"category","embeddable":true,"href":"http:\/\/razemdlabialoleki.waw.pl\/index.php?rest_route=%2Fwp%2Fv2%2Fcategories&post=3095"},{"taxonomy":"post_tag","embeddable":true,"href":"http:\/\/razemdlabialoleki.waw.pl\/index.php?rest_route=%2Fwp%2Fv2%2Ftags&post=3095"}],"curies":[{"name":"wp","href":"https:\/\/api.w.org\/{rel}","templated":true}]}}