{"id":3092,"date":"2017-11-09T16:30:26","date_gmt":"2017-11-09T16:30:26","guid":{"rendered":"http:\/\/razemdlabialoleki.waw.pl\/?p=3092"},"modified":"2024-01-14T14:39:44","modified_gmt":"2024-01-14T13:39:44","slug":"cukrzyca-to-podstepny-przeciwnik-konferencja-w-bok-u","status":"publish","type":"post","link":"http:\/\/razemdlabialoleki.waw.pl\/?p=3092","title":{"rendered":"Cukrzyca to podst\u0119pny przeciwnik. Konferencja w BOK-u"},"content":{"rendered":"<p><strong>Cukrzyca to podst\u0119pny przeciwnik, kt\u00f3ry nie ujawnia si\u0119 od razu &#8211; potrzebuje ok 20 lat, aby nas zaskoczy\u0107. Przez ten czas, &#8220;zapracowujemy sobie na ni\u0105&#8221;: nisk\u0105 aktywno\u015bci\u0105 fizyczn\u0105, nie\u015bwiadom\u0105 diet\u0105, w ko\u0144cu nadwag\u0105 i oty\u0142o\u015bci\u0105. Motywacja do zmiany stylu \u017cycia nie przychodzi \u0142atwo. Szczeg\u00f3lnie, gdy podj\u0105\u0107 wyzwanie powinna jednocze\u015bnie ca\u0142a rodzina.<\/strong><!--more--><br \/>\n&#8211; Ale jest to mo\u017cliwe i nie a\u017c tak trudne, jak by si\u0119 wydawa\u0142o! Podczas konferencji b\u0119dzie z nami jedna z rodzin, kt\u00f3ra z sukcesem uko\u0144czy\u0142a Program PoZdro!, a co pomog\u0142o opowiedz\u0105 sami zainteresowani. Spotkamy si\u0119 te\u017c z psychologiem Programu, kt\u00f3ry opowie jak skutecznie motywowa\u0107 m\u0142odzie\u017c i siebie. Dla pe\u0142nego obrazu, specjali\u015bci PoZdro! przestawi\u0105 najnowsz\u0105 perspektyw\u0119 walki z nadwag\u0105 i oty\u0142o\u015bci\u0105 w Polsce &#8211; m\u00f3wi Kamila Szarejko z Fundacji Medicover.<\/p>\n<p class=\"par\">18 listopada w godzinach 9.30-15.30 w Bia\u0142o\u0142\u0119ckim O\u015brodku Kultury przy ul. van Gogha 1 odb\u0119dzie si\u0119 konferencja szkoleniowa &#8220;Z Cukrzyc\u0105 na Ty, nie daj si\u0119! Moje dziecko wysz\u0142o z grupy ryzyka!&#8221; organizowana przez stowarzyszenie Razem dla Bia\u0142o\u0142\u0119ki we wsp\u00f3\u0142pracy z Polsk\u0105 Federacj\u0105 Edukacji w Diabetologii. Us\u0142yszymy wyk\u0142ady prelegent\u00f3w, kt\u00f3rzy reprezentuj\u0105 Polsk\u0105 Federacj\u0119 Edukacji w Diabetologii, Fundacj\u0119 Medicover oraz Fundacj\u0119 Szko\u0142a na widelcu. Wi\u0119cej informacji jest na stronie <a href=\"http:\/\/razemdlabialoleki.waw.pl\/?p=3003\" target=\"_blank\" rel=\"noopener\">www.razemdlabialoleki.waw.pl<\/a>. W trakcie konferencji b\u0119dzie mo\u017cliwo\u015b\u0107 pomiaru poziomu cukru we krwi.<\/p>\n<p class=\"par\">Prawdziw\u0105 zmor\u0105, utrudniaj\u0105c\u0105 wyrabianie od najm\u0142odszych lat zdrowych nawyk\u00f3w \u017cywieniowych, jest w dzisiejszych czasach zaniedbywanie wsp\u00f3lnego jedzenia i konsumpcja przed telewizorem, a tak\u017ce nadmiar s\u0142odyczy i brak ruchu. Dlatego te\u017c w trakcie wyk\u0142adu, jak r\u00f3wnie\u017c warsztat\u00f3w kulinarnych, nasi prelegenci b\u0119d\u0105 przekonywa\u0107, \u017ce warto zadba\u0107 o zdrowe nawyki \u017cywieniowe. Postaramy si\u0119 te\u017c znale\u017a\u0107 odpowied\u017a na pytanie, czy pedagog\u00f3w w szkole nale\u017cy edukowa\u0107 w kierunku cukrzycy?<\/p>\n<p class=\"mid\"><strong>Jak si\u0119 zapisa\u0107?<\/strong><\/p>\n<p class=\"par\">Do 15 listopada prosimy o zg\u0142oszenia drog\u0105 elektroniczn\u0105 <b><a href=\"http:\/\/goo.gl\/gnC5dN\" target=\"_blank\" rel=\"noopener\">za pomoc\u0105 formularza<\/a><\/b>. Udzia\u0142 w konferencji jest bezp\u0142atny, rejestracja jest obowi\u0105zkowa. Podczas konferencji b\u0119dzie mo\u017cliwo\u015b\u0107 zakupienia obiadu.<\/p>\n<p>Ewa Gajewska<br \/>\nkoordynatorka konferencji, radna dzielnicy Bia\u0142o\u0142\u0119ka<br \/>\nKlub Razem dla Bia\u0142o\u0142\u0119ki<\/p>\n<p><img loading=\"lazy\" decoding=\"async\" class=\"aligncenter size-full wp-image-3093\" src=\"http:\/\/razemdlabialoleki.waw.pl\/wp-content\/uploads\/2017\/11\/grafika_cukrzyca_liczby.jpg\" alt=\"\" height=\"2000\" width=\"800\" srcset=\"http:\/\/razemdlabialoleki.waw.pl\/wp-content\/uploads\/2017\/11\/grafika_cukrzyca_liczby.jpg 800w, http:\/\/razemdlabialoleki.waw.pl\/wp-content\/uploads\/2017\/11\/grafika_cukrzyca_liczby-120x300.jpg 120w, http:\/\/razemdlabialoleki.waw.pl\/wp-content\/uploads\/2017\/11\/grafika_cukrzyca_liczby-768x1920.jpg 768w, http:\/\/razemdlabialoleki.waw.pl\/wp-content\/uploads\/2017\/11\/grafika_cukrzyca_liczby-410x1024.jpg 410w, http:\/\/razemdlabialoleki.waw.pl\/wp-content\/uploads\/2017\/11\/grafika_cukrzyca_liczby-44x110.jpg 44w, http:\/\/razemdlabialoleki.waw.pl\/wp-content\/uploads\/2017\/11\/grafika_cukrzyca_liczby-168x420.jpg 168w, http:\/\/razemdlabialoleki.waw.pl\/wp-content\/uploads\/2017\/11\/grafika_cukrzyca_liczby-172x430.jpg 172w\" sizes=\"auto, (max-width: 800px) 100vw, 800px\" \/><\/p>\n<p><a href=\"http:\/\/prosoma.pl\/aktualnosci\/14-cukrzyca-w-liczbach-na-1-minute\" rel=\"noopener\" target=\"_blank\">grafika<\/a><\/p>\n","protected":false},"excerpt":{"rendered":"<p>Cukrzyca to podst\u0119pny przeciwnik, kt\u00f3ry nie ujawnia si\u0119 od razu &#8211; potrzebuje ok 20 lat, aby nas zaskoczy\u0107. Przez ten czas, &#8220;zapracowujemy sobie na ni\u0105&#8221;: nisk\u0105 aktywno\u015bci\u0105 fizyczn\u0105, nie\u015bwiadom\u0105 diet\u0105, w ko\u0144cu nadwag\u0105 i oty\u0142o\u015bci\u0105. Motywacja do zmiany stylu \u017cycia nie przychodzi \u0142atwo. Szczeg\u00f3lnie, gdy podj\u0105\u0107 wyzwanie powinna jednocze\u015bnie ca\u0142a rodzina.<\/p>\n","protected":false},"author":2,"featured_media":2905,"comment_status":"closed","ping_status":"closed","sticky":false,"template":"","format":"standard","meta":{"ngg_post_thumbnail":0,"footnotes":""},"categories":[10,6],"tags":[],"class_list":["post-3092","post","type-post","status-publish","format-standard","has-post-thumbnail","hentry","category-akcja-spoleczna","category-konferencja"],"_links":{"self":[{"href":"http:\/\/razemdlabialoleki.waw.pl\/index.php?rest_route=\/wp\/v2\/posts\/3092","targetHints":{"allow":["GET"]}}],"collection":[{"href":"http:\/\/razemdlabialoleki.waw.pl\/index.php?rest_route=\/wp\/v2\/posts"}],"about":[{"href":"http:\/\/razemdlabialoleki.waw.pl\/index.php?rest_route=\/wp\/v2\/types\/post"}],"author":[{"embeddable":true,"href":"http:\/\/razemdlabialoleki.waw.pl\/index.php?rest_route=\/wp\/v2\/users\/2"}],"replies":[{"embeddable":true,"href":"http:\/\/razemdlabialoleki.waw.pl\/index.php?rest_route=%2Fwp%2Fv2%2Fcomments&post=3092"}],"version-history":[{"count":1,"href":"http:\/\/razemdlabialoleki.waw.pl\/index.php?rest_route=\/wp\/v2\/posts\/3092\/revisions"}],"predecessor-version":[{"id":3094,"href":"http:\/\/razemdlabialoleki.waw.pl\/index.php?rest_route=\/wp\/v2\/posts\/3092\/revisions\/3094"}],"wp:featuredmedia":[{"embeddable":true,"href":"http:\/\/razemdlabialoleki.waw.pl\/index.php?rest_route=\/wp\/v2\/media\/2905"}],"wp:attachment":[{"href":"http:\/\/razemdlabialoleki.waw.pl\/index.php?rest_route=%2Fwp%2Fv2%2Fmedia&parent=3092"}],"wp:term":[{"taxonomy":"category","embeddable":true,"href":"http:\/\/razemdlabialoleki.waw.pl\/index.php?rest_route=%2Fwp%2Fv2%2Fcategories&post=3092"},{"taxonomy":"post_tag","embeddable":true,"href":"http:\/\/razemdlabialoleki.waw.pl\/index.php?rest_route=%2Fwp%2Fv2%2Ftags&post=3092"}],"curies":[{"name":"wp","href":"https:\/\/api.w.org\/{rel}","templated":true}]}}