{"id":3088,"date":"2017-11-09T16:20:19","date_gmt":"2017-11-09T16:20:19","guid":{"rendered":"http:\/\/razemdlabialoleki.waw.pl\/?p=3088"},"modified":"2017-11-09T16:20:56","modified_gmt":"2017-11-09T16:20:56","slug":"krotkie-zycie-obietnicy-wyborczej","status":"publish","type":"post","link":"http:\/\/razemdlabialoleki.waw.pl\/?p=3088","title":{"rendered":"Kr\u00f3tkie \u017cycie obietnicy wyborczej"},"content":{"rendered":"<p style=\"text-align: justify;\"><span id=\"fbPhotoSnowliftCaption\" class=\"fbPhotosPhotoCaption\" tabindex=\"0\" aria-live=\"polite\" data-ft=\"{&quot;tn&quot;:&quot;K&quot;}\"><span class=\"hasCaption\">Metro na Tarchomin, pomys\u0142 starszy ni\u017c nasza dzielnica. I nie znajdziemy chyba \u017cadnego mieszka\u0144ca po stronie zachodniej dzielnicy, kt\u00f3ry nie chcia\u0142by powstania takiej inwestycji. Jest natomiast pytanie, jakie s\u0105 na to szanse?<\/span><\/span><!--more--><\/p>\n<p style=\"text-align: justify;\">W ostatnich latach wybudowano linie tramwajow\u0105 na Nowodwory. Jest te\u017c ogromna presja, aby wybudowa\u0107 <a href=\"https:\/\/www.facebook.com\/Tramwaj-wzd%C5%82u%C5%BC-Modli%C5%84skiej-1206291086063679\/\" target=\"_blank\" rel=\"noopener\">Tramwaj wzd\u0142u\u017c Modli\u0144skiej<\/a>. Mieszka\u0144cy licz\u0105 na wybudowanie parking\u00f3w P+R <span class=\"text_exposed_show\">przy stacjach SKM, tak by efektywniej wykorzysta\u0107 ten \u015brodek transportu. R\u00f3wnolegle mieszka\u0144cy Zielonej Bia\u0142o\u0142\u0119ki domagaj\u0105 si\u0119 metra w tej cz\u0119\u015bci dzielnicy. Mo\u017cna odnie\u015b\u0107 wra\u017cenie, \u017ce Panowie z Inicjatywy troch\u0119 si\u0119 pogubili.<\/span><\/p>\n<p><strong>Czy ugrupowanie, kt\u00f3re zarz\u0105dza dzielnic\u0105 powinno tak nieprofesjonalnie podchodzi\u0107 do tematu? Czy nie powinno wcze\u015bniej zapozna\u0107 si\u0119 z realnymi mo\u017cliwo\u015bciami? Jaki jest pomys\u0142 na finansowanie inwestycji, bo raczej nie mamy co liczy\u0107 na wsp\u00f3\u0142finansowanie ze \u015brodk\u00f3w unijnych? Co z rezerw\u0105 potrzebn\u0105 pod budow\u0119 inwestycji? Czy przeanalizowano obecn\u0105 sytuacj\u0119?<\/strong> <strong>Dlaczego wcze\u015bniej nie zacz\u0119to od konsultacji, nie zaproszono przedstawicieli w\u0142adz miasta? Co z opiniami ekspert\u00f3w?<\/strong> Pomys\u0142 mo\u017ce r\u00f3wnie\u017c zantagonizowa\u0107 mieszka\u0144c\u00f3w wschodniej i zachodniej cz\u0119\u015bci dzielnicy. Mo\u017cna to wszystko podsumowa\u0107 jednym s\u0142owem amatorszczyzna. By\u0107 mo\u017ce jest to zgodne ze strategi\u0105 nowego Prezesa Inicjatywy Mieszka\u0144c\u00f3w Bia\u0142o\u0142\u0119ki? By\u0107 mo\u017ce to pomys\u0142 na kampani\u0119 samorz\u0105dow\u0105? Na pewno jest to populizm.<\/p>\n<p>Nie jest to jednak profesjonalne i merytoryczne podej\u015bcie do tematu. Panowie radz\u0119 zorganizowa\u0107 szerokie konsultacje ca\u0142ej dzielnicy wschodniej i zachodniej, anga\u017cuj\u0105c jak najwi\u0119cej \u015brodowisk i wypracowanie wsp\u00f3lnej strategii i rozwoju komunikacji szynowej. Zdefiniowa\u0107 wsp\u00f3lne postulaty, kt\u00f3re zostan\u0105 poparte w miar\u0119 realnymi mo\u017cliwo\u015bciami.<\/p>\n<p>Dariusz Olszewski<br \/>\nStowarzyszenie Razem dla Bia\u0142o\u0142\u0119ki<\/p>\n","protected":false},"excerpt":{"rendered":"<p>Metro na Tarchomin, pomys\u0142 starszy ni\u017c nasza dzielnica. I nie znajdziemy chyba \u017cadnego mieszka\u0144ca po stronie zachodniej dzielnicy, kt\u00f3ry nie chcia\u0142by powstania takiej inwestycji. Jest natomiast pytanie, jakie s\u0105 na to szanse?<\/p>\n","protected":false},"author":2,"featured_media":3089,"comment_status":"closed","ping_status":"closed","sticky":false,"template":"","format":"standard","meta":{"ngg_post_thumbnail":0,"footnotes":""},"categories":[30,25],"tags":[],"class_list":["post-3088","post","type-post","status-publish","format-standard","has-post-thumbnail","hentry","category-komunikacja","category-samorzad"],"_links":{"self":[{"href":"http:\/\/razemdlabialoleki.waw.pl\/index.php?rest_route=\/wp\/v2\/posts\/3088","targetHints":{"allow":["GET"]}}],"collection":[{"href":"http:\/\/razemdlabialoleki.waw.pl\/index.php?rest_route=\/wp\/v2\/posts"}],"about":[{"href":"http:\/\/razemdlabialoleki.waw.pl\/index.php?rest_route=\/wp\/v2\/types\/post"}],"author":[{"embeddable":true,"href":"http:\/\/razemdlabialoleki.waw.pl\/index.php?rest_route=\/wp\/v2\/users\/2"}],"replies":[{"embeddable":true,"href":"http:\/\/razemdlabialoleki.waw.pl\/index.php?rest_route=%2Fwp%2Fv2%2Fcomments&post=3088"}],"version-history":[{"count":2,"href":"http:\/\/razemdlabialoleki.waw.pl\/index.php?rest_route=\/wp\/v2\/posts\/3088\/revisions"}],"predecessor-version":[{"id":3091,"href":"http:\/\/razemdlabialoleki.waw.pl\/index.php?rest_route=\/wp\/v2\/posts\/3088\/revisions\/3091"}],"wp:featuredmedia":[{"embeddable":true,"href":"http:\/\/razemdlabialoleki.waw.pl\/index.php?rest_route=\/wp\/v2\/media\/3089"}],"wp:attachment":[{"href":"http:\/\/razemdlabialoleki.waw.pl\/index.php?rest_route=%2Fwp%2Fv2%2Fmedia&parent=3088"}],"wp:term":[{"taxonomy":"category","embeddable":true,"href":"http:\/\/razemdlabialoleki.waw.pl\/index.php?rest_route=%2Fwp%2Fv2%2Fcategories&post=3088"},{"taxonomy":"post_tag","embeddable":true,"href":"http:\/\/razemdlabialoleki.waw.pl\/index.php?rest_route=%2Fwp%2Fv2%2Ftags&post=3088"}],"curies":[{"name":"wp","href":"https:\/\/api.w.org\/{rel}","templated":true}]}}