{"id":3080,"date":"2017-11-08T01:36:59","date_gmt":"2017-11-08T01:36:59","guid":{"rendered":"http:\/\/razemdlabialoleki.waw.pl\/?p=3080"},"modified":"2024-01-14T14:39:58","modified_gmt":"2024-01-14T13:39:58","slug":"kiedy-powstanie-ul-sieczna","status":"publish","type":"post","link":"http:\/\/razemdlabialoleki.waw.pl\/?p=3080","title":{"rendered":"Kiedy powstanie ul. Sieczna?"},"content":{"rendered":"<p style=\"text-align: justify;\">Sieczna od 2001 r. widnieje w miejscowym planie zagospodarowania przestrzennego i nie ulega w\u0105tpliwo\u015bci, \u017ce to jedna z niezb\u0119dnych inwestycji na wschodniej Bia\u0142o\u0142\u0119ce. Szacuje si\u0119, \u017ce Lewand\u00f3w jest zamieszkiwany przez ok. 8 tysi\u0119cy mieszka\u0144c\u00f3w (ponad 3 tys. mieszka\u0144 i dom\u00f3w jednorodzinnych) i ich liczba stale ro\u015bnie.<!--more--><\/p>\n<p>Histori\u0119 Siecznej zna ju\u017c wielu mieszka\u0144c\u00f3w, wi\u0119c dla przypomnienia, w wielkim skr\u00f3cie:<\/p>\n<p style=\"text-align: justify;\">W listopadzie 2015 r. na \u0142amach dzielnicowej publikacji &#8220;Czas Bia\u0142o\u0142\u0119ki&#8221;&nbsp; zostaje opublikowany wykaz planowanych inwestycji. Mimo \u017ce formalnie nie utworzono tytu\u0142u inwestycyjnego, pojawia si\u0119 informacja o budowie ul. Siecznej w latach 2016-2018 za kwot\u0119 8.552.909 PLN. Po sesji Rady Miasta do bud\u017cetu i Wieloletniej Prognozy Finansowej wprowadza si\u0119 zadanie inwestycyjne: \u201eBudowa ul. Siecznej\u201d. Rado\u015b\u0107 mieszka\u0144c\u00f3w niestety nie trwa\u0142a d\u0142ugo.<\/p>\n<p>W Radzie Dzielnicy nast\u0119puje nag\u0142y zwrot kilku radnych: Piotra Basi\u0144skiego, Marcina Adamkiewicza z Inicjatywy Mieszka\u0144c\u00f3w Bia\u0142o\u0142\u0119ki oraz Filipa Pelca ze Wsp\u00f3lnoty Samorz\u0105dowej Gospodarno\u015b\u0107, przez co powo\u0142any zostaje nowy Zarz\u0105d Dzielnicy: Ilona Soja-Koz\u0142owskiej zostaje Burmistrzem (dotychczas Platforma Obywatelska Bielany), wiceburmistrzami zostaj\u0105 wspomniany Marcin Adamkiewicz oraz Jacek Podd\u0119bniak (WS Gospodarno\u015b\u0107). Zostaje zawarta koalicja radnych PO-IMB-Gospodarno\u015b\u0107.<br \/>\n12 maja 2016 na XXI sesji Rady Dzielnicy zostaje przedstawiony projekt zmian bud\u017cetu i Wieloletniej Prognozy Finansowej, gdzie pojawiaj\u0105 si\u0119 nowe tytu\u0142y inwestycyjne. W\u015br\u00f3d nich mi\u0119dzy innymi: budowa ul. Brzezi\u0144skiej (2016-2018) za kwot\u0119 1.730.000 PLN, budowa ul. Wadowickiej (2016-2018) za 2.550.000 oraz budowa ul. Zyndrama z Maszkowic (2016-2018) za kwot\u0119 2.250.000 PLN.<\/p>\n<p style=\"text-align: justify;\">Jednocze\u015bnie przesuwa si\u0119 <strong>PRIORYTETOW\u0104 inwestycj\u0119 \u2013 budow\u0119 ul. Siecznej na rok 2020<\/strong>. Dzi\u015b wiemy, \u017ce dzi\u0119ki ogromnemu zaanga\u017cowaniu mieszka\u0144c\u00f3w Lewandowa i wsparciu kilkorga radnych: Marioli Olszewskiej z klubem Razem dla Bia\u0142o\u0142\u0119ki i Piotra Gozdka, Rada i Zarz\u0105d Dzielnicy wycofali si\u0119 z tego pomys\u0142u. W czerwcu 2016 r. ul. Sieczna zosta\u0142 przywr\u00f3cona do pierwotnych za\u0142o\u017ce\u0144 tj. zosta\u0142a wpisana do Wieloletniej Prognozy Finansowej z dat\u0105 realizacji 2018 r., a pozosta\u0142e ulice zosta\u0142y sklasyfikowane jako \u201eNowe zadania nie mieszcz\u0105ce si\u0119 w limitach przyznanych Dzielnicy Bia\u0142o\u0142\u0119ka na realizacj\u0119 zada\u0144 inwestycyjnych w latach 2016-2022\u201d (za\u0142\u0105cznik poni\u017cej), oznacza\u0142o to pozyskanie dodatkowych \u015brodk\u00f3w, a nie tak jak planowano realizacj\u0119 tych zada\u0144 kosztem ju\u017c wcze\u015bniej planowanej ul. Siecznej. Tyle historia.<\/p>\n<p>Dzi\u015b w Wieloletniej Prognozie Finansowej zn\u00f3w obserwujemy op\u00f3\u017anienia realizacji tej inwestycji. Na ka\u017cde zmiany mieszka\u0144cy reaguj\u0105 niepokojem. To po wy\u017cej przedstawionych faktach wcale nie dziwi. <strong>Na ostatniej sesji Rady Miasta przyj\u0119to propozycj\u0119 Zarz\u0105du Dzielnicy i realizacj\u0119 ul. Siecznej przesuni\u0119to na rok 2019.<\/strong><\/p>\n<p style=\"text-align: justify;\">Przyczyn\u0105 op\u00f3\u017anie\u0144 jest brak dokumentacji projektowej sieci wodoci\u0105gowej i kanalizacyjnej, kt\u00f3ra zgodnie z pierwotnym terminem umowy mia\u0142a by\u0107 gotowa na wrzesie\u0144 2017 r. Czemu tak p\u00f3\u017ano? Niestety proces projektowy samej ulicy przed\u0142u\u017cy\u0142 si\u0119, zamiast w grudniu 2016 r. by\u0142 gotowy w marcu 2017 r. Pierwotnie nie uwzgl\u0119dniono konieczno\u015bci zaprojektowania \u015bcie\u017cki rowerowej.<\/p>\n<p style=\"text-align: justify;\">Miejskie Przedsi\u0119biorstwo Wodoci\u0105g\u00f3w i Kanalizacji wskazuje, \u017ce termin opracowania dokumentacji projektowej zar\u00f3wno sieci wodoci\u0105gowej jak i kanalizacyjnej dla tej cz\u0119\u015bci Bia\u0142o\u0142\u0119ki jest uzale\u017cniony od daty uzgodnienia projektu odcinka sieci wodoci\u0105gowej w ul. G\u0142\u0119bockiej.<\/p>\n<p>&#8211; Dopiero w\u00f3wczas b\u0119dzie mo\u017cna przyst\u0105pi\u0107 do opracowania kompletnej, uzgodnionej dokumentacji sieci wodoci\u0105gowej i kanalizacyjnej w ul. Siecznej, kt\u00f3ra zostanie nast\u0119pnie przekazana do Urz\u0119du Dzielnicy Bia\u0142o\u0142\u0119ka celem wyst\u0105pienia z wnioskiem o decyzj\u0119 ZRID dla ul. Siecznej. Termin na opracowanie projektu wynosi do 180 dni od daty wydania decyzji dotycz\u0105cej ul. G\u0142\u0119bockiej. W zwi\u0105zku z tym opracowanie dokumentacji sieci wodoci\u0105gowej i kanalizacyjnej w ul. Siecznej planowane jest obecnie na I kwarta\u0142 2018 roku. Maj\u0105c na uwadze powy\u017csze pragn\u0119 zapewni\u0107, \u017ce jednym z priorytet\u00f3w Sp\u00f3\u0142ki jest realizacja inwestycji maj\u0105cych na celu popraw\u0119 komfortu \u017cycia mieszka\u0144c\u00f3w poprzez zapewnianie dost\u0119pu do \u015bwiadczonych przez Sp\u00f3\u0142k\u0119 us\u0142ug \u2013 przekazuje rzecznik prasowy Marzena Wojew\u00f3dzka.<\/p>\n<p><strong>Czy uzgodnienie projektu sieci wodoci\u0105gowej w ul. G\u0142\u0119bockiej zako\u0144czy z\u0142\u0105 pass\u0119 realizacji zadania inwestycyjnego jakim jest budowa ul. Siecznej? Czas poka\u017ce.<\/strong><\/p>\n<p>&nbsp;<\/p>\n<p><em>Danuta Zaleska<br \/>\n<\/em><em>Stowarzyszenie Razem dla Bia\u0142o\u0142\u0119ki<\/em><\/p>\n<p><img loading=\"lazy\" decoding=\"async\" class=\"aligncenter size-full wp-image-3082\" src=\"http:\/\/razemdlabialoleki.waw.pl\/wp-content\/uploads\/2017\/11\/za\u0142\u0105cznik.jpg\" alt=\"\" height=\"629\" width=\"960\" srcset=\"http:\/\/razemdlabialoleki.waw.pl\/wp-content\/uploads\/2017\/11\/za\u0142\u0105cznik.jpg 960w, http:\/\/razemdlabialoleki.waw.pl\/wp-content\/uploads\/2017\/11\/za\u0142\u0105cznik-300x197.jpg 300w, http:\/\/razemdlabialoleki.waw.pl\/wp-content\/uploads\/2017\/11\/za\u0142\u0105cznik-768x503.jpg 768w, http:\/\/razemdlabialoleki.waw.pl\/wp-content\/uploads\/2017\/11\/za\u0142\u0105cznik-110x72.jpg 110w, http:\/\/razemdlabialoleki.waw.pl\/wp-content\/uploads\/2017\/11\/za\u0142\u0105cznik-420x275.jpg 420w, http:\/\/razemdlabialoleki.waw.pl\/wp-content\/uploads\/2017\/11\/za\u0142\u0105cznik-656x430.jpg 656w\" sizes=\"auto, (max-width: 960px) 100vw, 960px\" \/><\/p>\n","protected":false},"excerpt":{"rendered":"<p>Sieczna od 2001 r. widnieje w miejscowym planie zagospodarowania przestrzennego i nie ulega w\u0105tpliwo\u015bci, \u017ce to jedna z niezb\u0119dnych inwestycji na wschodniej Bia\u0142o\u0142\u0119ce. Szacuje si\u0119, \u017ce Lewand\u00f3w jest zamieszkiwany przez ok. 8 tysi\u0119cy mieszka\u0144c\u00f3w (ponad 3 tys. mieszka\u0144 i dom\u00f3w jednorodzinnych) i ich liczba stale ro\u015bnie.<\/p>\n","protected":false},"author":2,"featured_media":3081,"comment_status":"closed","ping_status":"closed","sticky":false,"template":"","format":"standard","meta":{"ngg_post_thumbnail":0,"footnotes":""},"categories":[27],"tags":[],"class_list":["post-3080","post","type-post","status-publish","format-standard","has-post-thumbnail","hentry","category-inwestycje"],"_links":{"self":[{"href":"http:\/\/razemdlabialoleki.waw.pl\/index.php?rest_route=\/wp\/v2\/posts\/3080","targetHints":{"allow":["GET"]}}],"collection":[{"href":"http:\/\/razemdlabialoleki.waw.pl\/index.php?rest_route=\/wp\/v2\/posts"}],"about":[{"href":"http:\/\/razemdlabialoleki.waw.pl\/index.php?rest_route=\/wp\/v2\/types\/post"}],"author":[{"embeddable":true,"href":"http:\/\/razemdlabialoleki.waw.pl\/index.php?rest_route=\/wp\/v2\/users\/2"}],"replies":[{"embeddable":true,"href":"http:\/\/razemdlabialoleki.waw.pl\/index.php?rest_route=%2Fwp%2Fv2%2Fcomments&post=3080"}],"version-history":[{"count":3,"href":"http:\/\/razemdlabialoleki.waw.pl\/index.php?rest_route=\/wp\/v2\/posts\/3080\/revisions"}],"predecessor-version":[{"id":3085,"href":"http:\/\/razemdlabialoleki.waw.pl\/index.php?rest_route=\/wp\/v2\/posts\/3080\/revisions\/3085"}],"wp:featuredmedia":[{"embeddable":true,"href":"http:\/\/razemdlabialoleki.waw.pl\/index.php?rest_route=\/wp\/v2\/media\/3081"}],"wp:attachment":[{"href":"http:\/\/razemdlabialoleki.waw.pl\/index.php?rest_route=%2Fwp%2Fv2%2Fmedia&parent=3080"}],"wp:term":[{"taxonomy":"category","embeddable":true,"href":"http:\/\/razemdlabialoleki.waw.pl\/index.php?rest_route=%2Fwp%2Fv2%2Fcategories&post=3080"},{"taxonomy":"post_tag","embeddable":true,"href":"http:\/\/razemdlabialoleki.waw.pl\/index.php?rest_route=%2Fwp%2Fv2%2Ftags&post=3080"}],"curies":[{"name":"wp","href":"https:\/\/api.w.org\/{rel}","templated":true}]}}