{"id":3066,"date":"2017-11-06T09:30:07","date_gmt":"2017-11-06T09:30:07","guid":{"rendered":"http:\/\/razemdlabialoleki.waw.pl\/?p=3066"},"modified":"2024-01-14T14:40:05","modified_gmt":"2024-01-14T13:40:05","slug":"tramwaj-na-winnice-blisko-coraz-blizej","status":"publish","type":"post","link":"http:\/\/razemdlabialoleki.waw.pl\/?p=3066","title":{"rendered":"Tramwaj na Winnice &#8211; blisko, coraz bli\u017cej..?"},"content":{"rendered":"<p>Trudne pytania o niedoko\u0144czon\u0105 tras\u0119 tramwajow\u0105 w Bia\u0142o\u0142\u0119ce. Ratusz chwali si\u0119 sztandarow\u0105 inwestycj\u0105 ale jednocze\u015bnie nie chce informowa\u0107 o konkretach. Chodzi o zaledwie 800 metrowy odcinek, od Strumykowej do p\u0119tli Winnica, kt\u00f3ry wci\u0105\u017c jest w fazie projektowania. Trudno si\u0119 dziwi\u0107 mieszka\u0144com, kt\u00f3rzy z niecierpliwo\u015bci\u0105 czekaj\u0105 na uko\u0144czenie tej inwestycji. Uwa\u017camy, \u017ce ta priorytetowa inwestycja dla Nowodwor\u00f3w powinna by\u0107 jak najszybciej zrealizowana.<\/p>\n<p>Wi\u0119cej w materiale <a href=\"http:\/\/warszawa.tvp.pl\/34700244\/kiedy-mieszkancy-bialoleki-doczekaja-sie-trasy-tramwajowej\" target=\"_blank\" rel=\"noopener\">Kuriera Warszawskiego<\/a> oraz wypowiedzi radnego <a href=\"https:\/\/www.facebook.com\/wojciech.tumasz\" target=\"_blank\" rel=\"noopener\">Wojciecha Tumasza<\/a>.<\/p>\n<p><a href=\"http:\/\/warszawa.tvp.pl\/34700244\/kiedy-mieszkancy-bialoleki-doczekaja-sie-trasy-tramwajowej\" target=\"_blank\" rel=\"noopener\"><img loading=\"lazy\" decoding=\"async\" class=\"aligncenter size-large wp-image-3067\" src=\"http:\/\/razemdlabialoleki.waw.pl\/wp-content\/uploads\/2017\/11\/Screenshot_1-1024x527.jpg\" alt=\"\" width=\"640\" height=\"329\" srcset=\"http:\/\/razemdlabialoleki.waw.pl\/wp-content\/uploads\/2017\/11\/Screenshot_1-1024x527.jpg 1024w, http:\/\/razemdlabialoleki.waw.pl\/wp-content\/uploads\/2017\/11\/Screenshot_1-300x154.jpg 300w, http:\/\/razemdlabialoleki.waw.pl\/wp-content\/uploads\/2017\/11\/Screenshot_1-768x395.jpg 768w, http:\/\/razemdlabialoleki.waw.pl\/wp-content\/uploads\/2017\/11\/Screenshot_1-110x57.jpg 110w, http:\/\/razemdlabialoleki.waw.pl\/wp-content\/uploads\/2017\/11\/Screenshot_1-420x216.jpg 420w, http:\/\/razemdlabialoleki.waw.pl\/wp-content\/uploads\/2017\/11\/Screenshot_1-770x396.jpg 770w, http:\/\/razemdlabialoleki.waw.pl\/wp-content\/uploads\/2017\/11\/Screenshot_1.jpg 1330w\" sizes=\"auto, (max-width: 640px) 100vw, 640px\" \/><\/a><\/p>\n<p><a href=\"http:\/\/warszawa.tvp.pl\/34700244\/kiedy-mieszkancy-bialoleki-doczekaja-sie-trasy-tramwajowej\" target=\"_blank\" rel=\"noopener\"><img loading=\"lazy\" decoding=\"async\" class=\"aligncenter size-large wp-image-3068\" src=\"http:\/\/razemdlabialoleki.waw.pl\/wp-content\/uploads\/2017\/11\/Screenshot_2-1024x518.jpg\" alt=\"\" width=\"640\" height=\"324\" srcset=\"http:\/\/razemdlabialoleki.waw.pl\/wp-content\/uploads\/2017\/11\/Screenshot_2-1024x518.jpg 1024w, http:\/\/razemdlabialoleki.waw.pl\/wp-content\/uploads\/2017\/11\/Screenshot_2-300x152.jpg 300w, http:\/\/razemdlabialoleki.waw.pl\/wp-content\/uploads\/2017\/11\/Screenshot_2-768x389.jpg 768w, http:\/\/razemdlabialoleki.waw.pl\/wp-content\/uploads\/2017\/11\/Screenshot_2-110x56.jpg 110w, http:\/\/razemdlabialoleki.waw.pl\/wp-content\/uploads\/2017\/11\/Screenshot_2-420x212.jpg 420w, http:\/\/razemdlabialoleki.waw.pl\/wp-content\/uploads\/2017\/11\/Screenshot_2-770x390.jpg 770w, http:\/\/razemdlabialoleki.waw.pl\/wp-content\/uploads\/2017\/11\/Screenshot_2.jpg 1354w\" sizes=\"auto, (max-width: 640px) 100vw, 640px\" \/><\/a><\/p>\n<p><a href=\"http:\/\/warszawa.tvp.pl\/34700244\/kiedy-mieszkancy-bialoleki-doczekaja-sie-trasy-tramwajowej\" target=\"_blank\" rel=\"noopener\"><img loading=\"lazy\" decoding=\"async\" class=\"aligncenter size-large wp-image-3069\" src=\"http:\/\/razemdlabialoleki.waw.pl\/wp-content\/uploads\/2017\/11\/Screenshot_3-1024x522.jpg\" alt=\"\" width=\"640\" height=\"326\" srcset=\"http:\/\/razemdlabialoleki.waw.pl\/wp-content\/uploads\/2017\/11\/Screenshot_3-1024x522.jpg 1024w, http:\/\/razemdlabialoleki.waw.pl\/wp-content\/uploads\/2017\/11\/Screenshot_3-300x153.jpg 300w, http:\/\/razemdlabialoleki.waw.pl\/wp-content\/uploads\/2017\/11\/Screenshot_3-768x391.jpg 768w, http:\/\/razemdlabialoleki.waw.pl\/wp-content\/uploads\/2017\/11\/Screenshot_3-110x56.jpg 110w, http:\/\/razemdlabialoleki.waw.pl\/wp-content\/uploads\/2017\/11\/Screenshot_3-420x214.jpg 420w, http:\/\/razemdlabialoleki.waw.pl\/wp-content\/uploads\/2017\/11\/Screenshot_3-770x392.jpg 770w, http:\/\/razemdlabialoleki.waw.pl\/wp-content\/uploads\/2017\/11\/Screenshot_3.jpg 1345w\" sizes=\"auto, (max-width: 640px) 100vw, 640px\" \/><\/a><\/p>\n<p>&nbsp;<\/p>\n","protected":false},"excerpt":{"rendered":"<p>Trudne pytania o niedoko\u0144czon\u0105 tras\u0119 tramwajow\u0105 w Bia\u0142o\u0142\u0119ce. Ratusz chwali si\u0119 sztandarow\u0105 inwestycj\u0105 ale jednocze\u015bnie nie chce informowa\u0107 o konkretach. Chodzi o zaledwie 800 metrowy odcinek, od Strumykowej do p\u0119tli Winnica, kt\u00f3ry wci\u0105\u017c jest w fazie projektowania. Trudno si\u0119 dziwi\u0107 mieszka\u0144com, kt\u00f3rzy z niecierpliwo\u015bci\u0105 czekaj\u0105 na uko\u0144czenie tej inwestycji. Uwa\u017camy, \u017ce ta priorytetowa inwestycja dla [&hellip;]<\/p>\n","protected":false},"author":1,"featured_media":3067,"comment_status":"closed","ping_status":"closed","sticky":false,"template":"","format":"standard","meta":{"ngg_post_thumbnail":0,"footnotes":""},"categories":[27],"tags":[],"class_list":["post-3066","post","type-post","status-publish","format-standard","has-post-thumbnail","hentry","category-inwestycje"],"_links":{"self":[{"href":"http:\/\/razemdlabialoleki.waw.pl\/index.php?rest_route=\/wp\/v2\/posts\/3066","targetHints":{"allow":["GET"]}}],"collection":[{"href":"http:\/\/razemdlabialoleki.waw.pl\/index.php?rest_route=\/wp\/v2\/posts"}],"about":[{"href":"http:\/\/razemdlabialoleki.waw.pl\/index.php?rest_route=\/wp\/v2\/types\/post"}],"author":[{"embeddable":true,"href":"http:\/\/razemdlabialoleki.waw.pl\/index.php?rest_route=\/wp\/v2\/users\/1"}],"replies":[{"embeddable":true,"href":"http:\/\/razemdlabialoleki.waw.pl\/index.php?rest_route=%2Fwp%2Fv2%2Fcomments&post=3066"}],"version-history":[{"count":2,"href":"http:\/\/razemdlabialoleki.waw.pl\/index.php?rest_route=\/wp\/v2\/posts\/3066\/revisions"}],"predecessor-version":[{"id":3072,"href":"http:\/\/razemdlabialoleki.waw.pl\/index.php?rest_route=\/wp\/v2\/posts\/3066\/revisions\/3072"}],"wp:featuredmedia":[{"embeddable":true,"href":"http:\/\/razemdlabialoleki.waw.pl\/index.php?rest_route=\/wp\/v2\/media\/3067"}],"wp:attachment":[{"href":"http:\/\/razemdlabialoleki.waw.pl\/index.php?rest_route=%2Fwp%2Fv2%2Fmedia&parent=3066"}],"wp:term":[{"taxonomy":"category","embeddable":true,"href":"http:\/\/razemdlabialoleki.waw.pl\/index.php?rest_route=%2Fwp%2Fv2%2Fcategories&post=3066"},{"taxonomy":"post_tag","embeddable":true,"href":"http:\/\/razemdlabialoleki.waw.pl\/index.php?rest_route=%2Fwp%2Fv2%2Ftags&post=3066"}],"curies":[{"name":"wp","href":"https:\/\/api.w.org\/{rel}","templated":true}]}}