{"id":3063,"date":"2017-11-05T18:37:11","date_gmt":"2017-11-05T18:37:11","guid":{"rendered":"http:\/\/razemdlabialoleki.waw.pl\/?p=3063"},"modified":"2024-01-14T14:40:17","modified_gmt":"2024-01-14T13:40:17","slug":"dziekujemy-pieknieja-zabytkowe-nagrobki","status":"publish","type":"post","link":"http:\/\/razemdlabialoleki.waw.pl\/?p=3063","title":{"rendered":"Dzi\u0119kujemy! Pi\u0119kniej\u0105 zabytkowe nagrobki"},"content":{"rendered":"<div class=\"article\">\n<p class=\"par\" style=\"text-align: justify;\"><strong>Dzi\u0119ki hojnym datkom mieszka\u0144c\u00f3w Bia\u0142o\u0142\u0119ki pi\u0119kniej\u0105 zabytkowe nagrobki na cmentarzu przy ulicy Mehoffera.<\/strong><\/p>\n<p>Pozyskane fundusze z dw\u00f3ch pierwszych kwest pozwoli\u0142y na przeprowadzenie renowacji nagrobka W\u0142adys\u0142awa Piaskiewicza, \u017co\u0142nierza Armii Hallera oraz nagrobka Zdzis\u0142awa Unruha. W\u0142a\u015bnie dobiega ko\u0144ca konserwacja pomnika Barbary Engelhardt z 1865 roku. Trwaj\u0105 te\u017c prace maj\u0105ce na celu przywr\u00f3cenie pierwotnego wygl\u0105du bia\u0142o\u0142\u0119ckiej Bia\u0142ej Damy, czyli Krychy. Ze \u015brodk\u00f3w Fundacji Ave odnowiono pomnik Josepha Labeya, za\u0142o\u017cyciela tarchomi\u0144skich winnic.<\/p>\n<p class=\"par\" style=\"text-align: justify;\"><span class=\"blockquote right\">Dzi\u0119ki Pa\u0144stwa wsparciu i hojno\u015bci uda\u0142o nam si\u0119 zebra\u0107 ponad 12 tys. z\u0142. <\/span>Sukces dotychczasowych zbi\u00f3rek na rzecz ratowania najcenniejszych nagrobk\u00f3w sk\u0142oni\u0142 nasze stowarzyszenie do organizacji kolejnej edycji kwesty. W tym roku brali w niej udzia\u0142 wolontariusze ze <strong>Stowarzyszenia Razem dla Bia\u0142o\u0142\u0119ki, Fundacji Ave, UKS Dziki Tarchomin, uczniowie ze Szko\u0142y Podstawowej nr 344 im. Powstania Warszawskiego w Warszawie, harcerze z 64 WDH &#8220;Skaut&#8221; i 64 WWDH &#8220;Fregata&#8221; oraz mieszka\u0144cy Bia\u0142o\u0142\u0119ki<\/strong>. Dzi\u0119kujemy za ogromne zaanga\u017cowanie pomimo wyj\u0105tkowo niesprzyjaj\u0105cych warunk\u00f3w atmosferycznych, szczeg\u00f3lnie w weekend. Mimo tych niekorzystnych okoliczno\u015bci dzi\u0119ki Pa\u0144stwa wsparciu i hojno\u015bci uda\u0142o nam si\u0119 zebra\u0107 a\u017c 12.795,28 z\u0142.<\/p>\n<p class=\"par\" style=\"text-align: justify;\">Liczymy, \u017ce uda si\u0119 ocali\u0107 kolejne obiekty. A s\u0105 one wa\u017cnymi \u015bwiadkami historii. Mogli\u015bcie si\u0119 o tym Pa\u0144stwo przekona\u0107 (r\u00f3wnie\u017c ci najm\u0142odsi) podczas wieczornych spacer\u00f3w historycznych prowadzonych przez Bartka W\u0142odkowskiego, varsavianisty, popularyzatora historii Bia\u0142o\u0142\u0119ki. Ponad stu uczestnik\u00f3w spaceru, kt\u00f3ry wsp\u00f3lnie zorganizowali\u015bmy 1 listopada, jest najlepsz\u0105 rekomendacj\u0105 dla naszych dzia\u0142a\u0144 i \u015bwiadczy o tym, \u017ce ro\u015bnie w\u015br\u00f3d mieszka\u0144c\u00f3w Bia\u0142o\u0142\u0119ki potrzeba wiedzy o historii dzielnicy, miejsca w kt\u00f3rym na co dzie\u0144 \u017cyjemy. Dzi\u0119kujemy i zapraszamy na kolejn\u0105 edycj\u0119 zbi\u00f3rki ju\u017c za rok.<\/p>\n<p class=\"autor\" style=\"text-align: justify;\"><b>Jan Mackiewicz<br \/>\nprezes stowarzyszenia Razem dla Bia\u0142o\u0142\u0119ki<\/b><\/p>\n<\/div>\n","protected":false},"excerpt":{"rendered":"<p>Dzi\u0119ki hojnym datkom mieszka\u0144c\u00f3w Bia\u0142o\u0142\u0119ki pi\u0119kniej\u0105 zabytkowe nagrobki na cmentarzu przy ulicy Mehoffera. Pozyskane fundusze z dw\u00f3ch pierwszych kwest pozwoli\u0142y na przeprowadzenie renowacji nagrobka W\u0142adys\u0142awa Piaskiewicza, \u017co\u0142nierza Armii Hallera oraz nagrobka Zdzis\u0142awa Unruha. W\u0142a\u015bnie dobiega ko\u0144ca konserwacja pomnika Barbary Engelhardt z 1865 roku. Trwaj\u0105 te\u017c prace maj\u0105ce na celu przywr\u00f3cenie pierwotnego wygl\u0105du bia\u0142o\u0142\u0119ckiej Bia\u0142ej Damy, [&hellip;]<\/p>\n","protected":false},"author":2,"featured_media":2675,"comment_status":"closed","ping_status":"closed","sticky":false,"template":"","format":"standard","meta":{"ngg_post_thumbnail":0,"footnotes":""},"categories":[10,53],"tags":[],"class_list":["post-3063","post","type-post","status-publish","format-standard","has-post-thumbnail","hentry","category-akcja-spoleczna","category-zabytki"],"_links":{"self":[{"href":"http:\/\/razemdlabialoleki.waw.pl\/index.php?rest_route=\/wp\/v2\/posts\/3063","targetHints":{"allow":["GET"]}}],"collection":[{"href":"http:\/\/razemdlabialoleki.waw.pl\/index.php?rest_route=\/wp\/v2\/posts"}],"about":[{"href":"http:\/\/razemdlabialoleki.waw.pl\/index.php?rest_route=\/wp\/v2\/types\/post"}],"author":[{"embeddable":true,"href":"http:\/\/razemdlabialoleki.waw.pl\/index.php?rest_route=\/wp\/v2\/users\/2"}],"replies":[{"embeddable":true,"href":"http:\/\/razemdlabialoleki.waw.pl\/index.php?rest_route=%2Fwp%2Fv2%2Fcomments&post=3063"}],"version-history":[{"count":2,"href":"http:\/\/razemdlabialoleki.waw.pl\/index.php?rest_route=\/wp\/v2\/posts\/3063\/revisions"}],"predecessor-version":[{"id":3065,"href":"http:\/\/razemdlabialoleki.waw.pl\/index.php?rest_route=\/wp\/v2\/posts\/3063\/revisions\/3065"}],"wp:featuredmedia":[{"embeddable":true,"href":"http:\/\/razemdlabialoleki.waw.pl\/index.php?rest_route=\/wp\/v2\/media\/2675"}],"wp:attachment":[{"href":"http:\/\/razemdlabialoleki.waw.pl\/index.php?rest_route=%2Fwp%2Fv2%2Fmedia&parent=3063"}],"wp:term":[{"taxonomy":"category","embeddable":true,"href":"http:\/\/razemdlabialoleki.waw.pl\/index.php?rest_route=%2Fwp%2Fv2%2Fcategories&post=3063"},{"taxonomy":"post_tag","embeddable":true,"href":"http:\/\/razemdlabialoleki.waw.pl\/index.php?rest_route=%2Fwp%2Fv2%2Ftags&post=3063"}],"curies":[{"name":"wp","href":"https:\/\/api.w.org\/{rel}","templated":true}]}}